{"id":447222,"date":"2025-10-08T10:22:25","date_gmt":"2025-10-08T10:22:25","guid":{"rendered":"https:\/\/www.europesays.com\/fr\/447222\/"},"modified":"2025-10-08T10:22:25","modified_gmt":"2025-10-08T10:22:25","slug":"aide-regionale-a-lapprentissage-pour-les-1re-annee-pour-qui-pour-quoi-quand-comment","status":"publish","type":"post","link":"https:\/\/www.europesays.com\/fr\/447222\/","title":{"rendered":"Aide r\u00e9gionale \u00e0 l&rsquo;apprentissage pour les 1re ann\u00e9e : pour qui\u00a0? pour quoi\u00a0? quand\u00a0? comment\u00a0?"},"content":{"rendered":"<p>    L\u2019Aide r\u00e9gionale \u00e0 l\u2019apprentissage pour quoi\u00a0?<\/p>\n<p>L\u2019Aide r\u00e9gionale \u00e0 l\u2019apprentissage est une prime qui, selon le niveau d&rsquo;\u00e9tudes, peut aller <strong>jusqu&rsquo;\u00e0 200\u00a0euros.<\/strong><\/p>\n<p>Elle permet de couvrir les d\u00e9penses li\u00e9es \u00e0 leurs \u00e9tudes :<\/p>\n<ul>\n<li>Livres,<\/li>\n<li>Fournitures,<\/li>\n<li>Documentation professionnelle,<\/li>\n<li>Frais de transport,<\/li>\n<li>H\u00e9bergement,<\/li>\n<li>Restauration\u2026<\/li>\n<\/ul>\n<p>Pour qui\u00a0?<\/p>\n<p>L\u2019Aide r\u00e9gionale \u00e0 l\u2019apprentissage s\u2019adresse aux <strong>Franciliens :\u00a0<\/strong><\/p>\n<ul>\n<li><strong>Inscrits en 1re ann\u00e9e d\u2019une formation en apprentissage<\/strong> dans un organisme de formation situ\u00e9 en \u00cele-de-France,<\/li>\n<li><strong>Suivant de fa\u00e7on assidue une formation de niveau 3<\/strong> (CAP), <strong>de niveau 4<\/strong> (bac) <strong>ou de niveau 5<\/strong> (BTS),<\/li>\n<li><strong>Ayant un<\/strong> <strong>contrat d\u2019apprentissage en cours de validit\u00e9,<\/strong><\/li>\n<li><strong>N&rsquo;ayant pas d\u00e9j\u00e0 b\u00e9n\u00e9fici\u00e9 de cette aide.<\/strong><\/li>\n<\/ul>\n<p>De quel montant\u00a0?<\/p>\n<p>Le montant de l\u2019Aide r\u00e9gionale \u00e0 l\u2019apprentissage <strong>d\u00e9pend du niveau d\u2019\u00e9tudes :<\/strong><\/p>\n<ul>\n<li><strong>200\u00a0euros<\/strong> pour les apprentis en 1re ann\u00e9e de niveau 3 (CAP) et 4 (bac),<\/li>\n<li><strong>115 euros<\/strong> pour les apprentis en 1re ann\u00e9e de niveau 5 (BTS).<\/li>\n<\/ul>\n<p>Comment en b\u00e9n\u00e9ficier\u00a0?<\/p>\n<p><strong>Ce sont les organismes\u00a0de formation qui doivent demander l&rsquo;Aide r\u00e9gionale \u00e0 l\u2019apprentissage (et non les apprentis eux-m\u00eames).<\/strong><\/p>\n<p><strong>Ils doivent d\u00e9poser une demande pour les apprentis \u00e9ligibles <\/strong><a href=\"https:\/\/mesdemarches.iledefrance.fr\/\" target=\"_blank\" rel=\"nofollow noopener\"><strong>sur la plateforme des aides r\u00e9gionales mesdemarches.iledefrance.fr (mot cl\u00e9 : \u00ab\u00a0apprentissage\u00a0\u00bb)<\/strong><\/a><strong>.<\/strong><\/p>\n<p>Une fois cette demande effectu\u00e9e, <strong>l&rsquo;apprenti re\u00e7oit ult\u00e9rieurement un virement unique,<\/strong> compl\u00e9mentaire \u00e0 sa r\u00e9mun\u00e9ration dans le cadre de son contrat d&rsquo;apprentissage.<\/p>\n<p><strong>Quand faire la demande<\/strong>\u00a0<strong>?<\/strong><\/p>\n<p>Les demandes sont \u00e0 effectuer \u00e0 3\u00a0moments de l&rsquo;ann\u00e9e scolaire possibles : aux environs de f\u00e9vrier, mai et septembre.<\/p>\n","protected":false},"excerpt":{"rendered":"L\u2019Aide r\u00e9gionale \u00e0 l\u2019apprentissage pour quoi\u00a0? L\u2019Aide r\u00e9gionale \u00e0 l\u2019apprentissage est une prime qui, selon le niveau d&rsquo;\u00e9tudes,&hellip;\n","protected":false},"author":2,"featured_media":447223,"comment_status":"","ping_status":"","sticky":false,"template":"","format":"standard","meta":{"footnotes":""},"categories":[1592],"tags":[1111,11,1777,674,1011,27,662,12,626,25],"class_list":{"0":"post-447222","1":"post","2":"type-post","3":"status-publish","4":"format-standard","5":"has-post-thumbnail","7":"category-ile-de-france","8":"tag-actu","9":"tag-actualites","10":"tag-eu","11":"tag-europe","12":"tag-fr","13":"tag-france","14":"tag-ile-de-france","15":"tag-news","16":"tag-paris","17":"tag-republique-francaise"},"share_on_mastodon":{"url":"https:\/\/pubeurope.com\/@fr\/115338054413378564","error":""},"_links":{"self":[{"href":"https:\/\/www.europesays.com\/fr\/wp-json\/wp\/v2\/posts\/447222","targetHints":{"allow":["GET"]}}],"collection":[{"href":"https:\/\/www.europesays.com\/fr\/wp-json\/wp\/v2\/posts"}],"about":[{"href":"https:\/\/www.europesays.com\/fr\/wp-json\/wp\/v2\/types\/post"}],"author":[{"embeddable":true,"href":"https:\/\/www.europesays.com\/fr\/wp-json\/wp\/v2\/users\/2"}],"replies":[{"embeddable":true,"href":"https:\/\/www.europesays.com\/fr\/wp-json\/wp\/v2\/comments?post=447222"}],"version-history":[{"count":0,"href":"https:\/\/www.europesays.com\/fr\/wp-json\/wp\/v2\/posts\/447222\/revisions"}],"wp:featuredmedia":[{"embeddable":true,"href":"https:\/\/www.europesays.com\/fr\/wp-json\/wp\/v2\/media\/447223"}],"wp:attachment":[{"href":"https:\/\/www.europesays.com\/fr\/wp-json\/wp\/v2\/media?parent=447222"}],"wp:term":[{"taxonomy":"category","embeddable":true,"href":"https:\/\/www.europesays.com\/fr\/wp-json\/wp\/v2\/categories?post=447222"},{"taxonomy":"post_tag","embeddable":true,"href":"https:\/\/www.europesays.com\/fr\/wp-json\/wp\/v2\/tags?post=447222"}],"curies":[{"name":"wp","href":"https:\/\/api.w.org\/{rel}","templated":true}]}}