{"id":447226,"date":"2025-10-08T10:24:16","date_gmt":"2025-10-08T10:24:16","guid":{"rendered":"https:\/\/www.europesays.com\/fr\/447226\/"},"modified":"2025-10-08T10:24:16","modified_gmt":"2025-10-08T10:24:16","slug":"ivre-et-blesse-pres-de-lassemblee-nationale-un-senateur-menotte-et-place-en-degrisement","status":"publish","type":"post","link":"https:\/\/www.europesays.com\/fr\/447226\/","title":{"rendered":"ivre et bless\u00e9 pr\u00e8s de l&rsquo;Assembl\u00e9e Nationale, un s\u00e9nateur menott\u00e9 et plac\u00e9 en d\u00e9grisement"},"content":{"rendered":"<p>            Par<br \/>\n        <strong><br \/>\n            <a href=\"https:\/\/actu.fr\/auteur\/antoine-blanchet\" title=\"Consulter tous les articles de Antoine Blanchet\" target=\"_blank\" rel=\"noopener\">Antoine Blanchet<\/a><br \/>\n        <\/strong><\/p>\n<p>        Publi\u00e9 le<\/p>\n<p>            8 oct. 2025 \u00e0 11h58        <\/p>\n<p>Very bad trip parlementaire. Ce mercredi 8\u00a0octobre 2025,<strong> Philippe Mouiller<\/strong>, s\u00e9nateur des <a href=\"https:\/\/actu.fr\/nouvelle-aquitaine\/deux-sevres_79\" target=\"_blank\" rel=\"noopener\">Deux-S\u00e8vres<\/a> (LR), a \u00e9t\u00e9 retrouv\u00e9 en \u00e9tat d\u2019ivresse bien avanc\u00e9 dans la rue \u00e0 <a href=\"https:\/\/actu.fr\/paris\/\" target=\"_blank\" rel=\"noopener\">Paris<\/a>, nous indique le parquet confirmant une information de <a href=\"https:\/\/www.parismatch.com\/actu\/politique\/info-match-philippe-mouiller-senateur-lr-retrouve-ivre-dans-la-rue-et-menotte-avoir-ete-agressif-avec-les-secours-258262\" target=\"_blank\" rel=\"noopener\">Paris Match<\/a>. Bless\u00e9 et virulent avec les forces de l\u2019ordre, l\u2019\u00e9lu<strong> a \u00e9t\u00e9 menott\u00e9<\/strong> et plac\u00e9 en cellule de d\u00e9grisement.<\/p>\n<p>Altercation avec la police<\/p>\n<p class=\" wall-content\">C\u2019est lors d\u2019une patrouille vers 7\u00a0heures du matin que les policiers ont d\u00e9couvert le s\u00e9nateur de 56\u00a0ans inanim\u00e9 sur le boulevard Saint-Germain, indiquent nos confr\u00e8res du <a href=\"https:\/\/www.leparisien.fr\/paris-75\/retrouve-alcoolise-et-blesse-dans-paris-le-senateur-lr-jean-mouiller-agressif-avec-les-secours-08-10-2025-IEP5YE5I7FBNHDD2OX5NPLCJCM.php\" target=\"_blank\" rel=\"noopener\">Parisien<\/a>. Selon le parquet, il pr\u00e9sentait des signes d\u2019ivresse et des contusions au niveau du visage.<\/p>\n<p class=\" wall-content\">Les pompiers se rendent alors sur place pour prendre en charge le parlementaire et l\u2019emmener \u00e0 l\u2019h\u00f4pital. Mais alcoolis\u00e9, Philippe Mouiller se serait alors montr\u00e9 virulent avec les policiers. L\u2019altercation n\u2019a pas \u00e9t\u00e9 du go\u00fbt des agents, puisque le s\u00e9nateur s\u2019est retrouv\u00e9 menott\u00e9. Hospitalis\u00e9 dans un premier temps, il a ensuite \u00e9t\u00e9 plac\u00e9 <strong>en cellule de d\u00e9grisement.<\/strong><\/p>\n<p class=\" wall-content\">\u00ab\u2009Il n\u2019a pas encore pu \u00eatre entendu dans les formes de l\u2019audition de victime sur les circonstances qui l\u2019auraient conduit \u00e0 cette situation\u2009\u00bb, nous pr\u00e9cise le parquet.<\/p>\n<p class=\" wall-content\">Personnalisez votre actualit\u00e9 en ajoutant vos villes et m\u00e9dias en favori avec <a href=\"https:\/\/moncompte.actu.fr\" title=\"D\u00e9couvez Mon Actu\" rel=\"nofollow noopener\" data-trk=\"{&quot;cta&quot;:{&quot;action&quot;:&quot;https:\\\/\\\/moncompte.actu.fr&quot;,&quot;category&quot;:&quot;mon compte&quot;,&quot;from&quot;:&quot;article footer&quot;,&quot;name&quot;:&quot;Mon actu&quot;,&quot;type&quot;:&quot;cta&quot;}}\" target=\"_blank\">Mon Actu<\/a>.<\/p>\n","protected":false},"excerpt":{"rendered":"Par Antoine Blanchet Publi\u00e9 le 8 oct. 2025 \u00e0 11h58 Very bad trip parlementaire. Ce mercredi 8\u00a0octobre 2025,&hellip;\n","protected":false},"author":2,"featured_media":447227,"comment_status":"","ping_status":"","sticky":false,"template":"","format":"standard","meta":{"footnotes":""},"categories":[1888],"tags":[1111,1928,11,1927,1777,674,118,1011,27,12,1926,626,1925,1072,25,1004],"class_list":{"0":"post-447226","1":"post","2":"type-post","3":"status-publish","4":"format-standard","5":"has-post-thumbnail","7":"category-paris","8":"tag-actu","9":"tag-actu-paris","10":"tag-actualites","11":"tag-actualites-paris","12":"tag-eu","13":"tag-europe","14":"tag-faits-divers","15":"tag-fr","16":"tag-france","17":"tag-news","18":"tag-news-paris","19":"tag-paris","20":"tag-paris-news","21":"tag-police","22":"tag-republique-francaise","23":"tag-senat"},"share_on_mastodon":{"url":"https:\/\/pubeurope.com\/@fr\/115338062334076674","error":""},"_links":{"self":[{"href":"https:\/\/www.europesays.com\/fr\/wp-json\/wp\/v2\/posts\/447226","targetHints":{"allow":["GET"]}}],"collection":[{"href":"https:\/\/www.europesays.com\/fr\/wp-json\/wp\/v2\/posts"}],"about":[{"href":"https:\/\/www.europesays.com\/fr\/wp-json\/wp\/v2\/types\/post"}],"author":[{"embeddable":true,"href":"https:\/\/www.europesays.com\/fr\/wp-json\/wp\/v2\/users\/2"}],"replies":[{"embeddable":true,"href":"https:\/\/www.europesays.com\/fr\/wp-json\/wp\/v2\/comments?post=447226"}],"version-history":[{"count":0,"href":"https:\/\/www.europesays.com\/fr\/wp-json\/wp\/v2\/posts\/447226\/revisions"}],"wp:featuredmedia":[{"embeddable":true,"href":"https:\/\/www.europesays.com\/fr\/wp-json\/wp\/v2\/media\/447227"}],"wp:attachment":[{"href":"https:\/\/www.europesays.com\/fr\/wp-json\/wp\/v2\/media?parent=447226"}],"wp:term":[{"taxonomy":"category","embeddable":true,"href":"https:\/\/www.europesays.com\/fr\/wp-json\/wp\/v2\/categories?post=447226"},{"taxonomy":"post_tag","embeddable":true,"href":"https:\/\/www.europesays.com\/fr\/wp-json\/wp\/v2\/tags?post=447226"}],"curies":[{"name":"wp","href":"https:\/\/api.w.org\/{rel}","templated":true}]}}