{"id":447228,"date":"2025-10-08T10:25:13","date_gmt":"2025-10-08T10:25:13","guid":{"rendered":"https:\/\/www.europesays.com\/fr\/447228\/"},"modified":"2025-10-08T10:25:13","modified_gmt":"2025-10-08T10:25:13","slug":"paris-previsions-meteo-du-mercredi-08-octobre-2025","status":"publish","type":"post","link":"https:\/\/www.europesays.com\/fr\/447228\/","title":{"rendered":"Paris : pr\u00e9visions m\u00e9t\u00e9o du mercredi 08 octobre 2025"},"content":{"rendered":"<p>\u00c0 Paris, la journ\u00e9e du mercredi 08 octobre 2025 sera ensoleill\u00e9e avec un ciel d\u00e9gag\u00e9 et des temp\u00e9ratures stables autour de 21\u00b0C. Un vent l\u00e9ger d\u2019est-sud-est accompagnera ce temps doux et agr\u00e9able.<\/p>\n<p>Paris se r\u00e9veille ce mercredi 8 octobre 2025 sous un ciel uniform\u00e9ment bleu. Aucun nuage ni goutte \u00e0 l\u2019horizon pour la journ\u00e9e : les parapluies peuvent donc rester au placard. Voici le bulletin d\u00e9taill\u00e9, fond\u00e9 exclusivement sur les relev\u00e9s officiels.<\/p>\n<p>Matin : douceur automnale d\u00e8s le lever du soleil \u00e0 08 h 00<\/p>\n<p>\u00c0 06 h, la station parisienne indique un <b>ciel totalement d\u00e9gag\u00e9<\/b> et une temp\u00e9rature d\u00e9j\u00e0 agr\u00e9able de <b>21 \u00b0C<\/b>. Le ressenti, temp\u00e9r\u00e9 par une humidit\u00e9 mod\u00e9r\u00e9e de 66 %, se situe \u00e0 17 \u00b0C.<\/p>\n<p>Une brise d\u2019<b>est-sud-est \u00e0 11 km\/h<\/b> apporte une agr\u00e9able ventilation. La pression atteint 1 023 hPa, gage d\u2019une atmosph\u00e8re parfaitement stable. La probabilit\u00e9 de pluie est nulle\u202f: le soleil accompagnera donc les trajets matinaux.<\/p>\n<ul>\n<li>Temp\u00e9rature minimale du jour\u202f: <b>13 \u00b0C<\/b> \u00e0 l\u2019aube.<\/li>\n<li>Visibilit\u00e9 excellente, aucun brouillard signal\u00e9.<\/li>\n<li>Indice UV faible en d\u00e9but de journ\u00e9e, mais les lunettes restent conseill\u00e9es.<\/li>\n<\/ul>\n<p>Apr\u00e8s-midi : plein soleil, mercure stable<\/p>\n<p>\u00c0 midi, la situation demeure inchang\u00e9e\u202f: ciel bleu uniforme, <b>21 \u00b0C<\/b> au thermom\u00e8tre, et toujours 17 \u00b0C en ressenti. L\u2019humidit\u00e9 reste fix\u00e9e \u00e0 66 %, limitant toute sensation de lourdeur malgr\u00e9 l\u2019ensoleillement constant.<\/p>\n<p>Le vent, toujours orient\u00e9 est-sud-est, se maintient \u00e0 11 km\/h. Les rafales, inf\u00e9rieures \u00e0 40 km\/h, restent anecdotiques. Sans nuages pour att\u00e9nuer les rayons, chaque fa\u00e7ade profite de la chaleur\u202f: il est donc recommand\u00e9 de bien s\u2019hydrater et de privil\u00e9gier les pauses \u00e0 l\u2019ombre.<\/p>\n<p>Pour suivre l\u2019\u00e9volution heure par heure, consultez <a href=\"https:\/\/www.meteocity.com\/france\/paris-v2988507\" rel=\"nofollow noopener\" target=\"_blank\">notre page m\u00e9t\u00e9o du jour<\/a>.<\/p>\n<p>Soir\u00e9e : lumi\u00e8re dor\u00e9e avant un coucher \u00e0 19 h 15<\/p>\n<p>\u00c0 18 h, la m\u00e9t\u00e9o demeure stable\u202f: <b>21 \u00b0C<\/b>, ciel clair, vent discret de 11 km\/h. L\u2019atmosph\u00e8re, toujours s\u00e8che, invitera \u00e0 une promenade le long de la Seine avant la tomb\u00e9e de la nuit.<\/p>\n<p>Le soleil dispara\u00eetra derri\u00e8re l\u2019horizon \u00e0 19 h 15, promettant un cr\u00e9puscule flamboyant. La temp\u00e9rature baissera ensuite vers 15 \u00b0C en premi\u00e8re partie de nuit, sans aucun risque de pluie. Les restaurants en terrasse pourront ainsi prolonger leur service en toute s\u00e9r\u00e9nit\u00e9.<\/p>\n<ul>\n<li>Aucune alerte pollution\u202f: qualit\u00e9 de l\u2019air ind\u00e9finie, sans indicateur n\u00e9gatif.<\/li>\n<li>Pas de g\u00eane pour les transports, visibilit\u00e9 excellente sur le p\u00e9riph\u00e9rique.<\/li>\n<\/ul>\n<p>Tendance pour demain : conditions quasi identiques<\/p>\n<p>Le jeudi 9 octobre s\u2019annonce tout aussi lumineux. Les mod\u00e8les num\u00e9riques pr\u00e9voient un <b>minimum de 12 \u00b0C<\/b> avant l\u2019aurore, suivi d\u2019un <b>maximum de 20 \u00b0C<\/b> sous un ciel toujours d\u00e9gag\u00e9.<\/p>\n<p>Le vent basculera l\u00e9g\u00e8rement au nord-nord-est, autour de 13 km\/h, tandis que la pression s\u2019\u00e9l\u00e8vera \u00e0 1 027 hPa. La probabilit\u00e9 de pluie reste nulle, t\u00e9moignant d\u2019une haute pression persistante sur l\u2019\u00cele-de-France.<\/p>\n<p>Cons\u00e9quences concr\u00e8tes\u202f: chauffage domestique encore inutile pendant la journ\u00e9e, \u00e9conomies d\u2019\u00e9nergie en perspective\u202f; excellente fen\u00eatre pour les chantiers ext\u00e9rieurs, aucun retard m\u00e9t\u00e9o attendu. On continuera toutefois de se prot\u00e9ger du soleil, m\u00eame en octobre.<\/p>\n<p>Envie de profiter de ce temps id\u00e9al\u202f? Les monuments, parcs et berges n\u2019attendent que vous. Bonne journ\u00e9e sous le soleil parisien\u202f!<\/p>\n","protected":false},"excerpt":{"rendered":"\u00c0 Paris, la journ\u00e9e du mercredi 08 octobre 2025 sera ensoleill\u00e9e avec un ciel d\u00e9gag\u00e9 et des temp\u00e9ratures&hellip;\n","protected":false},"author":2,"featured_media":447229,"comment_status":"","ping_status":"","sticky":false,"template":"","format":"standard","meta":{"footnotes":""},"categories":[1888],"tags":[1111,1928,11,1927,1777,674,1011,27,12,1926,626,1925,25],"class_list":{"0":"post-447228","1":"post","2":"type-post","3":"status-publish","4":"format-standard","5":"has-post-thumbnail","7":"category-paris","8":"tag-actu","9":"tag-actu-paris","10":"tag-actualites","11":"tag-actualites-paris","12":"tag-eu","13":"tag-europe","14":"tag-fr","15":"tag-france","16":"tag-news","17":"tag-news-paris","18":"tag-paris","19":"tag-paris-news","20":"tag-republique-francaise"},"share_on_mastodon":{"url":"https:\/\/pubeurope.com\/@fr\/115338066381069978","error":""},"_links":{"self":[{"href":"https:\/\/www.europesays.com\/fr\/wp-json\/wp\/v2\/posts\/447228","targetHints":{"allow":["GET"]}}],"collection":[{"href":"https:\/\/www.europesays.com\/fr\/wp-json\/wp\/v2\/posts"}],"about":[{"href":"https:\/\/www.europesays.com\/fr\/wp-json\/wp\/v2\/types\/post"}],"author":[{"embeddable":true,"href":"https:\/\/www.europesays.com\/fr\/wp-json\/wp\/v2\/users\/2"}],"replies":[{"embeddable":true,"href":"https:\/\/www.europesays.com\/fr\/wp-json\/wp\/v2\/comments?post=447228"}],"version-history":[{"count":0,"href":"https:\/\/www.europesays.com\/fr\/wp-json\/wp\/v2\/posts\/447228\/revisions"}],"wp:featuredmedia":[{"embeddable":true,"href":"https:\/\/www.europesays.com\/fr\/wp-json\/wp\/v2\/media\/447229"}],"wp:attachment":[{"href":"https:\/\/www.europesays.com\/fr\/wp-json\/wp\/v2\/media?parent=447228"}],"wp:term":[{"taxonomy":"category","embeddable":true,"href":"https:\/\/www.europesays.com\/fr\/wp-json\/wp\/v2\/categories?post=447228"},{"taxonomy":"post_tag","embeddable":true,"href":"https:\/\/www.europesays.com\/fr\/wp-json\/wp\/v2\/tags?post=447228"}],"curies":[{"name":"wp","href":"https:\/\/api.w.org\/{rel}","templated":true}]}}