{"id":447265,"date":"2025-10-08T10:46:10","date_gmt":"2025-10-08T10:46:10","guid":{"rendered":"https:\/\/www.europesays.com\/fr\/447265\/"},"modified":"2025-10-08T10:46:10","modified_gmt":"2025-10-08T10:46:10","slug":"olmeta-raconte-ce-moment-chaud-jai-failli-lui-mettre-dans-la-gueule","status":"publish","type":"post","link":"https:\/\/www.europesays.com\/fr\/447265\/","title":{"rendered":"Olmeta raconte ce moment chaud, \u00ab\u00a0j\u2019ai failli lui mettre dans la gueule\u00a0\u00bb"},"content":{"rendered":"<p><strong>Dans l\u2019\u00e9mission Rothen S\u2019enflamme diffus\u00e9e sur RMC, l\u2019ancien gardien de l\u2019OM, Pascal Olmeta, est longuement revenu sur la saison 1992-1993, celle du sacre en Ligue des champions. Sans d\u00e9tour, il a \u00e9voqu\u00e9 son r\u00f4le, sa relation avec Fabien Barthez et ses \u00e9changes parfois tendus avec Bernard Tapie, tout en rappelant la blessure qui a chang\u00e9 le cours de sa fin de saison.<\/strong><\/p>\n<p>\u00a0<\/p>\n<p>Olmeta a d\u2019abord \u00e9cart\u00e9 toute rancune vis-\u00e0-vis de Barthez : \u00ab Aucune frustration, parce que Fabien Barthez reste et restera toujours mon ami \u00bb. Il a insist\u00e9 sur la qualit\u00e9 humaine du jeune gardien arriv\u00e9 \u00e0 Marseille et sur l\u2019absence de rivalit\u00e9 ressentie lors de son int\u00e9gration : \u00ab Arriver, prendre ma place, non. On \u00e9tait surpris par ce jeune. C\u2019\u00e9tait un gardien disjonct\u00e9, sans se poser de questions \u00bb. Selon Olmeta, le staff \u2014 et notamment Jean Castaneda, alors entra\u00eeneur des gardiens \u2014 a rapidement per\u00e7u le potentiel de Barthez : \u00ab Il faut savoir reconna\u00eetre qu\u2019il y a plus fort \u00bb.<\/p>\n<p>\u00a0<\/p>\n<p>A lire :\u00a0<a href=\"https:\/\/www.footballclubdemarseille.fr\/om-actualites\/mercato-om-rabiot-lache-une-forme-de-trahison-quelque-part.html\" target=\"_blank\" rel=\"noopener nofollow\">Mercato OM : Rabiot, l\u00e2che, \u201cune forme de trahison quelque part\u201d !<\/a><\/p>\n<p>J\u2019ai eu \u00e0 dire \u00e0 Bdernard Tapie ce que je pensais. Je n\u2019ai pas mis les gants<\/p>\n<p>\u00a0<\/p>\n<blockquote class=\"twitter-tweet-lazy\">\n<p dir=\"ltr\" lang=\"fr\">\ud83d\udde3\ufe0f Pascal Olmeta sur Bernard Tapie et l\u2019OM : \u201cSi j\u2019avais vu les tricheries, \u00e7a ne se serait pas pass\u00e9 ! Un jour de demi-finale de Coupe de France au V\u00e9lodrome, je jouais pour Paris et on m\u2019a approch\u00e9.\u201d <a href=\"https:\/\/twitter.com\/hashtag\/RMCLive?src=hash&amp;ref_src=twsrc%5Etfw\" rel=\"nofollow noopener\" target=\"_blank\">#RMCLive<\/a> <a href=\"https:\/\/t.co\/kzSLP8ANGY\" rel=\"nofollow\">pic.twitter.com\/kzSLP8ANGY<\/a><\/p>\n<p>\u2014 Rothen s\u2019enflamme (@Rothensenflamme) <a href=\"https:\/\/twitter.com\/Rothensenflamme\/status\/1975616493296431196?ref_src=twsrc%5Etfw\" rel=\"nofollow noopener\" target=\"_blank\">October 7, 2025<\/a><\/p>\n<\/blockquote>\n<p>\u00a0<\/p>\n<p>L\u2019\u00e9pisode de la blessure reste central dans son r\u00e9cit. Apr\u00e8s une prestation difficile de Barthez \u00e0 Glasgow, Olmeta raconte qu\u2019il devait reprendre sa place et qu\u2019il a \u00e9t\u00e9 emp\u00each\u00e9 par un accident : \u00ab Dix jours apr\u00e8s, je devais reprendre le but, et l\u00e0 je me casse la jambe. C\u2019est \u00e9crit, j\u2019en veux \u00e0 personne \u00bb. Cette fracture, qu\u2019il relate comme un tournant personnel, explique en partie son absence lors des derniers instants de la campagne europ\u00e9enne de l\u2019<strong>OM<\/strong> en <strong>1992-1993<\/strong>.<\/p>\n<\/p>\n<p>\u00a0<\/p>\n<p>Sur sa relation avec le pr\u00e9sident, Olmeta ne cherche pas \u00e0 masquer la tension : il admet avoir eu des \u00e9changes vifs avec <a href=\"https:\/\/www.footballclubdemarseille.fr\/om-actualites\/om-les-premieres-images-de-la-statue-de-tapie-devant-le-velodrome.html\" target=\"_blank\" rel=\"noopener nofollow\"><strong>Bernard Tapie<\/strong><\/a> et r\u00e9sume l\u2019intensit\u00e9 de ces confrontations sans fard : \u00ab J\u2019ai eu \u00e0 lui dire ce que je pensais. Je n\u2019ai pas mis les gants, j\u2019ai failli lui mettre dans la gueule \u00bb. Ces propos confirment le climat parfois \u00e9lectrique au sein du club durant cette p\u00e9riode charni\u00e8re.<\/p>\n<p>Cet entretien sur <strong>RMC<\/strong> apporte un t\u00e9moignage direct d\u2019un acteur de l\u2019\u00e9poque : Olmeta livre un r\u00e9cit centr\u00e9 sur le v\u00e9cu, la camaraderie avec <strong>Barthez<\/strong>, la malchance de la blessure et les relations humaines complexes autour du sacre europ\u00e9en. L\u2019ancien gardien se montre clair \u2014 ni regrets publics, ni r\u00e9\u00e9critures : un point de vue personnel sur une saison historique pour l\u2019<strong>OM<\/strong>.<\/p>\n<p>            <script async src=\"https:\/\/platform.twitter.com\/widgets.js\" charset=\"utf-8\"><\/script><\/p>\n","protected":false},"excerpt":{"rendered":"Dans l\u2019\u00e9mission Rothen S\u2019enflamme diffus\u00e9e sur RMC, l\u2019ancien gardien de l\u2019OM, Pascal Olmeta, est longuement revenu sur la&hellip;\n","protected":false},"author":2,"featured_media":447266,"comment_status":"","ping_status":"","sticky":false,"template":"","format":"standard","meta":{"footnotes":""},"categories":[1410],"tags":[63,1011,27,60],"class_list":{"0":"post-447265","1":"post","2":"type-post","3":"status-publish","4":"format-standard","5":"has-post-thumbnail","7":"category-football","8":"tag-football","9":"tag-fr","10":"tag-france","11":"tag-sports"},"share_on_mastodon":{"url":"https:\/\/pubeurope.com\/@fr\/115338148901832610","error":""},"_links":{"self":[{"href":"https:\/\/www.europesays.com\/fr\/wp-json\/wp\/v2\/posts\/447265","targetHints":{"allow":["GET"]}}],"collection":[{"href":"https:\/\/www.europesays.com\/fr\/wp-json\/wp\/v2\/posts"}],"about":[{"href":"https:\/\/www.europesays.com\/fr\/wp-json\/wp\/v2\/types\/post"}],"author":[{"embeddable":true,"href":"https:\/\/www.europesays.com\/fr\/wp-json\/wp\/v2\/users\/2"}],"replies":[{"embeddable":true,"href":"https:\/\/www.europesays.com\/fr\/wp-json\/wp\/v2\/comments?post=447265"}],"version-history":[{"count":0,"href":"https:\/\/www.europesays.com\/fr\/wp-json\/wp\/v2\/posts\/447265\/revisions"}],"wp:featuredmedia":[{"embeddable":true,"href":"https:\/\/www.europesays.com\/fr\/wp-json\/wp\/v2\/media\/447266"}],"wp:attachment":[{"href":"https:\/\/www.europesays.com\/fr\/wp-json\/wp\/v2\/media?parent=447265"}],"wp:term":[{"taxonomy":"category","embeddable":true,"href":"https:\/\/www.europesays.com\/fr\/wp-json\/wp\/v2\/categories?post=447265"},{"taxonomy":"post_tag","embeddable":true,"href":"https:\/\/www.europesays.com\/fr\/wp-json\/wp\/v2\/tags?post=447265"}],"curies":[{"name":"wp","href":"https:\/\/api.w.org\/{rel}","templated":true}]}}