{"id":447275,"date":"2025-10-08T10:51:11","date_gmt":"2025-10-08T10:51:11","guid":{"rendered":"https:\/\/www.europesays.com\/fr\/447275\/"},"modified":"2025-10-08T10:51:11","modified_gmt":"2025-10-08T10:51:11","slug":"elle-a-laisse-ses-empreintes-dans-mon-coeur","status":"publish","type":"post","link":"https:\/\/www.europesays.com\/fr\/447275\/","title":{"rendered":"elle a laiss\u00e9 ses empreintes dans mon c\u0153ur"},"content":{"rendered":"<p><strong>Vide immense<\/strong>. <a href=\"https:\/\/www.journaldesfemmes.fr\/people\/personnalites\/2839689-sylvie-vartan-age-vie-privee-accidents\/\" title=\"Sylvie Vartan\" target=\"_blank\" rel=\"noopener\">Sylvie Vartan<\/a> peine \u00e0 se remettre du d\u00e9c\u00e8s de sa chienne Muffin survenu en septembre. \u00ab\u00a0Ma Muffin \u00e9tait unique&#8230; Pendant quinze ans, on ne s&rsquo;est pas quitt\u00e9es. Elle a laiss\u00e9 ses empreintes dans mon c\u0153ur et je suis inconsolable\u00a0!\u00a0\u00bb, a, en effet, \u00e9crit sur Instagram la chanteuse de 81 ans en l\u00e9gende d&rsquo;une photo o\u00f9 elle serre sa fid\u00e8le compagne dans ses bras.<\/p>\n","protected":false},"excerpt":{"rendered":"Vide immense. Sylvie Vartan peine \u00e0 se remettre du d\u00e9c\u00e8s de sa chienne Muffin survenu en septembre. \u00ab\u00a0Ma&hellip;\n","protected":false},"author":2,"featured_media":447276,"comment_status":"","ping_status":"","sticky":false,"template":"","format":"standard","meta":{"footnotes":""},"categories":[1355],"tags":[57308,51761,58,59,52292,1011,27,51766,1031,1361,873,7409],"class_list":{"0":"post-447275","1":"post","2":"type-post","3":"status-publish","4":"format-standard","5":"has-post-thumbnail","7":"category-musique","8":"tag-cms-journaldesfemmes-3243456","9":"tag-controller-content","10":"tag-divertissement","11":"tag-entertainment","12":"tag-format-reportage","13":"tag-fr","14":"tag-france","15":"tag-les-histoires-du-jdf","16":"tag-magazine","17":"tag-music","18":"tag-musique","19":"tag-sylvie-vartan"},"share_on_mastodon":{"url":"https:\/\/pubeurope.com\/@fr\/115338168502476120","error":""},"_links":{"self":[{"href":"https:\/\/www.europesays.com\/fr\/wp-json\/wp\/v2\/posts\/447275","targetHints":{"allow":["GET"]}}],"collection":[{"href":"https:\/\/www.europesays.com\/fr\/wp-json\/wp\/v2\/posts"}],"about":[{"href":"https:\/\/www.europesays.com\/fr\/wp-json\/wp\/v2\/types\/post"}],"author":[{"embeddable":true,"href":"https:\/\/www.europesays.com\/fr\/wp-json\/wp\/v2\/users\/2"}],"replies":[{"embeddable":true,"href":"https:\/\/www.europesays.com\/fr\/wp-json\/wp\/v2\/comments?post=447275"}],"version-history":[{"count":0,"href":"https:\/\/www.europesays.com\/fr\/wp-json\/wp\/v2\/posts\/447275\/revisions"}],"wp:featuredmedia":[{"embeddable":true,"href":"https:\/\/www.europesays.com\/fr\/wp-json\/wp\/v2\/media\/447276"}],"wp:attachment":[{"href":"https:\/\/www.europesays.com\/fr\/wp-json\/wp\/v2\/media?parent=447275"}],"wp:term":[{"taxonomy":"category","embeddable":true,"href":"https:\/\/www.europesays.com\/fr\/wp-json\/wp\/v2\/categories?post=447275"},{"taxonomy":"post_tag","embeddable":true,"href":"https:\/\/www.europesays.com\/fr\/wp-json\/wp\/v2\/tags?post=447275"}],"curies":[{"name":"wp","href":"https:\/\/api.w.org\/{rel}","templated":true}]}}