{"id":447283,"date":"2025-10-08T10:55:20","date_gmt":"2025-10-08T10:55:20","guid":{"rendered":"https:\/\/www.europesays.com\/fr\/447283\/"},"modified":"2025-10-08T10:55:20","modified_gmt":"2025-10-08T10:55:20","slug":"audiences-pre-access-record-de-saison-pour-c-a-vous-sur-france-5-et-quotidien-sur-tmc-norbert-tarayre-a-un-niveau-inquietant-sur-m6","status":"publish","type":"post","link":"https:\/\/www.europesays.com\/fr\/447283\/","title":{"rendered":"Audiences pr\u00e9-access : Record de saison pour \u00ab\u00a0C \u00e0 vous\u00a0\u00bb sur France 5 et \u00ab\u00a0Quotidien\u00a0\u00bb sur TMC, Norbert Tarayre \u00e0 un niveau inqui\u00e9tant sur M6"},"content":{"rendered":"<p>            <img loading=\"lazy\" decoding=\"async\" src=\"https:\/\/www.europesays.com\/fr\/wp-content\/uploads\/2025\/04\/54-65b746f85c106-35x35-1.jpg\" class=\"author-article-picture\" width=\"35\" height=\"35\"\/><\/p>\n<p>                Par<br \/>\n                                    <a class=\"author-article-bio-link\" href=\"https:\/\/www.ozap.com\/auteur\/ludovic-galtier-lloret_a54\" rel=\"nofollow noopener\" target=\"_blank\">Ludovic Galtier Lloret<\/a><br \/>\n                                                    | Journaliste<\/p>\n<p>\n                N\u00e9 en Is\u00e8re entre le tirage de la premi\u00e8re boule noire de l&rsquo;histoire de \u00ab\u00a0Motus\u00a0\u00bb et la premi\u00e8re visite de candidats \u00e0 \u00ab\u00a0Fort Boyard\u00a0\u00bb, Ludovic Galtier est journaliste \u00e0 Purem\u00e9dias depuis octobre 2021. Il est passionn\u00e9 par la politique, l&rsquo;\u00e9conomie des m\u00e9dias et leur strat\u00e9gie de programmation.\n            <\/p>\n<p>\n    \u00ab\u00a0C \u00e0 vous\u00a0\u00bb, \u00ab\u00a0Tout pour la lumi\u00e8re\u00a0\u00bb, \u00ab\u00a0La roue de la fortune\u00a0\u00bb&#8230; Les audiences du 17h-20h du mardi 7 octobre 2025.\n<\/p>\n<p>                            <img loading=\"lazy\" decoding=\"async\" class=\"player-thumbnail\" src=\"https:\/\/www.europesays.com\/fr\/wp-content\/uploads\/2025\/10\/098ba628db86ba1b-580x326-1.jpg\" width=\"580\" height=\"326\"\/><\/p>\n<p>                    Comment sont mesur\u00e9es les audiences t\u00e9l\u00e9 ?<\/p>\n<p>La suite apr\u00e8s la publicit\u00e9<\/p>\n<p>                            <img decoding=\"async\" class=\"article-audience-img\" src=\"https:\/\/www.europesays.com\/fr\/wp-content\/uploads\/2025\/04\/2.jpg\" alt=\"France 2\"\/><\/p>\n<p>\n                    N&rsquo;OUBLIEZ PAS LES PAROLES !<br \/>\n                    JEU\n                <\/p>\n<p>\n                    2 350 000 t\u00e9l\u00e9spectateurs\n                <\/p>\n<p>                            <img decoding=\"async\" class=\"article-audience-img\" src=\"https:\/\/www.europesays.com\/fr\/wp-content\/uploads\/2025\/04\/3.jpg\" alt=\"France 3\"\/><\/p>\n<p>\n                    ICI 19-20 JOURNAL REGIONAL<br \/>\n                    JOURNAL REGIONAL\n                <\/p>\n<p>\n                    2 264 000 t\u00e9l\u00e9spectateurs\n                <\/p>\n<p>                            <img decoding=\"async\" class=\"article-audience-img\" src=\"https:\/\/www.europesays.com\/fr\/wp-content\/uploads\/2025\/04\/1.jpg\" alt=\"TF1\"\/><\/p>\n<p>\n                    DEMAIN NOUS APPARTIENT<br \/>\n                    SERIE\n                <\/p>\n<p>\n                    2 123 000 t\u00e9l\u00e9spectateurs\n                <\/p>\n<p>                            <img decoding=\"async\" class=\"article-audience-img\" src=\"https:\/\/www.europesays.com\/fr\/wp-content\/uploads\/2025\/04\/534.jpg\" alt=\"France 5\"\/><\/p>\n<p>\n                    C A VOUS<br \/>\n                    MAGAZINE\n                <\/p>\n<p>\n                    1 298 000 t\u00e9l\u00e9spectateurs\n                <\/p>\n<p>                            <img decoding=\"async\" class=\"article-audience-img\" src=\"https:\/\/www.europesays.com\/fr\/wp-content\/uploads\/2025\/04\/6.jpg\" alt=\"M6\"\/><\/p>\n<p>\n                    LA MEILLEURE CUISINE REGIONALE, C&rsquo;EST CHEZ MOI !<br \/>\n                    JEU\n                <\/p>\n<p>\n                    838 000 t\u00e9l\u00e9spectateurs\n                <\/p>\n<p>    M\u00e9diam\u00e9trie &#8211; M\u00e9diamat ; reproduction interdite, tous droits r\u00e9serv\u00e9s par M\u00e9diam\u00e9trie<\/p>\n<p>\u00ab\u00a0N&rsquo;oubliez pas les paroles !\u00a0\u00bb (France 2 \/ 19h20-19h51) :<strong> 2,35 millions (15,1%)<\/strong><br \/>\u00ab\u00a0N&rsquo;oubliez pas les paroles !\u00a0\u00bb (France 2 \/ 18h41-19h16) :<strong> 1,74 million (14,5%)<\/strong><br \/>\u00ab\u00a0<a href=\"https:\/\/www.ozap.com\/actu\/tout-le-monde-a-son-mot-a-dire-on-sait-enfin-quand-bruno-guillon-remplacera-olivier-minne-a-la-tete-du-jeu-de-france-2\/651133\" rel=\"nofollow noopener\" target=\"_blank\">Tout le monde a son mot \u00e0 dire<\/a>\u00a0\u00bb (France 2 \/ 18h04-18h35) :<strong> 956.000 (11,2%)<\/strong><\/p>\n<p>\u00ab\u00a0Slam\u00a0\u00bb (France 3 \/ 18h03-18h44) :<strong> 954.000 (10,7%)<\/strong><br \/>\u00ab\u00a0Duels en familles\u00a0\u00bb (France 3 \/ 17h25-18h02) : <strong>713.000 (10,8%)<\/strong><\/p>\n<p>\u00ab\u00a0La roue de la fortune\u00a0\u00bb (17h25-18h24) :<strong> 825.000 (11,5%)<\/strong><br \/>\u00ab\u00a0La meilleure cuisine r\u00e9gionale, c&rsquo;est chez moi !\u00a0\u00bb (M6 \/ 18h32-19h32)<strong> : 838.000 (6,8%)<\/strong><\/p>\n<p>Sur France 2, la part d&rsquo;audience de \u00ab\u00a0N&rsquo;oubliez pas les paroles !\u00a0\u00bb, leader de l&rsquo;access 19h devant \u00ab\u00a0Ici 19\/20\u00a0\u00bb sur France 3, augmente de 0,4 point par rapport \u00e0 la veille. Le premier num\u00e9ro, lui, remonte au-dessus des 14 points de part d&rsquo;audience (+ 0,6 point versus J-1). Juste avant, \u00ab\u00a0Tout le monde a son mot \u00e0 dire\u00a0\u00bb avec Sidonie Bonnec et Bruno Guillon glisse sous le million de t\u00e9l\u00e9spectateurs (- 0,6 point versus J-7).\u00a0<br \/>Sur France 3, \u00ab\u00a0Slam\u00a0\u00bb, pr\u00e9sent\u00e9 par Th\u00e9o Curin, progresse apr\u00e8s son record de saison \u00e0 la baisse de la veille (+ 1,7 point versus J-7). \u00ab\u00a0Duels en familles\u00a0\u00bb, anim\u00e9 par Cyril F\u00e9raud, am\u00e9liore ses scores lui aussi (+ 2,3 points en 24 heures).<br \/>Sur M6, \u00ab\u00a0La meilleure cuisine r\u00e9gionale, c&rsquo;est chez moi !\u00a0\u00bb, anim\u00e9e par Norbert Tarayre et Yoann Conte, reste sous les 900.000 t\u00e9l\u00e9spectateurs et sous les 7 points de part d&rsquo;audience (+ 0,2 point en 24 heures). Le programme atteint un niveau inqui\u00e9tant sur cibles \u00e9galement (6,2% des 25-49 ans et 5,9% des FRDA-50). En revanche, la part d&rsquo;audience de \u00ab\u00a0La roue de la fortune\u00a0\u00bb, jeu anim\u00e9 par \u00c9ric Antoine, remonte en fl\u00e8che (+ 2,9 point en 24 heures).<\/p>\n<p>Les JT<\/p>\n<p>\u00ab\u00a0Ici 19\/20 journal r\u00e9gional\u00a0\u00bb (France 3 \/ 19h14-19h46) :<strong> 2,26 millions (15,1%)<\/strong><br \/>\u00ab\u00a0Arte journal\u00a0\u00bb (Arte \/ 19h45-20h05) :<strong> 520.000 (3,0%)<\/strong><\/p>\n<p>\u00ab\u00a0Ici 19\/20\u00a0\u00bb sur France 3 d\u00e9passe les 15 points de part d&rsquo;audience (+ 0,5 point versus J-1).<\/p>\n<p>Les talks<\/p>\n<p>\u00ab\u00a0Quotidien\u00a0\u00bb \u2013 partie 1 (TMC \/ 19h22-20h02) : <strong>1,06 million (6,2%)<\/strong><\/p>\n<p>\u00ab\u00a0Tout beau, tout n9uf \u2013 P1\u00a0\u00bb (19h46-20h13) : <strong>965.000 (5,4%)<\/strong><br \/>\u00ab\u00a0Cyril et la famille \u2013 P2\u00a0\u00bb (19h16-19h41) : <strong>678.000 (4,5%)<\/strong><br \/>\u00ab\u00a0Cyril et la famille \u2013 P1\u00a0\u00bb (18h44-19h12) : <strong>542.000 (4,6%)<\/strong><\/p>\n<p>\u00ab\u00a0C \u00e0 vous\u00a0\u00bb (France 5 \/ 18h57-19h50) : <strong>1,30 million (9,0%)<\/strong><br \/>\u00ab\u00a0C dans l&rsquo;air\u00a0\u00bb (France 5 \/ 17h42-18h48) : <strong>1,07 million (12,7%)<\/strong><\/p>\n<p>Sur France 5, \u00ab\u00a0C dans l&rsquo;air\u00a0\u00bb, pr\u00e9sent\u00e9 par <a href=\"https:\/\/www.ozap.com\/personnalite\/caroline-roux_e264364\" rel=\"nofollow noopener\" target=\"_blank\">Caroline Roux, <\/a>reste \u00e0 un haut niveau apr\u00e8s son double record de la veille (- 0,8 point en 24 heures).<br \/>Juste apr\u00e8s, \u00ab\u00a0C \u00e0 vous\u00a0\u00bb, pr\u00e9sent\u00e9 par Anne-\u00c9lisabeth Lemoine, est port\u00e9 par la crise politique. Le magazine fixe un nouveau double record de saison (+ 1,3 point en 24 heures).<br \/>Sur W9, la P1 de \u00ab\u00a0Tout beau, tout n9uf\u00a0\u00bb avec Cyril Hanouna glisse sous le million de t\u00e9l\u00e9spectateurs (- 0,2 point versus J-1).\u00a0La part d&rsquo;audience de la P2 de \u00ab\u00a0Cyril et la famille\u00a0\u00bb est en repli (- 0,3 point versus J-1).<br \/>Sur TMC, la P1 de \u00ab\u00a0Quotidien\u00a0\u00bb avec Yann Barth\u00e8s d\u00e9passe le million de t\u00e9l\u00e9spectateurs (+ 0,4 point versus J-7) et r\u00e9alise un record de saison sur ce dernier indicateur.<\/p>\n<p>\u00c0 lire aussi : <a href=\"https:\/\/www.ozap.com\/actu\/audiences-cyril-hanouna-a-t-il-fait-avec-tout-beau-tout-n9uf-sur-w9-une-meilleure-rentree-que-sur-c8-avec-tpmp-lan-passe\/651407\" rel=\"nofollow noopener\" target=\"_blank\"><strong>Audiences : Cyril Hanouna a-t-il fait avec \u00ab\u00a0Tout beau, tout n9uf\u00a0\u00bb sur W9 une meilleure rentr\u00e9e que sur C8 avec \u00ab\u00a0TPMP\u00a0\u00bb l&rsquo;an pass\u00e9 ?<\/strong><\/a><\/p>\n<p>Les feuilletons<\/p>\n<p>\u00ab\u00a0Demain nous appartient\u00a0\u00bb (TF1 \/ 19h14-19h49) :<strong> 2,12 millions (14,0%)<\/strong><br \/>\u00ab\u00a0Ici tout commence\u00a0\u00bb (TF1 \/ 18h38-19h14) : <strong>1,98 million (16,8%)<\/strong><br \/>\u00ab\u00a0<a href=\"https:\/\/www.ozap.com\/actu\/audiences-1-mois-apres-son-lancement-quel-bilan-pour-tout-pour-la-lumiere-sur-tf1\/650840\" rel=\"nofollow noopener\" target=\"_blank\">Tout pour la lumi\u00e8re<\/a>\u00a0\u00bb (TF1 \/ 18h09-18h36) :<strong> 683.000 (7,8%)<\/strong><\/p>\n<p>Sur TF1, \u00ab\u00a0<a href=\"https:\/\/www.ozap.com\/actu\/audiences-access-50000-telespectateurs-decart-entre-demain-nous-appartient-tf1-noubliez-pas-les-paroles-france-2-et-ici-1920-france-3\/651251\" rel=\"nofollow noopener\" target=\"_blank\">Demain nous appartient<\/a>\u00a0\u00bb atteint tout juste les 14 points de part d&rsquo;audience (+ 0,1 point versus J-1). Sur cibles, la fiction s\u00e9duit 12,2% des 25-49 ans et 16,7% des FRDA-50.<br \/>\u00ab\u00a0Ici tout commence\u00a0\u00bb, proche des 2 millions de t\u00e9l\u00e9spectateurs, r\u00e9cup\u00e8re 0,5 point de part d&rsquo;audience par rapport \u00e0 la veille. Sur cibles, le feuilleton rassemble 13,0% des 25-49 ans et 18,3% des FRDA-50.<br \/>\u00ab\u00a0Tout pour la lumi\u00e8re\u00a0\u00bb, tr\u00e8s faible, reste sous les 8 points de part d&rsquo;audience (- 0,1 point versus J-1) et r\u00e9unit 7,5% des 25-49 ans et 10,2% des FRDA-50.<\/p>\n<p>Les \u00e9missions de t\u00e9l\u00e9-r\u00e9alit\u00e9<\/p>\n<p>\u00ab\u00a0Familles nombreuses : la vie en XXL\u00a0\u00bb (TF1 \/ 17h37-18h03) :<strong> 562.000 (8,1%)<\/strong><br \/>\u00ab\u00a0Quatre mariages pour une lune de miel\u00a0\u00bb (TFX \/ 19h11-20h01) <strong>: 244.000 (1,6%)<\/strong><br \/>\u00ab\u00a0Les cinquante\u00a0\u00bb (W9 \/ 17h47-18h35) : <strong>222.000 (2,8%)<\/strong><\/p>\n<p>                            <img decoding=\"async\" class=\"article-audience-img\" src=\"https:\/\/www.europesays.com\/fr\/wp-content\/uploads\/2025\/04\/13.jpg\" alt=\"TMC\"\/><\/p>\n<p>\n                    QUOTIDIEN 1ERE PARTIE<br \/>\n                    MAGAZINE\n                <\/p>\n<p>\n                    1 064 000 t\u00e9l\u00e9spectateurs\n                <\/p>\n<p>                            <img decoding=\"async\" class=\"article-audience-img\" src=\"https:\/\/www.europesays.com\/fr\/wp-content\/uploads\/2025\/04\/336.jpg\" alt=\"W9\"\/><\/p>\n<p>\n                    CYRIL ET LA FAMILLE PARTIE 2<br \/>\n                    MAGAZINE\n                <\/p>\n<p>\n                    678 000 t\u00e9l\u00e9spectateurs\n                <\/p>\n<p>                            <img decoding=\"async\" class=\"article-audience-img\" src=\"https:\/\/www.europesays.com\/fr\/wp-content\/uploads\/2025\/04\/533.jpg\" alt=\"Arte\"\/><\/p>\n<p>\n                    VOYAGE EN CUISINE<br \/>\n                    MAGAZINE\n                <\/p>\n<p>\n                    232 000 t\u00e9l\u00e9spectateurs\n                <\/p>\n<p>                            <img decoding=\"async\" class=\"article-audience-img\" src=\"https:\/\/www.europesays.com\/fr\/wp-content\/uploads\/2025\/04\/43.jpg\" alt=\"TFX\"\/><\/p>\n<p>\n                    4 MARIAGES POUR 1 LUNE DE MIEL<br \/>\n                    JEU\n                <\/p>\n<p>\n                    244 000 t\u00e9l\u00e9spectateurs\n                <\/p>\n<p>                            <img decoding=\"async\" class=\"article-audience-img\" src=\"https:\/\/www.europesays.com\/fr\/wp-content\/uploads\/2025\/04\/725.jpg\" alt=\"6ter\"\/><\/p>\n<p>\n                    CHARMED \\ LA PEUR AU VENTRE<br \/>\n                    SERIE\n                <\/p>\n<p>\n                    209 000 t\u00e9l\u00e9spectateurs\n                <\/p>\n<p>                            <img decoding=\"async\" class=\"article-audience-img\" src=\"https:\/\/www.europesays.com\/fr\/wp-content\/uploads\/2025\/04\/532.jpg\" alt=\"Gulli\"\/><\/p>\n<p>\n                    UN DINER PRESQUE PARFAIT \\ CHEFFE CACHEE EN BRETAGNE<br \/>\n                    JEU\n                <\/p>\n<p>\n                    178 000 t\u00e9l\u00e9spectateurs\n                <\/p>\n<p>                            <img decoding=\"async\" class=\"article-audience-img\" src=\"https:\/\/www.europesays.com\/fr\/wp-content\/uploads\/2025\/04\/728.jpg\" alt=\"Ch\u00e9rie 25\"\/><\/p>\n<p>\n                    COLD CASE \\ LE SECRET DE LA CONFESSION<br \/>\n                    SERIE\n                <\/p>\n<p>\n                    188 000 t\u00e9l\u00e9spectateurs\n                <\/p>\n<p>                            <img decoding=\"async\" class=\"article-audience-img\" src=\"https:\/\/www.europesays.com\/fr\/wp-content\/uploads\/2025\/04\/726.jpg\" alt=\"RMC Story\"\/><\/p>\n<p>\n                    THE BIG BANG THEORY \\ LE BOURREAU DE LEONARD<br \/>\n                    SERIE\n                <\/p>\n<p>\n                    155 000 t\u00e9l\u00e9spectateurs\n                <\/p>\n<p>                            <img decoding=\"async\" class=\"article-audience-img\" src=\"https:\/\/www.europesays.com\/fr\/wp-content\/uploads\/2025\/04\/727.jpg\" alt=\"RMC D\u00e9couverte\"\/><\/p>\n<p>\n                    TOP MECANIC 5 JOURS POUR RESTAURER UNE EPAVE  \\ RENAULT TWINGO VS RENAULT TWINGO<br \/>\n                    DOCUMENTAIRE\n                <\/p>\n<p>\n                    172 000 t\u00e9l\u00e9spectateurs\n                <\/p>\n<p>                            <img decoding=\"async\" class=\"article-audience-img\" src=\"https:\/\/www.europesays.com\/fr\/wp-content\/uploads\/2025\/04\/723.jpg\" alt=\"TF1 Series Film\"\/><\/p>\n<p>\n                    GREY&rsquo;S ANATOMY \\ CONTAGION<br \/>\n                    SERIE\n                <\/p>\n<p>\n                    170 000 t\u00e9l\u00e9spectateurs\n                <\/p>\n<p>                            <img decoding=\"async\" class=\"article-audience-img\" src=\"https:\/\/www.europesays.com\/fr\/wp-content\/uploads\/2025\/04\/499.jpg\" alt=\"CSTAR\"\/><\/p>\n<p>\n                    DOUANES SOUS HAUTE SURVEILLANCE<br \/>\n                    DOCUMENTAIRE\n                <\/p>\n<p>\n                    110 000 t\u00e9l\u00e9spectateurs\n                <\/p>\n<p>                            <img decoding=\"async\" class=\"article-audience-img\" src=\"https:\/\/www.europesays.com\/fr\/wp-content\/uploads\/2025\/04\/4.jpg\" alt=\"Canal+\"\/><\/p>\n<p>\n                    EN APARTE \\ MARION COTILLARD<br \/>\n                    MAGAZINE\n                <\/p>\n<p>\n                    9 000 t\u00e9l\u00e9spectateurs\n                <\/p>\n<p>    M\u00e9diam\u00e9trie &#8211; M\u00e9diamat ; reproduction interdite, tous droits r\u00e9serv\u00e9s par M\u00e9diam\u00e9trie<\/p>\n<p>Sur TF1, \u00ab\u00a0Familles nombreuses : la vie en XXL\u00a0\u00bb franchit de nouveau le cap des 500.000 t\u00e9l\u00e9spectateurs et rassemble 15,8% des FRDA-50.<br \/>D\u00e9sormais programm\u00e9e \u00e0 17h30 \u2013 au lieu de 19h50 \u2013 \u00ab\u00a0Les cinquante\u00a0\u00bb de W9 se stabilise \u00e0 2,8%. Le programme cartonne sur cibles (6,5% des 25-49 ans et 9,3% des FRDA-50).<\/p>\n<p>\u00a0Chiffres M\u00e9diam\u00e9trie<\/p>\n","protected":false},"excerpt":{"rendered":"Par Ludovic Galtier Lloret | Journaliste N\u00e9 en Is\u00e8re entre le tirage de la premi\u00e8re boule noire de&hellip;\n","protected":false},"author":2,"featured_media":447284,"comment_status":"","ping_status":"","sticky":false,"template":"","format":"standard","meta":{"footnotes":""},"categories":[8],"tags":[58,59,1011,27],"class_list":{"0":"post-447283","1":"post","2":"type-post","3":"status-publish","4":"format-standard","5":"has-post-thumbnail","7":"category-divertissement","8":"tag-divertissement","9":"tag-entertainment","10":"tag-fr","11":"tag-france"},"share_on_mastodon":{"url":"https:\/\/pubeurope.com\/@fr\/115338185894179562","error":""},"_links":{"self":[{"href":"https:\/\/www.europesays.com\/fr\/wp-json\/wp\/v2\/posts\/447283","targetHints":{"allow":["GET"]}}],"collection":[{"href":"https:\/\/www.europesays.com\/fr\/wp-json\/wp\/v2\/posts"}],"about":[{"href":"https:\/\/www.europesays.com\/fr\/wp-json\/wp\/v2\/types\/post"}],"author":[{"embeddable":true,"href":"https:\/\/www.europesays.com\/fr\/wp-json\/wp\/v2\/users\/2"}],"replies":[{"embeddable":true,"href":"https:\/\/www.europesays.com\/fr\/wp-json\/wp\/v2\/comments?post=447283"}],"version-history":[{"count":0,"href":"https:\/\/www.europesays.com\/fr\/wp-json\/wp\/v2\/posts\/447283\/revisions"}],"wp:featuredmedia":[{"embeddable":true,"href":"https:\/\/www.europesays.com\/fr\/wp-json\/wp\/v2\/media\/447284"}],"wp:attachment":[{"href":"https:\/\/www.europesays.com\/fr\/wp-json\/wp\/v2\/media?parent=447283"}],"wp:term":[{"taxonomy":"category","embeddable":true,"href":"https:\/\/www.europesays.com\/fr\/wp-json\/wp\/v2\/categories?post=447283"},{"taxonomy":"post_tag","embeddable":true,"href":"https:\/\/www.europesays.com\/fr\/wp-json\/wp\/v2\/tags?post=447283"}],"curies":[{"name":"wp","href":"https:\/\/api.w.org\/{rel}","templated":true}]}}