{"id":447287,"date":"2025-10-08T10:57:14","date_gmt":"2025-10-08T10:57:14","guid":{"rendered":"https:\/\/www.europesays.com\/fr\/447287\/"},"modified":"2025-10-08T10:57:14","modified_gmt":"2025-10-08T10:57:14","slug":"la-prochaine-annonce-freebox-approche-a-grands-pas-promet-xavier-niel","status":"publish","type":"post","link":"https:\/\/www.europesays.com\/fr\/447287\/","title":{"rendered":"La prochaine annonce Freebox approche \u00e0 grands pas, promet Xavier Niel"},"content":{"rendered":"<p>Xavier Niel a r\u00e9pondu \u00e0 quelques questions de la communaut\u00e9 des abonn\u00e9s Free. Le milliardaire est revenu sur le nouveau boitier Freebox Player attendu depuis le lancement de la Freebox Ultra.<\/p>\n<p><a target=\"_blank\" href=\"https:\/\/images.frandroid.com\/wp-content\/uploads\/2024\/01\/live-conference-free-20-40-screenshot.jpg\" class=\"article-content__figure\" rel=\"nofollow noopener\"><img fetchpriority=\"high\" decoding=\"async\" loading=\"eager\" width=\"1200\" height=\"675\" src=\"https:\/\/www.europesays.com\/fr\/wp-content\/uploads\/2025\/10\/live-conference-free-20-40-screenshot.jpg\" alt=\"La Freebox Ultra\" class=\"wp-image-1925756 wp-image wp-image\"  \/><\/a>La Freebox Ultra \/\/ Source : Free<\/p>\n<p>En d\u00e9but d\u2019ann\u00e9e 2024, Free a repris une avance cons\u00e9quence sur ses concurrents avec <a href=\"https:\/\/www.frandroid.com\/marques\/free\/1937300_test-freebox-ultra\" rel=\"nofollow noopener\" target=\"_blank\">le lancement de la Freebox Ultra<\/a> et sa vitesse record.<\/p>\n<p>C\u2019\u00e9tait aussi la premi\u00e8re fois que l\u2019op\u00e9rateur annon\u00e7ait une box haut de gamme avec seulement un nouveau boitier modem. Le Player TV restait celui de la Freebox Delta ou de la Freebox Pop. En marge, Xavier Niel, le fondateur de Free, avait tout de m\u00eame promis le d\u00e9veloppement d\u2019un nouveau boitier TV. Ce lancement serait toujours pr\u00e9vu.<\/p>\n<p>Une box physique ?<\/p>\n<p>Le site <a target=\"_blank\" href=\"https:\/\/www.universfreebox.com\/article\/586767\/le-lancement-du-nouveau-super-player-freebox-est-prevu-dans-les-mois-a-venir-xavier-niel-en-dit-plus\" rel=\"nofollow noopener\">Univers Freebox<\/a> a pu interroger Xavier Niel sur le sujet. Le milliardaire a \u00e9voqu\u00e9 que son \u00ab super Player \u00bb serait bien un nouveau produit physique : \u00ab on a r\u00e9fl\u00e9chi \u00e0 un player compl\u00e8tement int\u00e9gr\u00e9 en soft et en hardware\u00a0\u00bb.<\/p>\n<p>Pourtant, la tendance va plut\u00f4t vers une disparition totale du player TV dans l\u2019offre des op\u00e9rateurs. De plus en plus de forfaits se contentent d\u2019un acc\u00e8s \u00e0 Internet, sans int\u00e9grer de bouquet TV, comme c\u2019est le cas pour l\u2019offre Pure Fibre de Bouygues Telecom.<\/p>\n<p>Par ailleurs, les exp\u00e9riences TV des op\u00e9rateurs Free, Orange, Bouygues Telecom et SFR sont de plus en plus souvent directement disponibles sur les t\u00e9l\u00e9viseurs.<\/p>\n<p>En septembre, <a href=\"https:\/\/www.frandroid.com\/marques\/free\/2782395_une-avancee-majeure-la-dematerialisation-de-la-freebox-progresse\" rel=\"nofollow noopener\" target=\"_blank\">Free a annonc\u00e9 un partenariat<\/a> pour int\u00e9grer son exp\u00e9rience Oqee directement sur les TV Hisense.<\/p>\n<p>Quoi qu\u2019il en soit, l\u2019annonce promise par Xavier Niel serait pr\u00e9vue dans les mois \u00e0 venir. On devrait rapidement d\u00e9couvrir s\u2019il s\u2019agit d\u2019une nouvelle exp\u00e9rience logicielle, mat\u00e9rielle, ou les deux.<\/p>\n","protected":false},"excerpt":{"rendered":"Xavier Niel a r\u00e9pondu \u00e0 quelques questions de la communaut\u00e9 des abonn\u00e9s Free. Le milliardaire est revenu sur&hellip;\n","protected":false},"author":2,"featured_media":447288,"comment_status":"","ping_status":"","sticky":false,"template":"","format":"standard","meta":{"footnotes":""},"categories":[6],"tags":[270,35,33,34,1011,27],"class_list":{"0":"post-447287","1":"post","2":"type-post","3":"status-publish","4":"format-standard","5":"has-post-thumbnail","7":"category-economie","8":"tag-breaking","9":"tag-business","10":"tag-economie","11":"tag-economy","12":"tag-fr","13":"tag-france"},"share_on_mastodon":{"url":"https:\/\/pubeurope.com\/@fr\/115338192095834572","error":""},"_links":{"self":[{"href":"https:\/\/www.europesays.com\/fr\/wp-json\/wp\/v2\/posts\/447287","targetHints":{"allow":["GET"]}}],"collection":[{"href":"https:\/\/www.europesays.com\/fr\/wp-json\/wp\/v2\/posts"}],"about":[{"href":"https:\/\/www.europesays.com\/fr\/wp-json\/wp\/v2\/types\/post"}],"author":[{"embeddable":true,"href":"https:\/\/www.europesays.com\/fr\/wp-json\/wp\/v2\/users\/2"}],"replies":[{"embeddable":true,"href":"https:\/\/www.europesays.com\/fr\/wp-json\/wp\/v2\/comments?post=447287"}],"version-history":[{"count":0,"href":"https:\/\/www.europesays.com\/fr\/wp-json\/wp\/v2\/posts\/447287\/revisions"}],"wp:featuredmedia":[{"embeddable":true,"href":"https:\/\/www.europesays.com\/fr\/wp-json\/wp\/v2\/media\/447288"}],"wp:attachment":[{"href":"https:\/\/www.europesays.com\/fr\/wp-json\/wp\/v2\/media?parent=447287"}],"wp:term":[{"taxonomy":"category","embeddable":true,"href":"https:\/\/www.europesays.com\/fr\/wp-json\/wp\/v2\/categories?post=447287"},{"taxonomy":"post_tag","embeddable":true,"href":"https:\/\/www.europesays.com\/fr\/wp-json\/wp\/v2\/tags?post=447287"}],"curies":[{"name":"wp","href":"https:\/\/api.w.org\/{rel}","templated":true}]}}