{"id":447291,"date":"2025-10-08T10:59:09","date_gmt":"2025-10-08T10:59:09","guid":{"rendered":"https:\/\/www.europesays.com\/fr\/447291\/"},"modified":"2025-10-08T10:59:09","modified_gmt":"2025-10-08T10:59:09","slug":"le-ps-juge-inimaginable-un-gouvernement-avec-la-macronie-marine-le-pen-censure-tout-renaissance-sur-le-point-dimploser-suivez-notre-direct-politique","status":"publish","type":"post","link":"https:\/\/www.europesays.com\/fr\/447291\/","title":{"rendered":"Le PS juge \u00ab\u00a0inimaginable\u00a0\u00bb un gouvernement avec la macronie, Marine Le Pen \u00ab\u00a0censure tout\u00a0\u00bb, Renaissance sur le point d&rsquo;imploser, suivez notre direct politique"},"content":{"rendered":"<p class=\"mb-4 text-lg md:leading-8 break-words\">Emmanuel Macron a pr\u00e9vu de \u00ab\u00a0prendre ses responsabilit\u00e9s\u00a0\u00bb en cas d&rsquo;\u00e9chec des n\u00e9gociations men\u00e9es par S\u00e9bastien Lecornu. Selon le Canard encha\u00een\u00e9, le chef de l&rsquo;\u00c9tat privil\u00e9gierait la dissolution de l&rsquo;Assembl\u00e9e, la deuxi\u00e8me en moins de 18 mois, \u00e0 sa d\u00e9mission.<\/p>\n<p class=\"mb-4 text-lg md:leading-8 break-words\">Et dans ce cas, les dates des dimanche 16 et 23 novembre sont privil\u00e9gi\u00e9es pour l&rsquo;organisation de l\u00e9gislatives anticip\u00e9es.<\/p>\n<p class=\"mb-4 text-lg md:leading-8 break-words\">Car en cas de dissolution, le premier tour doit \u00eatre organis\u00e9 dans un d\u00e9lai allant de 20 \u00e0 40 jours.<\/p>\n<p class=\"mb-4 text-lg md:leading-8 break-words\">Probl\u00e8me, le premier dimanche \u00e9ligible, le 2 novembre, est le dernier jour des vacances scolaires de la Toussaint. D\u00e9licat d&rsquo;organiser des \u00e9lections \u00e0 cette date avec les retours de vacances qui risqueraient d&rsquo;\u00e9loigner des \u00e9lecteurs des urnes.<\/p>\n<p class=\"mb-4 text-lg md:leading-8 break-words\">M\u00eame difficult\u00e9 pour le dimanche suivant, le 9 novembre, alors que le mardi 11 novembre est f\u00e9ri\u00e9. Un pont permettant un week-end de 4 jours en posant le 10 novembre qui risque de s\u00e9duire de nombreux Fran\u00e7ais en qu\u00eate d&rsquo;un dernier week-end avant la fin d&rsquo;ann\u00e9e.<\/p>\n<p class=\"mb-4 text-lg md:leading-8 break-words\">Ne reste plus que le dimanche 16 novembre pour l&rsquo;organisation de ce premier tour.<\/p>\n<p class=\"mb-4 text-lg md:leading-8 break-words\">Une dissolution qui prend un peu plus de poids avec cette information RTL. Selon la radio, Emmanuel Macron a re\u00e7u en d\u00e9but d\u2019apr\u00e8s midi la pr\u00e9sidente de l\u2019Assembl\u00e9e Yael Braun Pivet, mais aussi le pr\u00e9sident du Senat G\u00e9rard Larcher. La Constitution exige qu\u2019avant une dissolution le pr\u00e9sident informe les pr\u00e9sidents des deux chambres.<\/p>\n","protected":false},"excerpt":{"rendered":"Emmanuel Macron a pr\u00e9vu de \u00ab\u00a0prendre ses responsabilit\u00e9s\u00a0\u00bb en cas d&rsquo;\u00e9chec des n\u00e9gociations men\u00e9es par S\u00e9bastien Lecornu. Selon&hellip;\n","protected":false},"author":2,"featured_media":447292,"comment_status":"","ping_status":"","sticky":false,"template":"","format":"standard","meta":{"footnotes":""},"categories":[4],"tags":[11,1073,1011,27,9791,12,11036,25,11067,19990],"class_list":{"0":"post-447291","1":"post","2":"type-post","3":"status-publish","4":"format-standard","5":"has-post-thumbnail","7":"category-france","8":"tag-actualites","9":"tag-emmanuel-macron","10":"tag-fr","11":"tag-france","12":"tag-la-france","13":"tag-news","14":"tag-reforme-des-retraites","15":"tag-republique-francaise","16":"tag-sebastien-lecornu","17":"tag-situation-actuelle"},"share_on_mastodon":{"url":"https:\/\/pubeurope.com\/@fr\/115338200071480181","error":""},"_links":{"self":[{"href":"https:\/\/www.europesays.com\/fr\/wp-json\/wp\/v2\/posts\/447291","targetHints":{"allow":["GET"]}}],"collection":[{"href":"https:\/\/www.europesays.com\/fr\/wp-json\/wp\/v2\/posts"}],"about":[{"href":"https:\/\/www.europesays.com\/fr\/wp-json\/wp\/v2\/types\/post"}],"author":[{"embeddable":true,"href":"https:\/\/www.europesays.com\/fr\/wp-json\/wp\/v2\/users\/2"}],"replies":[{"embeddable":true,"href":"https:\/\/www.europesays.com\/fr\/wp-json\/wp\/v2\/comments?post=447291"}],"version-history":[{"count":0,"href":"https:\/\/www.europesays.com\/fr\/wp-json\/wp\/v2\/posts\/447291\/revisions"}],"wp:featuredmedia":[{"embeddable":true,"href":"https:\/\/www.europesays.com\/fr\/wp-json\/wp\/v2\/media\/447292"}],"wp:attachment":[{"href":"https:\/\/www.europesays.com\/fr\/wp-json\/wp\/v2\/media?parent=447291"}],"wp:term":[{"taxonomy":"category","embeddable":true,"href":"https:\/\/www.europesays.com\/fr\/wp-json\/wp\/v2\/categories?post=447291"},{"taxonomy":"post_tag","embeddable":true,"href":"https:\/\/www.europesays.com\/fr\/wp-json\/wp\/v2\/tags?post=447291"}],"curies":[{"name":"wp","href":"https:\/\/api.w.org\/{rel}","templated":true}]}}