{"id":447314,"date":"2025-10-08T11:11:57","date_gmt":"2025-10-08T11:11:57","guid":{"rendered":"https:\/\/www.europesays.com\/fr\/447314\/"},"modified":"2025-10-08T11:11:57","modified_gmt":"2025-10-08T11:11:57","slug":"grenoble-rencontre-avec-la-fascinante-artiste-qui-sublime-les-paysages-alpins-ji-young-demol-park","status":"publish","type":"post","link":"https:\/\/www.europesays.com\/fr\/447314\/","title":{"rendered":"Grenoble. Rencontre avec la fascinante artiste qui sublime les paysages alpins, Ji-Young Demol Park"},"content":{"rendered":"<p>Un recueil riche de 80\u00a0aquarelles et encres de Chine a\u00e9riennes sign\u00e9es par l\u2019artiste sud-cor\u00e9enne, et des textes sensibles de l\u2019\u00e9crivaine Ga\u00eblle Josse. Gl\u00e9nat publie un magnifique livre r\u00e9unissant les cr\u00e9ations de Ji-Young Demol Park dont l\u2019exposition au mus\u00e9e H\u00e9bert nous avait \u00e9blouis en 2022. \u00ab\u00a0Des pas dans la neige. Elle avance sans h\u00e9sitation. Ancr\u00e9e, pr\u00e9sente. Le regard, lui, fixe les cimes, les lignes de cr\u00eate, l\u2019horizon. Elle s\u2019arr\u00eate. Sort un carnet ou un rouleau de papier \u00e0 dessin, un bambou taill\u00e9, un pinceau \u00e0 aquarelle, un peu d\u2019encre. Maintenant. Cette ligne, ces rochers, ces arbres, ce versant.\u00a0\u00bb C\u2019est par ces mots de l\u2019\u00e9crivaine Ga\u00eblle Josse que s\u2019ouvre ce recueil d\u2019aquarelles de Ji-Young Demol Park.<\/p>\n<p>Fascin\u00e9e par les Alpes, l\u2019artiste sud-cor\u00e9enne consigne dans ses carnets \u00e0 dessin les \u00e9motions suscit\u00e9es par les paysages qu\u2019elle d\u00e9couvre lors de ses randonn\u00e9es.<\/p>\n<p class=\"note\">Rencontre-d\u00e9dicaces avec Ji-Young Demol Park au Couvent Sainte-C\u00e9cile \u00e0 Grenoble le jeudi 9\u00a0octobre \u00e0 18\u00a0h\u00a030 en compagnie de Fabienne Pluchart, directrice du mus\u00e9e H\u00e9bert. Gratuit.<\/p>\n","protected":false},"excerpt":{"rendered":"Un recueil riche de 80\u00a0aquarelles et encres de Chine a\u00e9riennes sign\u00e9es par l\u2019artiste sud-cor\u00e9enne, et des textes sensibles&hellip;\n","protected":false},"author":2,"featured_media":447315,"comment_status":"","ping_status":"","sticky":false,"template":"","format":"standard","meta":{"footnotes":""},"categories":[9566],"tags":[1111,11,2430,1687,112,1777,674,1011,27,2731,2732,108,2410,12,25],"class_list":{"0":"post-447314","1":"post","2":"type-post","3":"status-publish","4":"format-standard","5":"has-post-thumbnail","7":"category-grenoble","8":"tag-actu","9":"tag-actualites","10":"tag-auvergne-rhone-alpes","11":"tag-culture-loisirs","12":"tag-edition-grenoble-agglomeration","13":"tag-eu","14":"tag-europe","15":"tag-fr","16":"tag-france","17":"tag-grenoble","18":"tag-grenoble-bassin","19":"tag-isere","20":"tag-livres-bd","21":"tag-news","22":"tag-republique-francaise"},"share_on_mastodon":{"url":"https:\/\/pubeurope.com\/@fr\/115338250985798641","error":""},"_links":{"self":[{"href":"https:\/\/www.europesays.com\/fr\/wp-json\/wp\/v2\/posts\/447314","targetHints":{"allow":["GET"]}}],"collection":[{"href":"https:\/\/www.europesays.com\/fr\/wp-json\/wp\/v2\/posts"}],"about":[{"href":"https:\/\/www.europesays.com\/fr\/wp-json\/wp\/v2\/types\/post"}],"author":[{"embeddable":true,"href":"https:\/\/www.europesays.com\/fr\/wp-json\/wp\/v2\/users\/2"}],"replies":[{"embeddable":true,"href":"https:\/\/www.europesays.com\/fr\/wp-json\/wp\/v2\/comments?post=447314"}],"version-history":[{"count":0,"href":"https:\/\/www.europesays.com\/fr\/wp-json\/wp\/v2\/posts\/447314\/revisions"}],"wp:featuredmedia":[{"embeddable":true,"href":"https:\/\/www.europesays.com\/fr\/wp-json\/wp\/v2\/media\/447315"}],"wp:attachment":[{"href":"https:\/\/www.europesays.com\/fr\/wp-json\/wp\/v2\/media?parent=447314"}],"wp:term":[{"taxonomy":"category","embeddable":true,"href":"https:\/\/www.europesays.com\/fr\/wp-json\/wp\/v2\/categories?post=447314"},{"taxonomy":"post_tag","embeddable":true,"href":"https:\/\/www.europesays.com\/fr\/wp-json\/wp\/v2\/tags?post=447314"}],"curies":[{"name":"wp","href":"https:\/\/api.w.org\/{rel}","templated":true}]}}