{"id":447318,"date":"2025-10-08T11:14:18","date_gmt":"2025-10-08T11:14:18","guid":{"rendered":"https:\/\/www.europesays.com\/fr\/447318\/"},"modified":"2025-10-08T11:14:18","modified_gmt":"2025-10-08T11:14:18","slug":"ille-et-vilaine-comment-les-pompiers-ont-collecte-7-000-euros-pour-la-lutte-contre-le-cancer-du-sein","status":"publish","type":"post","link":"https:\/\/www.europesays.com\/fr\/447318\/","title":{"rendered":"Ille-et-Vilaine. Comment les pompiers ont collect\u00e9 7 000 euros pour la lutte contre le cancer du sein"},"content":{"rendered":"<p>            Par<br \/>\n        <strong><br \/>\n            <a href=\"https:\/\/actu.fr\/auteur\/brian-legoff\" title=\"Consulter tous les articles de Brian Le Goff\" target=\"_blank\" rel=\"noopener\">Brian Le Goff<\/a><br \/>\n        <\/strong><\/p>\n<p>        Publi\u00e9 le<\/p>\n<p>            8 oct. 2025 \u00e0 11h09        <\/p>\n<p><strong>\u00ab\u00a0Comment participer, <\/strong>nous aussi, \u00e0 la <strong>lutte contre le cancer du sein<\/strong> dans le cadre d\u2019<a href=\"https:\/\/actu.fr\/tag\/octobre-rose\" target=\"_blank\" rel=\"noopener\">octobre rose<\/a> ?\u00a0\u00bb C\u2019est la question que les pompiers d\u2019Ille-et-Vilaine se posent depuis d\u00e9j\u00e0 2024. Pour soutenir la cause, ils avaient <strong>d\u2019abord customis\u00e9 leur \u00e9cusson<\/strong> l\u2019an pass\u00e9.\u00a0<\/p>\n<p>Aller plus loin que le simple affichage des couleurs<\/p>\n<p class=\" wall-content\">Mais, pour 2025, l\u2019\u00e9quipe communication du service d\u00e9partemental, bas\u00e9 \u00e0 <a href=\"https:\/\/actu.fr\/rennes\/\" target=\"_blank\" rel=\"noopener\">Rennes<\/a>, a propos\u00e9 d\u2019<strong>aller au-del\u00e0 du simple affichage des couleurs d\u2019octobre rose<\/strong> et de l\u2019associer \u00e0 une d\u00e9marche solidaire. Celle-ci a donc propos\u00e9 un \u00e9cusson reprenant le logo des pompiers, mais avec un<strong> fond totalement rose accompagn\u00e9 du ruban rose,<\/strong> symbole de la lutte contre le <a href=\"https:\/\/actu.fr\/tag\/cancer\" target=\"_blank\" rel=\"noopener\">cancer<\/a> du sein, \u00e0 la vente.<\/p>\n<p class=\" wall-content\"><strong>3 000 \u00e9cussons ont ainsi \u00e9t\u00e9 fabriqu\u00e9s, vendus 3 euros l\u2019unit\u00e9<\/strong> aux <a href=\"https:\/\/actu.fr\/tag\/pompiers\" target=\"_blank\" rel=\"noopener\">pompiers<\/a> du d\u00e9partement. L\u2019op\u00e9ration est un vrai succ\u00e8s. Il <strong>restait, mardi 7 octobre, 26 \u00e9cussons<\/strong> qui n\u2019avaient pas \u00e9t\u00e9 encore achet\u00e9s.<\/p>\n<p>3 480,50 euros pour chaque association<br \/>\n    <img   decoding=\"async\" loading=\"lazy\" src=\"https:\/\/www.europesays.com\/fr\/wp-content\/uploads\/2025\/10\/ecusson-octobre-rose-lutte-contre-cancer-du-sein-pompiers-ille-et-vilaine-rennes-remise-cheques-4-96.jpeg\" alt=\"Deux ch\u00e8ques, pour pr\u00e8s de 7 00 euros au total, ont \u00e9t\u00e9 remis \u00e0 deux associations qui accompagnent les patients atteints d'un cancer du sein.\" width=\"960\" height=\"640\"\/><br \/>\n    Deux ch\u00e8ques, pour pr\u00e8s de 7 00 euros au total, ont \u00e9t\u00e9 remis \u00e0 deux associations qui accompagnent les patients atteints d\u2019un cancer du sein. (\u00a9Brian Le Goff \/ actu Rennes)<\/p>\n<p class=\" wall-content\">C\u2019est ce m\u00eame jour que le <strong>b\u00e9n\u00e9fice de cette vente<\/strong> a \u00e9t\u00e9 <strong>remis<\/strong> \u00e0 deux entit\u00e9s rennaises qui accompagnent les patients atteints d\u2019un cancer du sein : <strong>l\u2019\u00e9tablissement rennais du sein<\/strong>\u00a0et le <strong>S\u00e9nop\u00f4le S\u00e9vign\u00e9<\/strong>. Chacune a ainsi re\u00e7u un ch\u00e8que de 3 480,50 euros.<\/p>\n<p>\u00ab\u00a0J\u2019ose vous remercier du fond du c\u0153ur\u00a0\u00bb<\/p>\n<p class=\" wall-content\">Et toutes les repr\u00e9sentantes n\u2019ont pu cacher leur \u00e9motion. \u00ab\u00a0On est <strong>extr\u00eamement touch\u00e9<\/strong> par la solidarit\u00e9 et la g\u00e9n\u00e9rosit\u00e9 des pompiers. Cela va permettre de<strong> financer des parcours de soins complets<\/strong> et \u00e9galement du <strong>mat\u00e9riel<\/strong>, comme des<strong> bustes de palpation<\/strong> pour pouvoir continuer \u00e0 faire des <strong>ateliers de pr\u00e9vention et de sensibilisation\u00a0\u00bb<\/strong>, explique Karine Balcou, pr\u00e9sidente de l\u2019\u00e9tablissement rennais du sein.<\/p>\n<p>Votre r\u00e9gion, votre actu !<\/p>\n<p>Recevez chaque jour les infos qui comptent pour vous.<\/p>\n<p>\t<a href=\"https:\/\/actu.fr\/newsletter\" class=\"ac-btn ac-btn--corner ac-btn--medium ac-btn--blue800\" target=\"_blank\" rel=\"noopener\">S&rsquo;incrire<\/a><\/p>\n<blockquote class=\"ac-article-quote wall-content\">\n<p>Ce don va faciliter les parcours de soins de patientes atteintes d&rsquo;un cancer du sein avec de la sexologie, de la psychoth\u00e9rapie. Il nous permettra aussi d&rsquo;\u00eatre hors les murs pour informer le plus grand nombre sur ce sujet. <\/p>\n<p>    <strong>Repr\u00e9sentante du S\u00e9nop\u00f4le S\u00e9vign\u00e9<\/strong>\n            <\/p><\/blockquote>\n<p class=\" wall-content\">\u00ab\u00a0J\u2019ose vous remercier du fond du c\u0153ur, lance <strong>Anne Mercier Blas,<\/strong> oncologue \u00e0 la retraite, membre du S\u00e9nop\u00f4le. Depuis 1987, o\u00f9 l\u2019on a commenc\u00e9 \u00e0 voir les cancers du sein, on peut se f\u00e9liciter de tout ce qui a \u00e9t\u00e9 mis en place. Mais \u00e7a ne suffit pas.<strong> Il y a toujours des cancers du sein d\u00e9couverts tardivement<\/strong>.\u00a0\u00bb<\/p>\n<p class=\" wall-content\">Ce don va financer les soins de support de femmes malades, \u00ab\u00a0car ils ne sont pas toujours pas tous pris en charge par l\u2019assurance maladie\u00a0\u00bb, note encore Anne Mercier Blas. \u00ab\u00a0Pourtant, ils aident vraiment \u00e0 vivre la maladie. Et enfin, ils permettent d\u2019aider \u00e0 la compr\u00e9hension de toute la maladie, notamment \u00e0 travers des ateliers pour expliquer les traitements et accompagner les patients dans ces derniers.\u00a0\u00bb<\/p>\n<p>    <img   decoding=\"async\" loading=\"lazy\" src=\"https:\/\/www.europesays.com\/fr\/wp-content\/uploads\/2025\/10\/ecusson-octobre-rose-lutte-contre-cancer-du-sein-pompiers-ille-et-vilaine-rennes-remise-cheques-1-96.jpeg\" alt=\"St\u00e9phanie Boutros et Audrey Hirou-Robert, toutes deux sapeurs-pompiers, portent fi\u00e8rement l'\u00e9cusson rose.\" width=\"960\" height=\"640\"\/><br \/>\n    St\u00e9phanie Boutros et Audrey Hirou-Robert, toutes deux sapeurs-pompiers, portent fi\u00e8rement l\u2019\u00e9cusson rose. (\u00a9Brian Le Goff \/ actu Rennes)\u00ab\u00a0La traduction d\u2019un esprit\u00a0\u00bb<\/p>\n<p class=\" wall-content\">Cette op\u00e9ration <strong>\u00ab\u00a0prouve l\u2019engagement<\/strong> et la traduction d\u2019un esprit au sein de la communaut\u00e9 <strong>des pompiers\u00a0\u00bb<\/strong>, abonde le contr\u00f4leur g\u00e9n\u00e9ral <strong>Eric Candas,<\/strong> directeur d\u00e9partemental du Sdis 35. \u00ab\u00a0Lorsque le sujet est porteur de valeurs, tout le monde se met \u00e0 l\u2019unisson.\u00a0\u00bb<\/p>\n<p class=\" wall-content\">Cette action s\u2019inscrit enfin dans un <strong>objectif de f\u00e9minisation des effectifs des pompiers.<\/strong> Dans le d\u00e9partement, ils sont 4 000, professionnels ou volontaires, dont seulement 900 femmes.<\/p>\n<p class=\" wall-content\">Personnalisez votre actualit\u00e9 en ajoutant vos villes et m\u00e9dias en favori avec <a href=\"https:\/\/moncompte.actu.fr\" title=\"D\u00e9couvez Mon Actu\" rel=\"nofollow noopener\" data-trk=\"{&quot;cta&quot;:{&quot;action&quot;:&quot;https:\\\/\\\/moncompte.actu.fr&quot;,&quot;category&quot;:&quot;mon compte&quot;,&quot;from&quot;:&quot;article footer&quot;,&quot;name&quot;:&quot;Mon actu&quot;,&quot;type&quot;:&quot;cta&quot;}}\" target=\"_blank\">Mon Actu<\/a>.<\/p>\n","protected":false},"excerpt":{"rendered":"Par Brian Le Goff Publi\u00e9 le 8 oct. 2025 \u00e0 11h09 \u00ab\u00a0Comment participer, nous aussi, \u00e0 la lutte&hellip;\n","protected":false},"author":2,"featured_media":447319,"comment_status":"","ping_status":"","sticky":false,"template":"","format":"standard","meta":{"footnotes":""},"categories":[2821],"tags":[1111,11,829,101,1777,674,1011,27,12,54321,584,25,104,3400],"class_list":{"0":"post-447318","1":"post","2":"type-post","3":"status-publish","4":"format-standard","5":"has-post-thumbnail","7":"category-rennes","8":"tag-actu","9":"tag-actualites","10":"tag-bretagne","11":"tag-cancer","12":"tag-eu","13":"tag-europe","14":"tag-fr","15":"tag-france","16":"tag-news","17":"tag-octobre-rose","18":"tag-rennes","19":"tag-republique-francaise","20":"tag-societe","21":"tag-solidarite"},"share_on_mastodon":{"url":"https:\/\/pubeurope.com\/@fr\/115338259412434228","error":""},"_links":{"self":[{"href":"https:\/\/www.europesays.com\/fr\/wp-json\/wp\/v2\/posts\/447318","targetHints":{"allow":["GET"]}}],"collection":[{"href":"https:\/\/www.europesays.com\/fr\/wp-json\/wp\/v2\/posts"}],"about":[{"href":"https:\/\/www.europesays.com\/fr\/wp-json\/wp\/v2\/types\/post"}],"author":[{"embeddable":true,"href":"https:\/\/www.europesays.com\/fr\/wp-json\/wp\/v2\/users\/2"}],"replies":[{"embeddable":true,"href":"https:\/\/www.europesays.com\/fr\/wp-json\/wp\/v2\/comments?post=447318"}],"version-history":[{"count":0,"href":"https:\/\/www.europesays.com\/fr\/wp-json\/wp\/v2\/posts\/447318\/revisions"}],"wp:featuredmedia":[{"embeddable":true,"href":"https:\/\/www.europesays.com\/fr\/wp-json\/wp\/v2\/media\/447319"}],"wp:attachment":[{"href":"https:\/\/www.europesays.com\/fr\/wp-json\/wp\/v2\/media?parent=447318"}],"wp:term":[{"taxonomy":"category","embeddable":true,"href":"https:\/\/www.europesays.com\/fr\/wp-json\/wp\/v2\/categories?post=447318"},{"taxonomy":"post_tag","embeddable":true,"href":"https:\/\/www.europesays.com\/fr\/wp-json\/wp\/v2\/tags?post=447318"}],"curies":[{"name":"wp","href":"https:\/\/api.w.org\/{rel}","templated":true}]}}