{"id":447320,"date":"2025-10-08T11:15:14","date_gmt":"2025-10-08T11:15:14","guid":{"rendered":"https:\/\/www.europesays.com\/fr\/447320\/"},"modified":"2025-10-08T11:15:14","modified_gmt":"2025-10-08T11:15:14","slug":"un-combat-brest-rennes-pour-sa-huitieme-edition-brest-a-manger-propose-un-ring-culinaire-le-12-octobre","status":"publish","type":"post","link":"https:\/\/www.europesays.com\/fr\/447320\/","title":{"rendered":"Un combat Brest &#8211; Rennes\u00a0: pour sa huiti\u00e8me \u00e9dition, Brest \u00e0 manger propose un \u00ab\u00a0ring culinaire\u00a0\u00bb le 12\u00a0octobre"},"content":{"rendered":"<p>Apr\u00e8s avoir attir\u00e9 <a href=\"https:\/\/www.letelegramme.fr\/finistere\/brest-29200\/un-plaisir-de-venir-ici-le-brest-a-manger-du-collectif-taste-ouest-rencontre-un-nouveau-succes-6797901.php\" title=\"www.letelegramme.fr\" target=\"_blank\" rel=\"noopener\">pr\u00e8s de 2\u00a0000 personnes en avril dernier aux halles Saint-Martin<\/a>, le collectif Taste Ouest remet le couvert ce dimanche 12 octobre 2025, avec une nouvelle \u00e9dition du rendez-vous \u00ab\u00a0Brest \u00e0 manger\u00a0\u00bb, la huiti\u00e8me. Cette fois, le collectif innove, en invitant trois chefs et artisans rennais pour un face-\u00e0-face original contre les professionnels brestois. Les Brestois auront donc l\u2019occasion de go\u00fbter les cr\u00e9ations bretilliennes d\u2019Eat Machine (traiteur), T\u00eate d\u2019Ail (cuisine bistronomique) et Chawp Shop (cuisine asiatique), tous membres du collectif rennais Le March\u00e9 \u00e0 manger. Chez les locaux, on retrouvera la charcuterie H\u00e9libert, Enracin\u00e9s\u00a0!, Le\u00a0Coq en p\u00e2te, Peck and Co, la fromagerie du Bout du monde et Tisto, nouveau venu, qui propose de la street-food (cuisine de rue) italienne.<\/p>\n<p>Le principe de l\u2019\u00e9v\u00e9nement reste le m\u00eame\u00a0: des cr\u00e9ations originales \u00e0 petits prix (de 3 \u00e0 9\u00a0\u20ac) \u00e0 d\u00e9guster sur place, sur les grandes tabl\u00e9es dispos\u00e9es sous les halles pour l\u2019occasion, ou \u00e0 emporter. Pr\u00e8s de 1\u00a0500\u00a0portions seront propos\u00e9es au public. Les premiers arriv\u00e9s seront les premiers servis\u00a0!<\/p>\n<p>Pratique<\/p>\n<p class=\"note\">Brest \u00e0 manger #8, ce dimanche 12 octobre 2025, de 11\u00a0h\u00a030 \u00e0 14\u00a0h, aux halles Saint-Martin, \u00e0 Brest. Bars \u00e0 bi\u00e8res, vins et softs. Ambiance musicale sur place.<\/p>\n","protected":false},"excerpt":{"rendered":"Apr\u00e8s avoir attir\u00e9 pr\u00e8s de 2\u00a0000 personnes en avril dernier aux halles Saint-Martin, le collectif Taste Ouest remet&hellip;\n","protected":false},"author":2,"featured_media":447321,"comment_status":"","ping_status":"","sticky":false,"template":"","format":"standard","meta":{"footnotes":""},"categories":[2821],"tags":[1111,11,1063,3450,829,902,1777,674,1011,27,1661,1393,12,584,25],"class_list":{"0":"post-447320","1":"post","2":"type-post","3":"status-publish","4":"format-standard","5":"has-post-thumbnail","7":"category-rennes","8":"tag-actu","9":"tag-actualites","10":"tag-animations","11":"tag-brest","12":"tag-bretagne","13":"tag-cuisine","14":"tag-eu","15":"tag-europe","16":"tag-fr","17":"tag-france","18":"tag-gastronomie","19":"tag-loisirs","20":"tag-news","21":"tag-rennes","22":"tag-republique-francaise"},"share_on_mastodon":{"url":"https:\/\/pubeurope.com\/@fr\/115338262997997487","error":""},"_links":{"self":[{"href":"https:\/\/www.europesays.com\/fr\/wp-json\/wp\/v2\/posts\/447320","targetHints":{"allow":["GET"]}}],"collection":[{"href":"https:\/\/www.europesays.com\/fr\/wp-json\/wp\/v2\/posts"}],"about":[{"href":"https:\/\/www.europesays.com\/fr\/wp-json\/wp\/v2\/types\/post"}],"author":[{"embeddable":true,"href":"https:\/\/www.europesays.com\/fr\/wp-json\/wp\/v2\/users\/2"}],"replies":[{"embeddable":true,"href":"https:\/\/www.europesays.com\/fr\/wp-json\/wp\/v2\/comments?post=447320"}],"version-history":[{"count":0,"href":"https:\/\/www.europesays.com\/fr\/wp-json\/wp\/v2\/posts\/447320\/revisions"}],"wp:featuredmedia":[{"embeddable":true,"href":"https:\/\/www.europesays.com\/fr\/wp-json\/wp\/v2\/media\/447321"}],"wp:attachment":[{"href":"https:\/\/www.europesays.com\/fr\/wp-json\/wp\/v2\/media?parent=447320"}],"wp:term":[{"taxonomy":"category","embeddable":true,"href":"https:\/\/www.europesays.com\/fr\/wp-json\/wp\/v2\/categories?post=447320"},{"taxonomy":"post_tag","embeddable":true,"href":"https:\/\/www.europesays.com\/fr\/wp-json\/wp\/v2\/tags?post=447320"}],"curies":[{"name":"wp","href":"https:\/\/api.w.org\/{rel}","templated":true}]}}