{"id":447322,"date":"2025-10-08T11:16:11","date_gmt":"2025-10-08T11:16:11","guid":{"rendered":"https:\/\/www.europesays.com\/fr\/447322\/"},"modified":"2025-10-08T11:16:11","modified_gmt":"2025-10-08T11:16:11","slug":"des-parents-inquiets-par-des-travaux-a-rallonge-devant-une-ecole-a-strasbourg","status":"publish","type":"post","link":"https:\/\/www.europesays.com\/fr\/447322\/","title":{"rendered":"des parents inquiets par des travaux \u00e0 rallonge devant une \u00e9cole \u00e0 Strasbourg"},"content":{"rendered":"<p>            Par<br \/>\n        <strong><br \/>\n            <a href=\"https:\/\/actu.fr\/auteur\/thomas-blanc\" title=\"Consulter tous les articles de Thomas Blanc\" target=\"_blank\" rel=\"noopener\">Thomas Blanc<\/a><br \/>\n        <\/strong><\/p>\n<p>        Publi\u00e9 le<\/p>\n<p>            8 oct. 2025 \u00e0 12h45        <\/p>\n<p>Devant le <strong>groupe scolaire Saint-Jean<\/strong> de la rue des Bonnes-Gens, dans le centre-ville de <a href=\"https:\/\/actu.fr\/strasbourg\/\" target=\"_blank\" rel=\"noopener\">Strasbourg<\/a>, la chor\u00e9graphie qui se joue tous les matins lors de l\u2019arriv\u00e9e des parents et de leurs enfants <strong>est perturb\u00e9e<\/strong> par les importants <a href=\"https:\/\/actu.fr\/tag\/travaux\" target=\"_blank\" rel=\"noopener\">travaux<\/a> qui <strong>s\u2019\u00e9ternisent<\/strong> devant l\u2019<a href=\"https:\/\/actu.fr\/tag\/ecoles\" target=\"_blank\" rel=\"noopener\">\u00e9cole<\/a>. Les parents, en plus de se demander quand tous ces travaux vont prendre fin, <strong>s\u2019inqui\u00e8tent pour la s\u00e9curit\u00e9<\/strong> de leurs <a href=\"https:\/\/actu.fr\/tag\/enfants\" target=\"_blank\" rel=\"noopener\">enfants<\/a>.<\/p>\n<p>    <a href=\"https:\/\/www.google.com\/maps\/embed?pb=!1m18!1m12!1m3!1d4438.409583375118!2d7.744212101133212!3d48.588896541835545!2m3!1f0!2f0!3f0!3m2!1i1024!2i768!4f13.1!3m3!1m2!1s0x4796c84f5c4022fd%3A0x7e6fbc34dc80260b!2s%C3%89cole%20maternelle%20publique%20Saint-Jean!5e0!3m2!1sfr!2sfr!4v1759915015243!5m2!1sfr!2sfr\" title=\"Ouvrie le lien\" target=\"_blank\" rel=\"noopener\">Cliquez ici pour visualiser le contenu<\/a><\/p>\n<p>Deux chantiers en cours devant l\u2019\u00e9cole Saint-Jean \u00e0 Strasbourg<\/p>\n<p class=\" wall-content\">\u00ab\u2009On a l\u2019impression qu\u2019ils improvisent\u2009\u00bb, lance Philippe* face \u00e0 la longueur des travaux en place \u00e0 l\u2019angle de la rue des Bonnes Gens et de la rue Bouxwiller. \u00ab\u2009C\u2019est au moins la troisi\u00e8me fois qu\u2019ils ouvrent la route en quelques mois\u2009\u00bb, poursuit exc\u00e9d\u00e9 le p\u00e8re de famille, auteur d\u2019une vid\u00e9o publi\u00e9e sur Facebook pour alerter sur la situation.<\/p>\n<p>    <a href=\"https:\/\/www.facebook.com\/plugins\/video.php?height=476&amp;href=https%3A%2F%2Fwww.facebook.com%2F1937587280449501%2Fvideos%2F1509913446866801%2F%3Fidorvanity%3D2854642108178876&amp;show_text=true&amp;width=350&amp;t=0\" title=\"Ouvrie le lien\" target=\"_blank\" rel=\"noopener\">Cliquez ici pour visualiser le contenu<\/a><\/p>\n<p class=\" wall-content\">Sur place, <strong>difficile d\u2019y voir plus clair<\/strong>. Devant l\u2019\u00e9cole, les ouvriers disent travailler sur le <strong>r\u00e9seau \u00e9lectrique<\/strong>. Plus haut dans la rue, d\u2019autres travaillent autour d\u2019un immense trou dans la chauss\u00e9e pour raccorder les immeubles au <strong>r\u00e9seau de chaleur<\/strong>.<\/p>\n<p>    <img   decoding=\"async\" loading=\"lazy\" src=\"https:\/\/www.europesays.com\/fr\/wp-content\/uploads\/2025\/10\/chantiers-rue-des-bonnes-gens-ecole-saint-jean-2-960x640.jpg\" alt=\"Apr\u00e8s avoir franchi les travaux du r\u00e9seau de chaleur, il faut encore enjamber le trottoir fraichement referm\u00e9 pour acc\u00e9der \u00e0 l'\u00e9cole.\" width=\"960\" height=\"640\"\/><br \/>\n    Apr\u00e8s avoir franchi les travaux du r\u00e9seau de chaleur, il faut encore enjamber le trottoir fra\u00eechement referm\u00e9 pour acc\u00e9der \u00e0 l\u2019\u00e9cole. (\u00a9Thomas Blanc \/ Actu Strasbourg)<\/p>\n<p class=\" wall-content\">La Ville et l\u2019<a href=\"https:\/\/actu.fr\/tag\/eurometropole-de-strasbourg\" target=\"_blank\" rel=\"noopener\">Eurom\u00e9tropole de Strasbourg<\/a> renvoient la balle dans le camp d\u2019\u00c9lectricit\u00e9 de Strasbourg qui reconna\u00eet mener une partie des travaux de la rue sur l\u2019\u00e9clairage public mais suite \u00ab<strong>\u2009\u00e0 la demande urgente<\/strong> de l\u2019Eurom\u00e9tropole.\u2009\u00bb<\/p>\n<p>Votre r\u00e9gion, votre actu !<\/p>\n<p>Recevez chaque jour les infos qui comptent pour vous.<\/p>\n<p>\t<a href=\"https:\/\/actu.fr\/newsletter\" class=\"ac-btn ac-btn--corner ac-btn--medium ac-btn--blue800\" target=\"_blank\" rel=\"noopener\">S&rsquo;incrire<\/a><br \/>\nUn parcours dangereux pour acc\u00e9der \u00e0 l\u2019\u00e9cole<\/p>\n<p class=\" wall-content\">La multiplication de ces travaux, <strong>de ces trous et des engins pr\u00e9sents<\/strong> fait craindre <strong>le pire<\/strong> aux parents. \u00ab\u2009Ce qui commence \u00e0 me peser c\u2019est que j\u2019ai peur pour mes enfants. Je ne vais plus \u00e0 l\u2019\u00e9cole \u00e0 v\u00e9lo avec mes enfants car j\u2019ai peur qu\u2019ils tombent, il faut passer sur des c\u00e2bles, monter beaucoup de trottoirs, prendre des passerelles\u2009\u00bb, admet Marine, m\u00e8re de deux enfants, r\u00e9sign\u00e9e.<\/p>\n<p>    <img   decoding=\"async\" loading=\"lazy\" src=\"https:\/\/www.europesays.com\/fr\/wp-content\/uploads\/2025\/10\/chantiers-rue-des-bonnes-gens-ecole-saint-jean-960x640.jpg\" alt=\"Avec les engins de chantier sur la route et les voitures, il faut se faufiler pour acc\u00e9der, \u00e0 pied ou \u00e0 v\u00e9lo \u00e0 l'entr\u00e9e  de l'\u00e9cole.\" width=\"960\" height=\"640\"\/><br \/>\n    Avec les engins de chantier pour l\u2019\u00e9clairage public sur la route et les voitures, il faut se faufiler pour acc\u00e9der, \u00e0 pied ou \u00e0 v\u00e9lo \u00e0 l\u2019entr\u00e9e de l\u2019\u00e9cole. (\u00a9Thomas Blanc \/ Actu Strasbourg)<\/p>\n<p class=\" wall-content\">Avant, la rue \u00e9tait ferm\u00e9e \u00e0 circulation mais d\u00e9sormais, \u00ab\u2009un passage \u00e9troit est ouvert et passer <strong>au milieu du chantier et des voitures<\/strong>, c\u2019est difficile\u2009\u00bb, glisse une autre maman venue d\u00e9poser son enfant.<\/p>\n<p>De nouveaux travaux \u00e0 partir du 20\u00a0octobre<\/p>\n<p class=\" wall-content\">Le calendrier des travaux, fourni par la Ville de Strasbourg, pr\u00e9voit <strong>la r\u00e9alisation d\u2019une \u00ab\u2009rue scolaire\u2009\u00bb<\/strong> \u00e0 cet endroit durant les vacances d\u2019automne. D\u2019apr\u00e8s la municipalit\u00e9, ces rues pi\u00e9tonnis\u00e9es (partiellement ou totalement), introduites depuis 2022, am\u00e9lioreraient la s\u00e9curit\u00e9 des enfants et r\u00e9duiraient leur exposition \u00e0 la pollution de l\u2019air.<\/p>\n<p class=\" wall-content\">Les parents s\u2019inqui\u00e8tent du fait que ces travaux <strong>soient \u00e9galement rallong\u00e9s<\/strong> et ne g\u00eanent encore l\u2019arriv\u00e9e des enfants.<\/p>\n<p class=\" wall-content\">*Le pr\u00e9nom a \u00e9t\u00e9 modifi\u00e9<\/p>\n<p class=\" wall-content\">Personnalisez votre actualit\u00e9 en ajoutant vos villes et m\u00e9dias en favori avec <a href=\"https:\/\/moncompte.actu.fr\" title=\"D\u00e9couvez Mon Actu\" rel=\"nofollow noopener\" data-trk=\"{&quot;cta&quot;:{&quot;action&quot;:&quot;https:\\\/\\\/moncompte.actu.fr&quot;,&quot;category&quot;:&quot;mon compte&quot;,&quot;from&quot;:&quot;article footer&quot;,&quot;name&quot;:&quot;Mon actu&quot;,&quot;type&quot;:&quot;cta&quot;}}\" target=\"_blank\">Mon Actu<\/a>.<\/p>\n","protected":false},"excerpt":{"rendered":"Par Thomas Blanc Publi\u00e9 le 8 oct. 2025 \u00e0 12h45 Devant le groupe scolaire Saint-Jean de la rue&hellip;\n","protected":false},"author":2,"featured_media":447323,"comment_status":"","ping_status":"","sticky":false,"template":"","format":"standard","meta":{"footnotes":""},"categories":[2820],"tags":[1111,11,4019,1719,1777,674,1011,27,775,12,25,104,640,2086],"class_list":{"0":"post-447322","1":"post","2":"type-post","3":"status-publish","4":"format-standard","5":"has-post-thumbnail","7":"category-strasbourg","8":"tag-actu","9":"tag-actualites","10":"tag-ecoles","11":"tag-enfants","12":"tag-eu","13":"tag-europe","14":"tag-fr","15":"tag-france","16":"tag-grand-est","17":"tag-news","18":"tag-republique-francaise","19":"tag-societe","20":"tag-strasbourg","21":"tag-travaux"},"share_on_mastodon":{"url":"https:\/\/pubeurope.com\/@fr\/115338267047203435","error":""},"_links":{"self":[{"href":"https:\/\/www.europesays.com\/fr\/wp-json\/wp\/v2\/posts\/447322","targetHints":{"allow":["GET"]}}],"collection":[{"href":"https:\/\/www.europesays.com\/fr\/wp-json\/wp\/v2\/posts"}],"about":[{"href":"https:\/\/www.europesays.com\/fr\/wp-json\/wp\/v2\/types\/post"}],"author":[{"embeddable":true,"href":"https:\/\/www.europesays.com\/fr\/wp-json\/wp\/v2\/users\/2"}],"replies":[{"embeddable":true,"href":"https:\/\/www.europesays.com\/fr\/wp-json\/wp\/v2\/comments?post=447322"}],"version-history":[{"count":0,"href":"https:\/\/www.europesays.com\/fr\/wp-json\/wp\/v2\/posts\/447322\/revisions"}],"wp:featuredmedia":[{"embeddable":true,"href":"https:\/\/www.europesays.com\/fr\/wp-json\/wp\/v2\/media\/447323"}],"wp:attachment":[{"href":"https:\/\/www.europesays.com\/fr\/wp-json\/wp\/v2\/media?parent=447322"}],"wp:term":[{"taxonomy":"category","embeddable":true,"href":"https:\/\/www.europesays.com\/fr\/wp-json\/wp\/v2\/categories?post=447322"},{"taxonomy":"post_tag","embeddable":true,"href":"https:\/\/www.europesays.com\/fr\/wp-json\/wp\/v2\/tags?post=447322"}],"curies":[{"name":"wp","href":"https:\/\/api.w.org\/{rel}","templated":true}]}}