{"id":447324,"date":"2025-10-08T11:17:13","date_gmt":"2025-10-08T11:17:13","guid":{"rendered":"https:\/\/www.europesays.com\/fr\/447324\/"},"modified":"2025-10-08T11:17:13","modified_gmt":"2025-10-08T11:17:13","slug":"strasbourg-la-fete-des-vendanges-et-du-gout-cest-ce-week-end","status":"publish","type":"post","link":"https:\/\/www.europesays.com\/fr\/447324\/","title":{"rendered":"Strasbourg. La f\u00eate des vendanges et du go\u00fbt, c\u2019est ce week-end"},"content":{"rendered":"<p>Comme chaque ann\u00e9e depuis plus de deux d\u00e9cennies, Strasbourg renoue avec ses origines gr\u00e2ce \u00e0 la f\u00eate des vendanges. Un temps o\u00f9 les tonneaux \u00e9taient pouss\u00e9s depuis les quais de l\u2019Ill vers le haut de la ville, via <a href=\"https:\/\/www.dna.fr\/edition-de-strasbourg\/2018\/04\/15\/le-gros-tonneau-scelle\" target=\"_blank\" rel=\"nofollow noopener\">la rue des Tonneliers<\/a> , pour atterrir sur la place Gutenberg. C\u2019est l\u00e0 que les festivit\u00e9s automnales ont repris depuis 24 ans, renouant les fils du pass\u00e9, pour c\u00e9l\u00e9brer le fruit de la vigne, gr\u00e2ce au pressoir install\u00e9 par les Vignerons ind\u00e9pendants de la Couronne d\u2019Or &#8211; le vignoble de Strasbourg.<\/p>\n<p>  D\u00e9gustations et animations<\/p>\n<p>Les \u00e9lus strasbourgeois et de l\u2019Eurom\u00e9tropole seront invit\u00e9s \u00e0 y presser le raisin avec les responsables des Vitrines de Strasbourg d\u00e8s vendredi soir 10 octobre pour lancer les festivit\u00e9s. Trois jours de f\u00eate o\u00f9 la place Gutenberg deviendra un village dans la ville. Les ingr\u00e9dients qui font le succ\u00e8s de cette f\u00eate populaire seront au rendez-vous\u00a0: d\u00e9gustations de vin nouveau, de jus de raisin et vente de vin.<\/p>\n<p>Ce contenu est bloqu\u00e9 car vous n&rsquo;avez pas accept\u00e9 les cookies et autres traceurs.<\/p>\n<p>En cliquant sur \u00ab J\u2019accepte \u00bb, les cookies et autres traceurs seront d\u00e9pos\u00e9s et vous pourrez visualiser les contenus  (<a href=\"\" class=\"consentModule_policy\" target=\"_blank\" title=\"Consulter la politique de protection des donn\u00e9es du fournisseur\">plus d&rsquo;informations<\/a>).<\/p>\n<p>En cliquant sur \u00ab J\u2019accepte tous les cookies \u00bb, vous autorisez des d\u00e9p\u00f4ts de cookies et autres traceurs pour le stockage de vos donn\u00e9es sur nos sites et applications \u00e0 des fins de personnalisation et de ciblage publicitaire.<\/p>\n<p class=\"consentModule_secondaryText\">Vous gardez la possibilit\u00e9 de retirer votre consentement \u00e0 tout moment en consultant notre <a href=\"https:\/\/www.dna.fr\/protection-des-donnees\" target=\"_blank\" title=\"Consulter notre politique de protection des donn\u00e9es\" rel=\"nofollow noopener\">politique de protection des donn\u00e9es<\/a>. <br \/>&#13;<br \/>\n            <a href=\"https:\/\/www.dna.fr\/economie\/2025\/10\/08\/javascript:Didomi.notice.show()\" class=\"consentModule_cmp\" rel=\"nofollow noopener\" target=\"_blank\">G\u00e9rer mes choix<\/a>&#13;\n        <\/p>\n<p>&#13;<br \/>\n                        J&rsquo;accepte&#13;<br \/>\n            J&rsquo;accepte tous les cookies&#13;\n        <\/p>\n<p>C\u00f4t\u00e9 victuailles, on d\u00e9gustera les sp\u00e9cialit\u00e9s locales du terroir (kougelhopfs, bretzels et tartes flamb\u00e9es), propos\u00e9es par la f\u00e9d\u00e9ration des patrons boulangers du Bas-Rhin. Mais aussi des fromages (avec d\u00e9monstration de fabrication de munster frais) et de la charcuterie (knacks, jambon brais\u00e9, choucroute). C\u00f4t\u00e9 sucr\u00e9, pour les gourmands, on trouvera du pain d\u2019\u00e9pices, des gaufres et du chocolat.<\/p>\n<p>\u00c0 noter que l\u2019animation musicale sera assur\u00e9e par l\u2019incontournable <a href=\"https:\/\/www.dna.fr\/culture-loisirs\/2021\/03\/13\/orchestre-perle-70-ans-au-service-de-la-musique-populaire\" target=\"_blank\" rel=\"nofollow noopener\">orchestre Perle<\/a> et un DJ. Sur le podium de la place Gutenberg, ils se relaieront en continu pendant les trois jours de l\u2019\u00e9v\u00e9nement pour animer la f\u00eate et faire danser petits et grands. <\/p>\n<p class=\"note\">F\u00eate des vendanges du go\u00fbt, place Gutenberg \u00e0 Strasbourg\u00a0: vendredi 10\u00a0octobre de 16\u00a0h \u00e0 21\u00a0h\u00a0; samedi 11\u00a0octobre de 11\u00a0h \u00e0 20\u00a0h et dimanche 12\u00a0octobre de 11\u00a0h \u00e0 19\u00a0h.<\/p>\n","protected":false},"excerpt":{"rendered":"Comme chaque ann\u00e9e depuis plus de deux d\u00e9cennies, Strasbourg renoue avec ses origines gr\u00e2ce \u00e0 la f\u00eate des&hellip;\n","protected":false},"author":2,"featured_media":447325,"comment_status":"","ping_status":"","sticky":false,"template":"","format":"standard","meta":{"footnotes":""},"categories":[2820],"tags":[1111,11,4406,130,33,2880,1777,674,107,1011,27,775,12,25,640,2879],"class_list":{"0":"post-447324","1":"post","2":"type-post","3":"status-publish","4":"format-standard","5":"has-post-thumbnail","7":"category-strasbourg","8":"tag-actu","9":"tag-actualites","10":"tag-commerce-et-services","11":"tag-consommation","12":"tag-economie","13":"tag-edition-strasbourg","14":"tag-eu","15":"tag-europe","16":"tag-fil-info","17":"tag-fr","18":"tag-france","19":"tag-grand-est","20":"tag-news","21":"tag-republique-francaise","22":"tag-strasbourg","23":"tag-strasbourg-ville"},"share_on_mastodon":{"url":"https:\/\/pubeurope.com\/@fr\/115338270764404316","error":""},"_links":{"self":[{"href":"https:\/\/www.europesays.com\/fr\/wp-json\/wp\/v2\/posts\/447324","targetHints":{"allow":["GET"]}}],"collection":[{"href":"https:\/\/www.europesays.com\/fr\/wp-json\/wp\/v2\/posts"}],"about":[{"href":"https:\/\/www.europesays.com\/fr\/wp-json\/wp\/v2\/types\/post"}],"author":[{"embeddable":true,"href":"https:\/\/www.europesays.com\/fr\/wp-json\/wp\/v2\/users\/2"}],"replies":[{"embeddable":true,"href":"https:\/\/www.europesays.com\/fr\/wp-json\/wp\/v2\/comments?post=447324"}],"version-history":[{"count":0,"href":"https:\/\/www.europesays.com\/fr\/wp-json\/wp\/v2\/posts\/447324\/revisions"}],"wp:featuredmedia":[{"embeddable":true,"href":"https:\/\/www.europesays.com\/fr\/wp-json\/wp\/v2\/media\/447325"}],"wp:attachment":[{"href":"https:\/\/www.europesays.com\/fr\/wp-json\/wp\/v2\/media?parent=447324"}],"wp:term":[{"taxonomy":"category","embeddable":true,"href":"https:\/\/www.europesays.com\/fr\/wp-json\/wp\/v2\/categories?post=447324"},{"taxonomy":"post_tag","embeddable":true,"href":"https:\/\/www.europesays.com\/fr\/wp-json\/wp\/v2\/tags?post=447324"}],"curies":[{"name":"wp","href":"https:\/\/api.w.org\/{rel}","templated":true}]}}