{"id":447328,"date":"2025-10-08T11:19:18","date_gmt":"2025-10-08T11:19:18","guid":{"rendered":"https:\/\/www.europesays.com\/fr\/447328\/"},"modified":"2025-10-08T11:19:18","modified_gmt":"2025-10-08T11:19:18","slug":"que-deviennent-ces-5-joueurs-partis-de-logc-nice-cet-ete-on-fait-le-point","status":"publish","type":"post","link":"https:\/\/www.europesays.com\/fr\/447328\/","title":{"rendered":"que deviennent ces 5 joueurs partis de l\u2019OGC Nice cet \u00e9t\u00e9\u00a0? On fait le point"},"content":{"rendered":"<p>                                                                                Badredine Bouanani\u00a0: l\u2019Allemagne pour passer un cap<\/p>\n<p>    <img decoding=\"async\" src=\"https:\/\/www.europesays.com\/fr\/wp-content\/uploads\/2025\/10\/eb02d67_upload-1-sv3skmib3iqw-afp-77kd2t3-40529281.jpg\" class=\"figure-img img-fluid rounded\" alt=\"A generic square placeholder image with rounded corners in a figure.\"\/><\/p>\n<p class=\"fs-5 \">Alors qu\u2019il n\u2019\u00e9tait pas un <strong>candidat<\/strong> au d\u00e9part, <a href=\"https:\/\/www.nicematin.com\/sports\/football\/badredine-bouanani-va-quitter-l-ogc-nice-pour-stuttgart-999877\" target=\"_blank\" rel=\"noopener\"><strong>le milieu offensif a rejoint Stuttgart<\/strong><\/a> dans les derniers jours du <strong>mercato<\/strong> pour 20 millions d\u2019euros.<\/p>\n<p class=\"fs-5 \">En quelques semaines, l\u2019Alg\u00e9rien a d\u00e9j\u00e0 pu faire l\u2019\u00e9talage de son aisance technique, \u00e0 l\u2019image de son lob de grande classe pour marquer son premier but face au <strong>Celta Vigo en Ligue Europa<\/strong>.<\/p>\n<p class=\"fs-5 \">En championnat, en revanche, son compteur est toujours bloqu\u00e9 (4 apparitions) et son rendement dans un effectif qui tourne bien (quatri\u00e8me, quatre victoires, deux d\u00e9faites) est encore trop irr\u00e9gulier pour le rendre incontournable dans l\u2019esprit de Sebastian Hoeness.<\/p>\n<p class=\"fs-5 \"><strong>Vladimir Petkovic, lui, vient de le rappeler avec la s\u00e9lection alg\u00e9rienne<\/strong>. Mais il a pr\u00e9venu\u00a0: \u00ab\u00a0Il a \u00e9t\u00e9 absent \u00e0 un moment car nous cherchons des joueurs qui progressent\u00a0\u00bb.<\/p>\n<p class=\"fs-5 \">Pour Bouanani, rien n\u2019est donc acquis.<\/p>\n<p>            <img decoding=\"async\" src=\"https:\/\/www.europesays.com\/fr\/wp-content\/uploads\/2025\/10\/ee67321_upload-from-url-1-wpo6axvvb3m1-spopqr06q503-dm-fabri-2840095408-29-juz7e0kn.jpg\" loading=\"lazy\" alt=\"Premi\u00e8re interview pour Fabrice Bocquet dans la peau du pr\u00e9sident du Gym. \" class=\"img-fluid position-absolute w-100 object-fit-coverrounded-2\" width=\"600\" height=\"400\"\/><\/p>\n<p>                                                                                Marcin Bulka : stopp\u00e9 par une grave blessure<\/p>\n<p>    <img decoding=\"async\" src=\"https:\/\/www.europesays.com\/fr\/wp-content\/uploads\/2025\/10\/723452a_upload-1-6drrbxq7ep8g-image-bulka.jpg\" class=\"figure-img img-fluid rounded\" alt=\"A generic square placeholder image with rounded corners in a figure.\"\/><\/p>\n<p class=\"fs-5 \"><a href=\"https:\/\/www.nicematin.com\/sports\/football\/ogc-nice-marcin-bulka-s-est-engage-avec-le-club-saoudien-de-neom-992581\" target=\"_blank\" rel=\"noopener\"><strong>Recrut\u00e9 par le richissime club saoudien de Neom pour 16 millions d\u2019euros<\/strong><\/a><strong>, <\/strong>le gardien de 26 ans aura disput\u00e9 un match avec sa nouvelle \u00e9quipe (d\u00e9faite 1-0 contre Al-Alhi) avant de se blesser gravement au genou \u00e0 l\u2019entra\u00eenement (rupture du ligament crois\u00e9 ant\u00e9rieur).<\/p>\n<p class=\"fs-5 \">Op\u00e9r\u00e9 avec succ\u00e8s, le g\u00e9ant polonais, remplac\u00e9 dans le onze de <strong>Christophe Galtier <\/strong>par le Portugais Luis Maximiano, est d\u00e9termin\u00e9 \u00e0 faire son retour avant la fin de la saison, lui qui n\u2019a pas tir\u00e9 une croix d\u00e9finitive sur une potentielle participation au Mondial avec sa s\u00e9lection.<\/p>\n<p class=\"fs-5 \">\u00ab\u00a0La vie a ses propres sc\u00e9narios, et l\u2019un d\u2019entre eux comporte les obstacles que nous rencontrons sur la voie du succ\u00e8s. Je suis motiv\u00e9 \u00e0 l\u2019id\u00e9e de revenir plus fort\u00a0\u00bb, \u00e9crivait-il sur Instagram.<\/p>\n<p class=\"fs-5 \">Tandis qu\u2019il poursuit sa r\u00e9\u00e9ducation, son club est 4e de Saudi Pro League (3 succ\u00e8s, 1 revers).<\/p>\n<p>                                                                                Evann Guessand : une mont\u00e9e en puissance \u00e0 Villa<\/p>\n<p>    <img decoding=\"async\" src=\"https:\/\/www.europesays.com\/fr\/wp-content\/uploads\/2025\/10\/d7be1fa_upload-1-aiw75u6oadyk-feyenoord-v-aston-vil-40525047.jpg\" class=\"figure-img img-fluid rounded\" alt=\"A generic square placeholder image with rounded corners in a figure.\"\/><\/p>\n<p class=\"fs-5 \">Il est l\u2019homme qui a refus\u00e9 un pont d\u2019or de <strong>l\u2019Arabie saoudite<\/strong> cet \u00e9t\u00e9. Joueur le plus d\u00e9cisif de la saison pass\u00e9e \u00e0 Nice, <a href=\"https:\/\/www.nicematin.com\/sports\/football\/l-attaquant-de-l-ogc-nice-evann-guessand-prend-la-direction-d-aston-villa-996996\" target=\"_blank\" rel=\"noopener\"><strong>Evann Guessand a pr\u00e9f\u00e9r\u00e9 le projet sportif d\u2019Aston Villa<\/strong><\/a> pour passer un cap dans sa carri\u00e8re.<\/p>\n<p class=\"fs-5 \">Apr\u00e8s des d\u00e9buts logiquement poussifs, l\u2019international ivoirien est en train de monter en puissance, tout comme son \u00e9quipe qui vient d\u2019encha\u00eener quatre victoires de rang, apr\u00e8s n\u2019en avoir connu aucune lors de ses six premiers matchs.<\/p>\n<p class=\"fs-5 \">Replac\u00e9 ailier droit, dans un r\u00f4le plus excentr\u00e9 que celui qu\u2019il occupait au <strong>Gym<\/strong>, le joueur de 24 ans est toujours en qu\u00eate d\u2019un premier but sous ses nouvelles couleurs.<\/p>\n<p class=\"fs-5 \">Ce qui n\u2019a pas emp\u00each\u00e9 <strong>Unai Emery<\/strong> de le titulariser 7 fois sur les 10 premi\u00e8res sorties des Villans, 13es de Premier League mais 3es de Ligue Europa.<\/p>\n<p class=\"fs-5 \"> \u00ab\u00a0Je me sens bien, confiait-il ce week-end \u00e0 la presse britannique. Je commence \u00e0 comprendre comment jouent mes co\u00e9quipiers et ce qu\u2019attend de moi le coach. Je serai bient\u00f4t \u00e0 100 %.\u00a0\u00bb.<\/p>\n<p>                                                                                Ga\u00ebtan Laborde : l\u2019instinct du buteur est toujours l\u00e0<\/p>\n<p>    <img decoding=\"async\" src=\"https:\/\/www.europesays.com\/fr\/wp-content\/uploads\/2025\/10\/e1cce2a_upload-1-qmsqpwczou60-archive-photo-1-1086-10869523.jpg\" class=\"figure-img img-fluid rounded\" alt=\"A generic square placeholder image with rounded corners in a figure.\"\/><\/p>\n<p class=\"fs-5 \">L\u2019attaquant de 31 ans a fait le choix de l\u2019exotisme mais surtout d\u2019une confortable fin de carri\u00e8re <a href=\"https:\/\/www.nicematin.com\/sports\/football\/ogc-nice-gaetan-laborde-officiellement-transfere-a-al-diraiyah-995152\" target=\"_blank\" rel=\"noopener\"><strong>en s\u2019engageant pour trois saisons avec Al-Diriyah<\/strong><\/a><strong>, promu cet \u00e9t\u00e9 en D2 saoudienne. <\/strong><\/p>\n<p class=\"fs-5 \">L\u2019offre \u00e9tait irrefusable, <strong>le projet se veut ambitieux avec pour objectif la mont\u00e9e imm\u00e9diate en Saudi Pro League. <\/strong><\/p>\n<p class=\"fs-5 \">Dans la province de Riyad, Laborde a rejoint quelques visages connus de la <strong>L1<\/strong> comme le coach <strong>Sabri Lamouchi<\/strong> ou l\u2019ancien Marseillais <strong>George-K\u00e9vin Nkoudou<\/strong>.<\/p>\n<p class=\"fs-5 \">Ses premi\u00e8res apparitions d\u00e9montrent qu\u2019il n\u2019a pas \u00e9gar\u00e9 dans le voyage son instinct de buteur avec 5 r\u00e9alisations (dont un tripl\u00e9) inscrits en quatre titularisations.<\/p>\n<p class=\"fs-5 \">Son club, lui, truste la seconde place du classement.<\/p>\n<p>                                                                                Pablo Rosario : retrouvailles r\u00e9ussies avec Farioli<\/p>\n<p>    <img decoding=\"async\" src=\"https:\/\/www.europesays.com\/fr\/wp-content\/uploads\/2025\/10\/55288c3_upload-1-gaqiczjavjoz-image-dpaphotoseight660254.jpg\" class=\"figure-img img-fluid rounded\" alt=\"A generic square placeholder image with rounded corners in a figure.\"\/><\/p>\n<p class=\"fs-5 \">Francesco Farioli, qui avait d\u00e9j\u00e0 tent\u00e9 de faire venir le milieu de terrain \u00e0 l\u2019Ajax Amsterdam,<strong> <a href=\"https:\/\/www.nicematin.com\/sports\/football\/le-milieu-de-l-ogc-nice-pablo-rosario-en-partance-vers-le-fc-porto-999458\" target=\"_blank\" rel=\"noopener\">est parvenu \u00e0 ses fins du c\u00f4t\u00e9 de Porto. <\/a><\/strong><\/p>\n<p class=\"fs-5 \">Une riche id\u00e9e pour le moment, tant les retrouvailles portent leurs fruits. Les Dragons, premiers du championnat, restaient sur 9 victoires de rang (toutes comp\u00e9titions) avant leur nul dimanche contre le <strong>Benfica Lisbonne<\/strong>.<\/p>\n<p class=\"fs-5 \">Buteur contre <strong>Rio Ave<\/strong>, d\u00e8s sa deuxi\u00e8me titularisation, Rosario a d\u00e9j\u00e0 rendu de pr\u00e9cieux services par son sens du combat et surtout sa polyvalence, en \u00e9tant parfois replac\u00e9 dans le couloir droit de la d\u00e9fense.<\/p>\n<p class=\"fs-5 \">Dans l\u2019entrejeu, il semble partir derri\u00e8re <strong>Varela<\/strong>, <strong>Froholdt<\/strong> et surtout <strong>Veiga<\/strong> dans la hi\u00e9rarchie mais sa grande fiabilit\u00e9 pourrait, comme \u00e0 <strong>Nice<\/strong>, l\u2019aider \u00e0 s\u2019installer dans le onze portugais.<\/p>\n","protected":false},"excerpt":{"rendered":"Badredine Bouanani\u00a0: l\u2019Allemagne pour passer un cap Alors qu\u2019il n\u2019\u00e9tait pas un candidat au d\u00e9part, le milieu offensif&hellip;\n","protected":false},"author":2,"featured_media":447329,"comment_status":"","ping_status":"","sticky":false,"template":"","format":"standard","meta":{"footnotes":""},"categories":[2819],"tags":[1111,11,1777,674,1011,27,1434,12,2401,54521,882,25],"class_list":{"0":"post-447328","1":"post","2":"type-post","3":"status-publish","4":"format-standard","5":"has-post-thumbnail","7":"category-nice","8":"tag-actu","9":"tag-actualites","10":"tag-eu","11":"tag-europe","12":"tag-fr","13":"tag-france","14":"tag-mercato","15":"tag-news","16":"tag-nice","17":"tag-ogcnice","18":"tag-provence-alpes-cote-dazur","19":"tag-republique-francaise"},"share_on_mastodon":{"url":"https:\/\/pubeurope.com\/@fr\/115338279168711738","error":""},"_links":{"self":[{"href":"https:\/\/www.europesays.com\/fr\/wp-json\/wp\/v2\/posts\/447328","targetHints":{"allow":["GET"]}}],"collection":[{"href":"https:\/\/www.europesays.com\/fr\/wp-json\/wp\/v2\/posts"}],"about":[{"href":"https:\/\/www.europesays.com\/fr\/wp-json\/wp\/v2\/types\/post"}],"author":[{"embeddable":true,"href":"https:\/\/www.europesays.com\/fr\/wp-json\/wp\/v2\/users\/2"}],"replies":[{"embeddable":true,"href":"https:\/\/www.europesays.com\/fr\/wp-json\/wp\/v2\/comments?post=447328"}],"version-history":[{"count":0,"href":"https:\/\/www.europesays.com\/fr\/wp-json\/wp\/v2\/posts\/447328\/revisions"}],"wp:featuredmedia":[{"embeddable":true,"href":"https:\/\/www.europesays.com\/fr\/wp-json\/wp\/v2\/media\/447329"}],"wp:attachment":[{"href":"https:\/\/www.europesays.com\/fr\/wp-json\/wp\/v2\/media?parent=447328"}],"wp:term":[{"taxonomy":"category","embeddable":true,"href":"https:\/\/www.europesays.com\/fr\/wp-json\/wp\/v2\/categories?post=447328"},{"taxonomy":"post_tag","embeddable":true,"href":"https:\/\/www.europesays.com\/fr\/wp-json\/wp\/v2\/tags?post=447328"}],"curies":[{"name":"wp","href":"https:\/\/api.w.org\/{rel}","templated":true}]}}