{"id":447354,"date":"2025-10-08T11:35:14","date_gmt":"2025-10-08T11:35:14","guid":{"rendered":"https:\/\/www.europesays.com\/fr\/447354\/"},"modified":"2025-10-08T11:35:14","modified_gmt":"2025-10-08T11:35:14","slug":"sebastien-lecornu-pret-a-lacher-sur-le-deficit-pour-faire-passer-un-budget","status":"publish","type":"post","link":"https:\/\/www.europesays.com\/fr\/447354\/","title":{"rendered":"S\u00e9bastien Lecornu pr\u00eat \u00e0 l\u00e2cher sur le d\u00e9ficit pour faire passer un budget"},"content":{"rendered":"<p>                         <img loading=\"lazy\" decoding=\"async\" src=\"https:\/\/www.europesays.com\/fr\/wp-content\/uploads\/2025\/10\/b9036d7_upload-1-y4avc8bpevhk-gj3a8903.jpg\" alt=\"Le premier ministre d\u00e9missionnaire, S\u00e9bastien Lecornu, \u00e0 l\u2019H\u00f4tel de Matignon, \u00e0 Paris, le 8\u00a0octobre 2025.\"   width=\"664\" height=\"443\"\/>    Le premier ministre d\u00e9missionnaire, S\u00e9bastien Lecornu, \u00e0 l\u2019H\u00f4tel de Matignon, \u00e0 Paris, le 8\u00a0octobre 2025.  CYRIL BITTON\/DIVERGENCE POUR \u00ab\u00a0LE MONDE\u00a0\u00bb                 <\/p>\n<p class=\"article__paragraph  \">Tant pis pour la rigueur promise ces derniers mois. Dans l\u2019espoir de trouver in extremis un compromis politique pour faire passer un budget, S\u00e9bastien Lecornu est pr\u00eat \u00e0 r\u00e9duire sensiblement les efforts pr\u00e9vus en mati\u00e8re de finances publiques en\u00a02026. Le premier ministre d\u00e9missionnaire l\u2019a gliss\u00e9, mercredi 8\u00a0octobre, <a href=\"https:\/\/www.lemonde.fr\/politique\/article\/2025\/10\/08\/sebastien-lecornu-l-integralite-de-la-prise-de-parole-du-premier-ministre-demissionnaire_6645299_823448.html\" rel=\"nofollow noopener\" target=\"_blank\">dans une d\u00e9claration succincte sur le perron de l\u2019H\u00f4tel de Matignon<\/a>\u00a0: \u00ab\u00a0La cible de d\u00e9ficit public doit \u00eatre tenue en dessous de 5\u00a0%\u00a0\u00bb dans le prochain budget, soit \u00ab\u00a0entre 4,7\u00a0% et 5\u00a0%\u00a0\u00bb.<\/p>\n<p>   Lire plus tard  <\/p>\n<p class=\"article__paragraph  \">Malgr\u00e9 les mots apparemment s\u00e9v\u00e8res employ\u00e9s, \u00ab\u00a0doit\u00a0\u00bb, \u00ab\u00a0tenue\u00a0\u00bb, \u00ab\u00a0en dessous\u00a0\u00bb, le propos marque un net assouplissement politique. D\u00e9cid\u00e9 \u00e0 tout faire pour limiter la dette, pr\u00e9sent\u00e9e comme l\u2019ennemi public num\u00e9ro un, Fran\u00e7ois Bayrou, alors premier ministre, avait annonc\u00e9 \u00e0 la mi-juillet son intention de comprimer fortement le d\u00e9ficit public en\u00a02026. Il entendait le ramener en un an de 5,4\u00a0% \u00e0 4,6\u00a0% du produit int\u00e9rieur brut (PIB). L\u2019ann\u00e9e 2026\u00a0aurait ainsi \u00e9t\u00e9 celle de l\u2019effort maximal, dans un plan visant \u00e0 faire passer le d\u00e9ficit sous la barre des 3\u00a0% en\u00a02029, de mani\u00e8re \u00e0 respecter alors enfin les r\u00e8gles europ\u00e9ennes et \u00e0 stabiliser la dette.<\/p>\n<p class=\"reading-mode-only \"><strong>Il vous reste 76.44% de cet article \u00e0 lire. La suite est r\u00e9serv\u00e9e aux abonn\u00e9s.<\/strong><\/p>\n","protected":false},"excerpt":{"rendered":"Le premier ministre d\u00e9missionnaire, S\u00e9bastien Lecornu, \u00e0 l\u2019H\u00f4tel de Matignon, \u00e0 Paris, le 8\u00a0octobre 2025. CYRIL BITTON\/DIVERGENCE POUR&hellip;\n","protected":false},"author":2,"featured_media":447355,"comment_status":"","ping_status":"","sticky":false,"template":"","format":"standard","meta":{"footnotes":""},"categories":[1888],"tags":[1111,1928,11,1927,1777,674,1011,27,12,1926,626,1925,25],"class_list":{"0":"post-447354","1":"post","2":"type-post","3":"status-publish","4":"format-standard","5":"has-post-thumbnail","7":"category-paris","8":"tag-actu","9":"tag-actu-paris","10":"tag-actualites","11":"tag-actualites-paris","12":"tag-eu","13":"tag-europe","14":"tag-fr","15":"tag-france","16":"tag-news","17":"tag-news-paris","18":"tag-paris","19":"tag-paris-news","20":"tag-republique-francaise"},"share_on_mastodon":{"url":"https:\/\/pubeurope.com\/@fr\/115338342123979949","error":""},"_links":{"self":[{"href":"https:\/\/www.europesays.com\/fr\/wp-json\/wp\/v2\/posts\/447354","targetHints":{"allow":["GET"]}}],"collection":[{"href":"https:\/\/www.europesays.com\/fr\/wp-json\/wp\/v2\/posts"}],"about":[{"href":"https:\/\/www.europesays.com\/fr\/wp-json\/wp\/v2\/types\/post"}],"author":[{"embeddable":true,"href":"https:\/\/www.europesays.com\/fr\/wp-json\/wp\/v2\/users\/2"}],"replies":[{"embeddable":true,"href":"https:\/\/www.europesays.com\/fr\/wp-json\/wp\/v2\/comments?post=447354"}],"version-history":[{"count":0,"href":"https:\/\/www.europesays.com\/fr\/wp-json\/wp\/v2\/posts\/447354\/revisions"}],"wp:featuredmedia":[{"embeddable":true,"href":"https:\/\/www.europesays.com\/fr\/wp-json\/wp\/v2\/media\/447355"}],"wp:attachment":[{"href":"https:\/\/www.europesays.com\/fr\/wp-json\/wp\/v2\/media?parent=447354"}],"wp:term":[{"taxonomy":"category","embeddable":true,"href":"https:\/\/www.europesays.com\/fr\/wp-json\/wp\/v2\/categories?post=447354"},{"taxonomy":"post_tag","embeddable":true,"href":"https:\/\/www.europesays.com\/fr\/wp-json\/wp\/v2\/tags?post=447354"}],"curies":[{"name":"wp","href":"https:\/\/api.w.org\/{rel}","templated":true}]}}