{"id":447364,"date":"2025-10-08T11:40:12","date_gmt":"2025-10-08T11:40:12","guid":{"rendered":"https:\/\/www.europesays.com\/fr\/447364\/"},"modified":"2025-10-08T11:40:12","modified_gmt":"2025-10-08T11:40:12","slug":"trois-morts-apres-des-bombardements-en-russie-des-sites-energetiques-ukrainiens-aussi-frappes","status":"publish","type":"post","link":"https:\/\/www.europesays.com\/fr\/447364\/","title":{"rendered":"Trois morts apr\u00e8s des bombardements en Russie, des sites \u00e9nerg\u00e9tiques ukrainiens aussi frapp\u00e9s&#8230;"},"content":{"rendered":"<p>L&rsquo;Allemagne va autoriser sa police abattre les drones mena\u00e7ants<\/p>\n<p>Le gouvernement allemand a indiqu\u00e9 mercredi qu&rsquo;il allait autoriser sa police \u00e0 abattre les drones mena\u00e7ants et \u00e9changeait avec Isra\u00ebl et l&rsquo;Ukraine sur sa propre d\u00e9fense, afin de faire face aux vols d&rsquo;appareils au-dessus de sites sensibles dont Moscou est suspect\u00e9.<\/p>\n<p>Le ministre de l&rsquo;Int\u00e9rieur, Alexander Dobrindt, a pr\u00e9sent\u00e9 des amendements l\u00e9gislatifs pour renforcer les moyens des policiers qui pourront \u00ab agir avec des technologies de pointe face aux menaces pos\u00e9es par les drones \u00bb. \u00ab Abattre les drones sera d\u00e9sormais r\u00e9glement\u00e9 et possible pour la police f\u00e9d\u00e9rale \u00bb, a-t-il dit, \u00e0 l&rsquo;issue du conseil des ministres o\u00f9 le texte a \u00e9t\u00e9 pr\u00e9sent\u00e9.<\/p>\n<p>En outre, un \u00ab centre de d\u00e9fense anti-drones sera mis en place \u00bb pour coordonner l&rsquo;action des polices f\u00e9d\u00e9rales et des L\u00e4nder allemands, a ajout\u00e9 Alexander Dobrindt Dobrindt.<\/p>\n<p>La Russie estime que \u00ab\u00a0l&rsquo;impulsion\u00a0\u00bb ayant suivi la rencontre Trump-Poutine s&rsquo;est \u00ab\u00a0largement \u00e9puis\u00e9e\u00a0\u00bb<\/p>\n<p>Un haut responsable russe a estim\u00e9 mercredi que la dynamique r\u00e9cemment cr\u00e9\u00e9e par la rencontre entre Vladimir Poutine et Donald Trump pour mettre fin \u00e0 la guerre en Ukraine s&rsquo;\u00e9tait \u00ab largement \u00e9puis\u00e9e \u00bb, le pr\u00e9sident am\u00e9ricain ayant ces derni\u00e8res semaines durci son discours \u00e0 l&rsquo;\u00e9gard de Moscou.<\/p>\n<p>\u00ab Malheureusement, il faut constater que l&rsquo;impulsion puissante d&rsquo;Anchorage (lieu de la rencontre Trump-Poutine en ao\u00fbt, ndlr) (&#8230;) s&rsquo;est largement \u00e9puis\u00e9e \u00bb, a affirm\u00e9 le vice-ministre russe des Affaires \u00e9trang\u00e8res, Sergue\u00ef Riabkov, cit\u00e9 par l&rsquo;agence de presse RIA Novosti. Selon lui, les \u00ab actions destructrices, en premier lieu des Europ\u00e9ens \u00bb, ont emp\u00each\u00e9 les n\u00e9gociations d&rsquo;avancer pour trouver une \u00ab entente \u00bb sur le r\u00e8glement du conflit en Ukraine.<\/p>\n<p>Une attaque de drones russes aurait frapp\u00e9 des sites \u00e9nerg\u00e9tiques et ferroviaires ukrainiens<\/p>\n<p>Dans la nuit de mardi \u00e0 mercredi, selon l&rsquo;arm\u00e9e de l&rsquo;air ukrainienne, Moscou a attaqu\u00e9 l&rsquo;Ukraine avec 183 drones, dont 154 ont \u00e9t\u00e9 abattus, selon cette source.<\/p>\n<p>Sur la plateforme X, le principal op\u00e9rateur \u00e9nerg\u00e9tique ukrainien, DTEK, a affirm\u00e9 que la Russie avait notamment attaqu\u00e9 une centrale thermique, sans pr\u00e9ciser sa localisation, blessant deux employ\u00e9s et causant de \u00ab s\u00e9rieux d\u00e9g\u00e2ts \u00bb. Le gouverneur de la r\u00e9gion de Tcherniguiv (nord), Viatcheslav Tchaous, a indiqu\u00e9, lui, que des infrastructures ferroviaires, un d\u00e9p\u00f4t de p\u00e9trole et un \u00ab site \u00e9nerg\u00e9tique \u00bb avaient \u00e9t\u00e9 frapp\u00e9s dans la r\u00e9gion, provoquant des coupures de courant.<\/p>\n<p>La Premi\u00e8re ministre ukrainienne, Ioulia Svyrydenko, a d\u00e9nonc\u00e9 sur X une \u00ab terreur d\u00e9lib\u00e9r\u00e9e et syst\u00e9matique \u00bb de la Russie pour priver l&rsquo;Ukraine \u00ab de lumi\u00e8re et de chauffage \u00bb alors que l&rsquo;hiver approche.<\/p>\n<p>Deux morts c\u00f4t\u00e9 ukrainien dans un bombardement sur la ville de Kherson<\/p>\n<p>Dans le sud de l&rsquo;Ukraine, le gouverneur de la r\u00e9gion de Kherson, Oleksandr Prokoudine, a annonc\u00e9 que deux personnes \u00e2g\u00e9es avaient \u00e9t\u00e9 tu\u00e9es mercredi matin par une attaque \u00ab des troupes russes \u00bb sur la ville de Kherson.<\/p>\n<p>Cette cit\u00e9, capitale de la r\u00e9gion \u00e9ponyme, avait \u00e9t\u00e9 lib\u00e9r\u00e9e en novembre 2022 par les forces ukrainiennes apr\u00e8s six mois d&rsquo;occupation par Moscou, mais, depuis, elle est vis\u00e9e en permanence par des frappes russes.<\/p>\n<p>En Russie, trois morts dans \u00ab\u00a0une frappe de missile\u00a0\u00bb dans la r\u00e9gion de Belgorod<\/p>\n<p>Trois personnes ont \u00e9t\u00e9 tu\u00e9es et une autre a \u00e9t\u00e9 bless\u00e9e mercredi dans une \u00ab frappe de missile \u00bb dans la r\u00e9gion russe de Belgorod, frontali\u00e8re de l&rsquo;Ukraine, a indiqu\u00e9 le gouverneur local, Viatcheslav Gladkov.<\/p>\n<p>La frappe a vis\u00e9 le village de Maslova Pristan, dans le district de Chebekino, a pr\u00e9cis\u00e9 Viatcheslav Gladkov sur Telegram. Selon lui, un site d&rsquo;infrastructure sociale a \u00e9t\u00e9 \u00ab partiellement d\u00e9truit \u00bb \u00e0 la suite de cette attaque, \u00ab d&rsquo;autres personnes pouvant se trouver sous les d\u00e9bris \u00bb.<\/p>\n<p>Une attaque de drones signal\u00e9e pour la premi\u00e8re fois dans une ville sib\u00e9rienne<\/p>\n<p>Une attaque de drones a vis\u00e9 lundi soir un site industriel \u00e0 Tioumen, en Sib\u00e9rie, ont annonc\u00e9 les autorit\u00e9s locales, une premi\u00e8re dans cette ville situ\u00e9e \u00e0 plus de 1.800 kilom\u00e8tres de l\u2019Ukraine.<\/p>\n<p>Sur Telegram, les autorit\u00e9s r\u00e9gionales russes ont affirm\u00e9 que trois drones avaient \u00e9t\u00e9 \u00ab\u00a0d\u00e9tect\u00e9s et neutralis\u00e9s \u00bb dans l\u2019enceinte d\u2019une entreprise dans le quartier d\u2019Antipino, dans l\u2019est de Tioumen. Elles n\u2019ont pas pr\u00e9cis\u00e9 l\u2019origine des drones et l\u2019Ukraine, pour l\u2019heure, n\u2019a pas revendiqu\u00e9 cette attaque. Selon des m\u00e9dias locaux, une importante raffinerie de p\u00e9trole a \u00e9t\u00e9 prise pour cible.<\/p>\n<p>L\u2019AIEA pas inqui\u00e8te apr\u00e8s une attaque sur une centrale nucl\u00e9aire russe<\/p>\n<p>L\u2019agence internationale de l\u2019\u00e9nergie atomique (AIEA) a assur\u00e9 mardi qu\u2019il n\u2019y avait \u00ab\u00a0aucune cons\u00e9quence sur la s\u00e9curit\u00e9 nucl\u00e9aire\u00a0\u00bb apr\u00e8s qu\u2019un drone a percut\u00e9 la tour de refroidissement d\u2019une centrale nucl\u00e9aire russe, celle de Novovoronezh, dans le centre du pays.<\/p>\n<p>Kiev a intensifi\u00e9 ses frappes contre les infrastructures \u00e9nerg\u00e9tiques et p\u00e9troli\u00e8res russes, consid\u00e9rant qu\u2019il s\u2019agit d\u2019une r\u00e9ponse l\u00e9gitime \u00e0 l\u2019offensive de Moscou et \u00e0 ses attaques quotidiennes contre les villes ukrainiennes, qui ont parfois priv\u00e9 des millions de personnes de chauffage et d\u2019\u00e9lectricit\u00e9.<\/p>\n<p>Bienvenue dans ce nouveau Live<\/p>\n<p>Bonjour \u00e0 toutes et \u00e0 tous. Comme chaque jour, la r\u00e9daction de 20 Minutes est mobilis\u00e9e pour vous donner l\u2019ensemble des informations sur le conflit entre Kiev et Moscou.<\/p>\n<p>Sur le terrain, le conflit se poursuit. La Russie et l\u2019Ukraine s\u2019accusent d\u2019ailleurs mutuellement d\u2019attaquer des sites nucl\u00e9aires au cours des trois ans et demi de guerre, faisant craindre un accident nucl\u00e9aire.<\/p>\n","protected":false},"excerpt":{"rendered":"L&rsquo;Allemagne va autoriser sa police abattre les drones mena\u00e7ants Le gouvernement allemand a indiqu\u00e9 mercredi qu&rsquo;il allait autoriser&hellip;\n","protected":false},"author":2,"featured_media":447365,"comment_status":"","ping_status":"","sticky":false,"template":"","format":"standard","meta":{"footnotes":""},"categories":[1590],"tags":[47,11,75,73,1777,674,131,74,12,136,132,220,133,135,134],"class_list":{"0":"post-447364","1":"post","2":"type-post","3":"status-publish","4":"format-standard","5":"has-post-thumbnail","7":"category-ukraine","8":"tag-actualite","9":"tag-actualites","10":"tag-donald-trump","11":"tag-etats-unis","12":"tag-eu","13":"tag-europe","14":"tag-guerre-en-ukraine","15":"tag-monde","16":"tag-news","17":"tag-otan","18":"tag-russie","19":"tag-ukraine","20":"tag-video","21":"tag-vladimir-poutine","22":"tag-volodymyr-zelensky"},"share_on_mastodon":{"url":"https:\/\/pubeurope.com\/@fr\/115338361199845496","error":""},"_links":{"self":[{"href":"https:\/\/www.europesays.com\/fr\/wp-json\/wp\/v2\/posts\/447364","targetHints":{"allow":["GET"]}}],"collection":[{"href":"https:\/\/www.europesays.com\/fr\/wp-json\/wp\/v2\/posts"}],"about":[{"href":"https:\/\/www.europesays.com\/fr\/wp-json\/wp\/v2\/types\/post"}],"author":[{"embeddable":true,"href":"https:\/\/www.europesays.com\/fr\/wp-json\/wp\/v2\/users\/2"}],"replies":[{"embeddable":true,"href":"https:\/\/www.europesays.com\/fr\/wp-json\/wp\/v2\/comments?post=447364"}],"version-history":[{"count":0,"href":"https:\/\/www.europesays.com\/fr\/wp-json\/wp\/v2\/posts\/447364\/revisions"}],"wp:featuredmedia":[{"embeddable":true,"href":"https:\/\/www.europesays.com\/fr\/wp-json\/wp\/v2\/media\/447365"}],"wp:attachment":[{"href":"https:\/\/www.europesays.com\/fr\/wp-json\/wp\/v2\/media?parent=447364"}],"wp:term":[{"taxonomy":"category","embeddable":true,"href":"https:\/\/www.europesays.com\/fr\/wp-json\/wp\/v2\/categories?post=447364"},{"taxonomy":"post_tag","embeddable":true,"href":"https:\/\/www.europesays.com\/fr\/wp-json\/wp\/v2\/tags?post=447364"}],"curies":[{"name":"wp","href":"https:\/\/api.w.org\/{rel}","templated":true}]}}