{"id":447373,"date":"2025-10-08T11:45:13","date_gmt":"2025-10-08T11:45:13","guid":{"rendered":"https:\/\/www.europesays.com\/fr\/447373\/"},"modified":"2025-10-08T11:45:13","modified_gmt":"2025-10-08T11:45:13","slug":"bertrand-chameroy-se-confie-sur-sa-recente-grosse-depression","status":"publish","type":"post","link":"https:\/\/www.europesays.com\/fr\/447373\/","title":{"rendered":"Bertrand Chameroy se confie sur sa r\u00e9cente \u00abgrosse d\u00e9pression\u00bb"},"content":{"rendered":"<p>    Bertrand Chameroy dans \u00ab Psychik\u00a0\u00bb, le podcast de Laurent Karila<br \/>\n                Capture \u00e9cran France 5<\/p>\n<p>Le chroniqueur de \u00abC \u00e0 vous\u00bb sur France 5 et de la matinale de France Inter a ouvertement parl\u00e9 de sant\u00e9 mentale dans le nouveau podcast du psychiatre Laurent Karila.<\/p>\n<p class=\"fig-paragraph\">Apr\u00e8s \u00ab Addiktion\u00a0\u00bb, le psychiatre <strong>Laurent Karila<\/strong> a lanc\u00e9 mardi un nouveau podcast intitul\u00e9 \u00ab Psychik\u00a0\u00bb consacr\u00e9 \u00e0 la sant\u00e9 mentale. Parrain du premier num\u00e9ro,\u00a0<a href=\"http:\/\/tvmag.lefigaro.fr\/programme-tv\/people\/personne-ne-devrait-avoir-honte-bertrand-chameroy-revele-les-vraies-raisons-de-son-absence-de-c-a-vous-20250420\" target=\"_blank\" data-fig-type=\"Article\" rel=\"noopener\" data-gtm-custom-categorie=\"navigation\" data-gtm-custom-action=\"crossclick\" data-gtm-custom-label=\"Contextuel\" data-gtm-event=\"customEventSPE\" data-fig-domain=\"TVMAG\"><strong>Bertrand Chameroy<\/strong> a accept\u00e9 de se confier sur la r\u00e9cente d\u00e9pression<\/a>\u00a0dont il a \u00e9t\u00e9 victime. Au d\u00e9but de l\u2019ann\u00e9e, le chroniqueur de \u00ab C \u00e0 vous\u00a0\u00bb s\u2019\u00e9tait absent\u00e9 durant trois semaines de l\u2019\u00e9mission de France 5. Apr\u00e8s avoir pr\u00e9text\u00e9 une \u00ab grosse grippe\u00a0\u00bb dans un premier temps, il avait finalement r\u00e9v\u00e9l\u00e9 la v\u00e9ritable raison de son cong\u00e9 en avril dernier dans La Tribune du dimanche.<\/p>\n<p class=\"fig-paragraph\">\u00ab J\u2019ai fait une grosse d\u00e9pression, a confirm\u00e9 Bertrand Chameroy dans \u00ab Psychik\u00a0\u00bb. \u00c0 No\u00ebl, je me suis effondr\u00e9, j\u2019ai eu l\u2019impression de ne plus m\u2019en sortir. Je ressentais une tristesse absolue, l\u2019envie de m\u2019endormir le cerveau et limite d\u2019en finir. J\u2019ai eu des id\u00e9es noires.\u00a0\u00bb Malgr\u00e9 son profond mal-\u00eatre et son hypersensibilit\u00e9, le chroniqueur d\u2019Anne-\u00c9lisabeth Lemoine \u00e9tait revenu dans \u00ab C \u00e0 vous\u00a0\u00bb durant les premiers jours du mois de janvier. Le temps de se rendre compte qu\u2019il avait besoin d\u2019une aide m\u00e9dicale.<\/p>\n<p class=\"fig-body-link\">\n            \u00c0 lire aussi<br \/>\n        <a class=\"fig-body-link__link fig-premium-mark\" href=\"http:\/\/tvmag.lefigaro.fr\/programme-tv\/actu-tele\/bertrand-chameroy-insomniaque-televisuel-20240104\" target=\"_blank\" data-fig-type=\"Article\" rel=\"noopener\" data-gtm-custom-categorie=\"navigation\" data-gtm-custom-action=\"crossclick\" data-gtm-custom-label=\"Contextuel\" data-gtm-event=\"customEventSPE\" data-fig-domain=\"TVMAG\">R\u00e9v\u00e9l\u00e9 chez Cyril Hanouna, fou rire d&rsquo;Emmanuel Macron\u2026 Bertrand Chameroy, l&rsquo;humoriste le plus en vue du PAF<br \/>\n    <\/a>\n<\/p>\n<blockquote class=\"fig-quote&#10;    \">\n<p class=\"fig-quote__text\">\u00ab J\u2019avais eu un premier long suivi psychologique entre 2015 et 2020\u00a0\u00bb<\/p>\n<p>            Bertrand Chameroy\n    <\/p><\/blockquote>\n<p>                                    <a class=\"fig-a11y-skip a11y-hidden\" href=\"#fig-a11y-skip-main-inarticle\"><br \/>\n        Passer la publicit\u00e9<br \/>\n    <\/a><\/p>\n<p class=\"fig-paragraph\">Tout au long de son entretien avec le psychiatre de l\u2019\u00e9mission de France 2\u00a0<a href=\"https:\/\/tvmag.lefigaro.fr\/programme-tv\/ca-commence-aujourd-hui-apres-une-vive-polemique-france-2-deprogramme-le-numero-de-ce-mercredi_21b46626-cb8e-11ec-93f9-105970351cea\" target=\"_blank\" data-fig-type=\"Article\" rel=\"noopener\" data-gtm-custom-categorie=\"navigation\" data-gtm-custom-action=\"crossclick\" data-gtm-custom-label=\"Contextuel\" data-gtm-event=\"customEventSPE\" data-fig-domain=\"TVMAG\">\u00ab \u00c7a commence aujourd\u2019hui\u00a0\u00bb<\/a>, Bertrand Chameroy a \u00e9voqu\u00e9 ses diff\u00e9rentes f\u00ealures et peurs personnelles. Notamment celle de l\u2019abandon apr\u00e8s le d\u00e9c\u00e8s de son p\u00e8re, alors qu\u2019il n\u2019\u00e9tait \u00e2g\u00e9 que de 11 ans. \u00ab La foule a tendance \u00e0 vite m\u2019angoisser\u00a0\u00bb, a-t-il notamment mentionn\u00e9 avant d\u2019\u00e9voquer son hypersensibilit\u00e9. \u00ab Je peux me fermer sur une remarque ou un regard.\u00a0\u00bb<\/p>\n<p class=\"fig-paragraph\">En fin d\u2019ann\u00e9e derni\u00e8re, Bertrand Chameroy a ressenti un \u00ab tsunami\u00a0\u00bb \u00e9motionnel qu\u2019il a cru pouvoir g\u00e9rer tout seul, comme il l\u2019a fait tout au long de sa vie. Le Ni\u00e7ois de 36 ans dit avoir v\u00e9cu un \u00e9pisode d\u00e9pressif similaire il y a une dizaine d\u2019ann\u00e9es \u00e0 une p\u00e9riode correspondant\u00a0<a href=\"http:\/\/tvmag.lefigaro.fr\/programme-tv\/people\/je-me-sentais-mal-en-allant-sur-le-plateau-bertrand-chameroy-revient-sur-ses-annees-difficiles-dans-touche-pas-a-mon-poste-20221219\" target=\"_blank\" data-fig-type=\"Article\" rel=\"noopener\" data-gtm-custom-categorie=\"navigation\" data-gtm-custom-action=\"crossclick\" data-gtm-custom-label=\"Contextuel\" data-gtm-event=\"customEventSPE\" data-fig-domain=\"TVMAG\">\u00e0 son d\u00e9part de \u00ab Touche pas \u00e0 mon poste!\u00a0\u00bb sur C8<\/a>. \u00ab J\u2019avais eu un premier long suivi psychologique entre 2015 et 2020\u00a0\u00bb, a-t-il soulign\u00e9.<\/p>\n<p>Bertrand Chameroy hospitalis\u00e9 trois semaines \u00e0 sa demande<\/p>\n<p class=\"fig-paragraph\">Aupr\u00e8s de son nouveau th\u00e9rapeute, il a demand\u00e9 \u00e0 \u00eatre hospitalis\u00e9. \u00ab J\u2019ai pass\u00e9 trois semaines dans une clinique. C\u2019est la meilleure d\u00e9cision que j\u2019ai pu prendre ces derni\u00e8res ann\u00e9es. C\u2019\u00e9tait s\u00e9curisant, j\u2019ai eu l\u2019impression d\u2019\u00eatre dans un cocon. De parler \u00e0 des sp\u00e9cialistes et d\u2019\u00eatre compris, a racont\u00e9 Bertrand Chameroy. J\u2019avais l\u2019angoisse de retourner dans la vraie vie. J\u2019ai un traitement antid\u00e9presseur que je prends toujours.\u00a0\u00bb<\/p>\n<p class=\"fig-paragraph\">Aujourd\u2019hui, le chroniqueur de \u00ab C \u00e0 vous\u00a0\u00bb assure se sentir beaucoup mieux m\u00eame s\u2019il reste vigilant. Outre son suivi m\u00e9dical, le sport, tant la boxe que le jogging, lui permet de se soulager l\u2019esprit\u00a0<a href=\"http:\/\/tvmag.lefigaro.fr\/programme-tv\/actu-tele\/bertrand-chameroy-integre-definitivement-le-7-10-de-france-inter-20250626\" target=\"_blank\" data-fig-type=\"Article\" rel=\"noopener\" data-gtm-custom-categorie=\"navigation\" data-gtm-custom-action=\"crossclick\" data-gtm-custom-label=\"Contextuel\" data-gtm-event=\"customEventSPE\" data-fig-domain=\"TVMAG\">en dehors de ses activit\u00e9s professionnelles sur France 5 et sur France Inter<\/a>.<\/p>\n","protected":false},"excerpt":{"rendered":"Bertrand Chameroy dans \u00ab Psychik\u00a0\u00bb, le podcast de Laurent Karila Capture \u00e9cran France 5 Le chroniqueur de \u00abC&hellip;\n","protected":false},"author":2,"featured_media":447374,"comment_status":"","ping_status":"","sticky":false,"template":"","format":"standard","meta":{"footnotes":""},"categories":[1586],"tags":[11,11343,1777,674,1779,1011,27,12,25,1778,364],"class_list":{"0":"post-447373","1":"post","2":"type-post","3":"status-publish","4":"format-standard","5":"has-post-thumbnail","7":"category-europe","8":"tag-actualites","9":"tag-bertrand-chameroy","10":"tag-eu","11":"tag-europe","12":"tag-european-union","13":"tag-fr","14":"tag-france","15":"tag-news","16":"tag-republique-francaise","17":"tag-ue","18":"tag-union-europeenne"},"share_on_mastodon":{"url":"https:\/\/pubeurope.com\/@fr\/115338380920256306","error":""},"_links":{"self":[{"href":"https:\/\/www.europesays.com\/fr\/wp-json\/wp\/v2\/posts\/447373","targetHints":{"allow":["GET"]}}],"collection":[{"href":"https:\/\/www.europesays.com\/fr\/wp-json\/wp\/v2\/posts"}],"about":[{"href":"https:\/\/www.europesays.com\/fr\/wp-json\/wp\/v2\/types\/post"}],"author":[{"embeddable":true,"href":"https:\/\/www.europesays.com\/fr\/wp-json\/wp\/v2\/users\/2"}],"replies":[{"embeddable":true,"href":"https:\/\/www.europesays.com\/fr\/wp-json\/wp\/v2\/comments?post=447373"}],"version-history":[{"count":0,"href":"https:\/\/www.europesays.com\/fr\/wp-json\/wp\/v2\/posts\/447373\/revisions"}],"wp:featuredmedia":[{"embeddable":true,"href":"https:\/\/www.europesays.com\/fr\/wp-json\/wp\/v2\/media\/447374"}],"wp:attachment":[{"href":"https:\/\/www.europesays.com\/fr\/wp-json\/wp\/v2\/media?parent=447373"}],"wp:term":[{"taxonomy":"category","embeddable":true,"href":"https:\/\/www.europesays.com\/fr\/wp-json\/wp\/v2\/categories?post=447373"},{"taxonomy":"post_tag","embeddable":true,"href":"https:\/\/www.europesays.com\/fr\/wp-json\/wp\/v2\/tags?post=447373"}],"curies":[{"name":"wp","href":"https:\/\/api.w.org\/{rel}","templated":true}]}}