{"id":447393,"date":"2025-10-08T11:57:10","date_gmt":"2025-10-08T11:57:10","guid":{"rendered":"https:\/\/www.europesays.com\/fr\/447393\/"},"modified":"2025-10-08T11:57:10","modified_gmt":"2025-10-08T11:57:10","slug":"le-real-madrid-a-deja-choisi-un-nouveau-galactique-pour-remplacer-vinicius-jr","status":"publish","type":"post","link":"https:\/\/www.europesays.com\/fr\/447393\/","title":{"rendered":"Le Real Madrid a d\u00e9j\u00e0 choisi un nouveau Galactique pour remplacer Vinicius Jr"},"content":{"rendered":"<p>Vinicius Junior par-ci, Vinicius Junior par-l\u00e0. Depuis le d\u00e9but de la saison, le Br\u00e9silien fait sans cesse couler de l\u2019encre dans les m\u00e9dias. Il est presque en train de voler la vedette au nouveau patron du <a href=\"https:\/\/www.footmercato.net\/club\/real-madrid\/\" rel=\"nofollow noopener\" target=\"_blank\">Real Madrid<\/a> Kylian Mbapp\u00e9. Presque, car l\u2019international auriverde ne fait pas forc\u00e9ment parler de lui pour les bonnes raisons. Outre son niveau de jeu, qui est nettement moins impressionnant que par le pass\u00e9, c\u2019est surtout sa relation avec Xabi Alonso, qui ne lui offre aucun traitement de faveur, qui est au centre des d\u00e9bats. Le technicien de 43 ans n\u2019h\u00e9site pas \u00e0 placer Vini Jr sur le banc et \u00e0 le mettre en concurrence avec Rodrygo.<\/p>\n<p>            La suite apr\u00e8s cette publicit\u00e9<\/p>\n<p>        Vinicius Jr devra accepter l\u2019offre madril\u00e8ne ou s\u2019en aller<\/p>\n<p>Malgr\u00e9 tout, il s\u2019en sort avec des statistiques honn\u00eates puisqu\u2019il en est d\u00e9j\u00e0 \u00e0 5 buts et 4 assists en 10 apparitions toutes comp\u00e9titions confondues, dont 8 en tant que titulaire. Outre son apport sur le terrain, qui peut \u00eatre bien meilleur selon les m\u00e9dias madril\u00e8nes, son avenir est aussi au centre des discussions. Sous contrat jusqu\u2019en juin 2027, Vini Jr a entam\u00e9 il y a plusieurs mois des \u00e9changes avec sa direction afin de prolonger. Mais les hautes exigences financi\u00e8res du clan br\u00e9silien, qui veut s\u2019aligner sur ce que touche Kylian Mbapp\u00e9, ont refroidi la Casa Blanca.<\/p>\n<p>R\u00e9sultat : les discussions sont au point mort. Ce mardi, <a href=\"https:\/\/www.sport.es\/es\/noticias\/real-madrid\/paso-vinicius-haaland-acecho-122361698\" rel=\"nofollow noopener\" target=\"_blank\">Sport<\/a> explique que l\u2019entourage du joueur de 25 ans, conscient de ne plus \u00eatre en position de force et du fait que Madrid ne lui l\u00e2chera pas les 25 M\u20ac nets par an durant 5 saisons qu\u2019il r\u00e9clame, a fait machine arri\u00e8re. Le Real Madrid, qui a r\u00e9sist\u00e9 aux demandes folles du Br\u00e9silien, n\u2019exclut rien le concernant. Une prolongation est toujours possible mais aux conditions propos\u00e9es par les Merengues. Sport parle de 22 M\u20ac par ann\u00e9e, avec les primes comprises. Ce sera \u00e7a ou rien. Car les pensionnaires du stade Santiago-Bernab\u00e9u ne s\u2019inclineront pas.<\/p>\n<p>            La suite apr\u00e8s cette publicit\u00e9<\/p>\n<p>        Une priorit\u00e9 nomm\u00e9e Haaland<\/p>\n<p>Ils ont d\u00e9j\u00e0 connu pareilles situations avec Cristiano Ronaldo ou Sergio Ramos par le pass\u00e9. Et \u00e0 chaque fois, les joueurs sont partis. Concernant Vinicius Jr, le Real Madrid le transf\u00e9rera si jamais aucun accord n\u2019est trouv\u00e9 dans les prochains mois. Le club ne prendra pas le risque qu\u2019il s\u2019en aille libre en 2027. Pour le remplacer, le Real Madrid, qui a toujours un temps d\u2019avance, a d\u00e9j\u00e0 d\u00e9sign\u00e9 sa priorit\u00e9. Il s\u2019agit, sans grande surprise, d\u2019Erling Haaland. Le Norv\u00e9gien est tr\u00e8s appr\u00e9ci\u00e9 par Florentino P\u00e9rez, qui aimerait avoir un nouveau Galactique dans ses rangs. Mais ce dossier ne sera pas \u00e9vident. D\u00e9j\u00e0, parce que le Cyborg a prolong\u00e9 son contrat \u00e0 <a href=\"https:\/\/www.footmercato.net\/club\/manchester-city\/\" rel=\"nofollow noopener\" target=\"_blank\">Manchester City<\/a> jusqu\u2019en 2034 il y a quelques mois. <\/p>\n<p>Mais comme toujours, Haaland dispose de clauses d\u00e9gressives et avantageuses pouvant faciliter son d\u00e9part dans le futur. Ensuite, il faut voir si le joueur est dispos\u00e9 \u00e0 changer d\u2019air, lui qui se pla\u00eet \u00e0 City. Mais ce n\u2019est pas un secret, le Real Madrid l\u2019a toujours fait r\u00eaver. D\u2019autant que son ami Jude Bellingham, qu\u2019il a connu au BVB, y est aussi. Enfin, le clan Haaland, par le biais de son agent, Rafaela Pimienta, entretient de bonnes relations avec les Merengues. La repr\u00e9sentante du Norv\u00e9gien a toujours fait savoir aux dirigeants espagnols que la condition pour que son client signe chez eux est le d\u00e9part de Mbapp\u00e9 ou Vinicius Jr. La potentielle perte de Vini Jr pourrait donc ouvrir la porte \u00e0 Haaland, qui est aussi cibl\u00e9 par le Bar\u00e7a. Le feuilleton ne fait que commencer.<\/p>\n<p>\n    Pub. le 07\/10\/2025 17:06<br \/>\n            &#8211; MAJ le 08\/10\/2025 12:53\n    <\/p>\n","protected":false},"excerpt":{"rendered":"Vinicius Junior par-ci, Vinicius Junior par-l\u00e0. Depuis le d\u00e9but de la saison, le Br\u00e9silien fait sans cesse couler&hellip;\n","protected":false},"author":2,"featured_media":256478,"comment_status":"","ping_status":"","sticky":false,"template":"","format":"standard","meta":{"footnotes":""},"categories":[1410],"tags":[63,1011,27,60],"class_list":{"0":"post-447393","1":"post","2":"type-post","3":"status-publish","4":"format-standard","5":"has-post-thumbnail","7":"category-football","8":"tag-football","9":"tag-fr","10":"tag-france","11":"tag-sports"},"share_on_mastodon":{"url":"https:\/\/pubeurope.com\/@fr\/115338428122185577","error":""},"_links":{"self":[{"href":"https:\/\/www.europesays.com\/fr\/wp-json\/wp\/v2\/posts\/447393","targetHints":{"allow":["GET"]}}],"collection":[{"href":"https:\/\/www.europesays.com\/fr\/wp-json\/wp\/v2\/posts"}],"about":[{"href":"https:\/\/www.europesays.com\/fr\/wp-json\/wp\/v2\/types\/post"}],"author":[{"embeddable":true,"href":"https:\/\/www.europesays.com\/fr\/wp-json\/wp\/v2\/users\/2"}],"replies":[{"embeddable":true,"href":"https:\/\/www.europesays.com\/fr\/wp-json\/wp\/v2\/comments?post=447393"}],"version-history":[{"count":0,"href":"https:\/\/www.europesays.com\/fr\/wp-json\/wp\/v2\/posts\/447393\/revisions"}],"wp:featuredmedia":[{"embeddable":true,"href":"https:\/\/www.europesays.com\/fr\/wp-json\/wp\/v2\/media\/256478"}],"wp:attachment":[{"href":"https:\/\/www.europesays.com\/fr\/wp-json\/wp\/v2\/media?parent=447393"}],"wp:term":[{"taxonomy":"category","embeddable":true,"href":"https:\/\/www.europesays.com\/fr\/wp-json\/wp\/v2\/categories?post=447393"},{"taxonomy":"post_tag","embeddable":true,"href":"https:\/\/www.europesays.com\/fr\/wp-json\/wp\/v2\/tags?post=447393"}],"curies":[{"name":"wp","href":"https:\/\/api.w.org\/{rel}","templated":true}]}}