{"id":447412,"date":"2025-10-08T12:08:12","date_gmt":"2025-10-08T12:08:12","guid":{"rendered":"https:\/\/www.europesays.com\/fr\/447412\/"},"modified":"2025-10-08T12:08:12","modified_gmt":"2025-10-08T12:08:12","slug":"la-banque-des-territoires-annonce-la-fin-des-negociations-avec-la-sgm-pour-le-rachat-des-murs","status":"publish","type":"post","link":"https:\/\/www.europesays.com\/fr\/447412\/","title":{"rendered":"la Banque des Territoires annonce \u00abla fin des n\u00e9gociations\u00bb avec la SGM pour le rachat des murs"},"content":{"rendered":"<p>L\u2019investisseur public estime que l\u2019arriv\u00e9e de Shein au BHV est contraire \u00e0 ses \u00abvaleurs\u00bb. La Soci\u00e9t\u00e9 des grands magasins (SGM), qui exploite le grand magasin, assure au Figaro avoir \u00abplusieurs solutions pour r\u00e9aliser l\u2019op\u00e9ration immobili\u00e8re\u00bb.<\/p>\n<p class=\"fig-paragraph\">Le couperet est tomb\u00e9. La Caisse des d\u00e9p\u00f4ts (Banque des Territoires) vient d\u2019annoncer ce mercredi \u00abavoir mis un terme aux n\u00e9gociations engag\u00e9es le 4 juin 2025 avec la SGM (Soci\u00e9t\u00e9 des grands magasins, NDR) visant \u00e0 la cr\u00e9ation d\u2019une fonci\u00e8re commune pour le rachat des murs du\u00a0<a href=\"http:\/\/www.lefigaro.fr\/societes\/deja-en-difficulte-le-bhv-sur-la-corde-raide-avec-l-arrivee-de-shein-20251006\" target=\"_blank\" data-fig-type=\"Article\" rel=\"noopener\" data-gtm-custom-categorie=\"navigation\" data-gtm-custom-action=\"crossclick\" data-gtm-custom-label=\"Contextuel\" data-gtm-event=\"customEventSPE\" data-fig-domain=\"LEFIGARO\">BHV Marais<\/a> \u00bb. Une d\u00e9cision qui tombe dans un contexte o\u00f9 l\u2019investisseur public avait d\u00e9j\u00e0 fait part de son inqui\u00e9tude depuis l\u2019annonce, la semaine derni\u00e8re, de l\u2019installation d\u2019un magasin physique Shein au BHV d\u00e9but novembre.\u00a0<a href=\"http:\/\/www.lefigaro.fr\/flash-eco\/nous-contribuons-au-renouveau-des-centres-villes-historiques-de-france-shein-s-implante-au-bhv-a-paris-et-dans-cinq-galeries-lafayette-en-regions-20251001\" data-fig-type=\"NewsFlash\" data-gtm-custom-categorie=\"navigation\" data-gtm-custom-action=\"crossclick\" data-gtm-custom-label=\"Contextuel\" data-gtm-event=\"customEventSPE\" data-fig-domain=\"LEFIGARO\" target=\"_blank\" rel=\"noopener\">Ce partenariat Shein\/BHV<\/a>\u00a0suscite depuis la col\u00e8re de commer\u00e7ants, distributeurs et dirigeants politiques. Le mod\u00e8le de Shein \u00abne correspond pas aux valeurs et \u00e0 la doctrine d\u2019action de la Banque des Territoires\u00bb, pr\u00e9cise la Banque des Territoires.<\/p>\n<p class=\"fig-paragraph\">\u00abLa Caisse des d\u00e9p\u00f4ts a re\u00e7u \u00e9norm\u00e9ment de pression politique, r\u00e9torque au Figaro Fr\u00e9d\u00e9ric Merlin, le pr\u00e9sident de la fonci\u00e8re SGM. Elle m\u2019a demand\u00e9 de faire le choix entre Shein et le partenariat avec elle. Ma priorit\u00e9 est le commerce.\u00bb Fin 2023, la SGM a acquis le BHV (fonds de commerce) aupr\u00e8s du groupe Galeries Lafayette et doit depuis trouver les financements pour acqu\u00e9rir les murs du b\u00e2timent principal.<\/p>\n<p>                                    <a class=\"fig-a11y-skip a11y-hidden\" href=\"#fig-a11y-skip-main-inarticle\"><br \/>\n        Passer la publicit\u00e9<br \/>\n    <\/a><\/p>\n<p>La SGM assure qu\u2019elle sera au rendez-vous<\/p>\n<p class=\"fig-paragraph\">En juin dernier, la fonci\u00e8re \u00e9tait entr\u00e9e en n\u00e9gociations exclusives avec le groupe Caisse des d\u00e9p\u00f4ts autour d\u2019un projet de fonci\u00e8re immobili\u00e8re &#8211; dont la SGM serait majoritaire &#8211; pour l\u2019acquisition de ce b\u00e2timent principal. Une op\u00e9ration de rachat \u00e9valu\u00e9e \u00e0 300 millions d\u2019euros qui restait soumise \u00e0 la mise en place d\u2019un financement bancaire compl\u00e9mentaire.<\/p>\n<p class=\"fig-paragraph\">L\u2019op\u00e9ration ne se fera donc pas avec la Caisse des d\u00e9p\u00f4ts. Mais, Fr\u00e9d\u00e9ric Merlin est confiant. \u00abContrairement au microcosme parisien, les banques me soutiennent et elles ont accueilli favorablement l\u2019op\u00e9ration avec Shein. Cette op\u00e9ration nous a ouvert plusieurs opportunit\u00e9s, et on a plusieurs solutions pour r\u00e9aliser l\u2019op\u00e9ration immobili\u00e8re\u00bb, poursuit Fr\u00e9d\u00e9ric Merlin. Et d\u2019ajouter: \u00abj\u2019ai du temps, j\u2019ai au moins jusqu\u2019\u00e0 la fin de l\u2019ann\u00e9e contractuellement. Nous serons au rendez-vous\u00bb.<\/p>\n<p class=\"fig-paragraph\">Dans son communiqu\u00e9, la Banque des Territoires explique \u00e9galement avoir \u00abpris connaissance de ce partenariat par voie de presse, sans aucune information pr\u00e9alable\u00bb, entra\u00eenant en cons\u00e9quence \u00abune rupture de confiance entre les deux parties\u00bb. Il reste que, selon une source interne \u00e0 la SGM, l\u2019institution avait \u00e9t\u00e9 inform\u00e9e du projet d\u00e8s le mois d\u2019ao\u00fbt.<\/p>\n","protected":false},"excerpt":{"rendered":"L\u2019investisseur public estime que l\u2019arriv\u00e9e de Shein au BHV est contraire \u00e0 ses \u00abvaleurs\u00bb. La Soci\u00e9t\u00e9 des grands&hellip;\n","protected":false},"author":2,"featured_media":447413,"comment_status":"","ping_status":"","sticky":false,"template":"","format":"standard","meta":{"footnotes":""},"categories":[6],"tags":[35,33,34,1011,27,1104],"class_list":{"0":"post-447412","1":"post","2":"type-post","3":"status-publish","4":"format-standard","5":"has-post-thumbnail","7":"category-economie","8":"tag-business","9":"tag-economie","10":"tag-economy","11":"tag-fr","12":"tag-france","13":"tag-shein"},"share_on_mastodon":{"url":"https:\/\/pubeurope.com\/@fr\/115338471233593329","error":""},"_links":{"self":[{"href":"https:\/\/www.europesays.com\/fr\/wp-json\/wp\/v2\/posts\/447412","targetHints":{"allow":["GET"]}}],"collection":[{"href":"https:\/\/www.europesays.com\/fr\/wp-json\/wp\/v2\/posts"}],"about":[{"href":"https:\/\/www.europesays.com\/fr\/wp-json\/wp\/v2\/types\/post"}],"author":[{"embeddable":true,"href":"https:\/\/www.europesays.com\/fr\/wp-json\/wp\/v2\/users\/2"}],"replies":[{"embeddable":true,"href":"https:\/\/www.europesays.com\/fr\/wp-json\/wp\/v2\/comments?post=447412"}],"version-history":[{"count":0,"href":"https:\/\/www.europesays.com\/fr\/wp-json\/wp\/v2\/posts\/447412\/revisions"}],"wp:featuredmedia":[{"embeddable":true,"href":"https:\/\/www.europesays.com\/fr\/wp-json\/wp\/v2\/media\/447413"}],"wp:attachment":[{"href":"https:\/\/www.europesays.com\/fr\/wp-json\/wp\/v2\/media?parent=447412"}],"wp:term":[{"taxonomy":"category","embeddable":true,"href":"https:\/\/www.europesays.com\/fr\/wp-json\/wp\/v2\/categories?post=447412"},{"taxonomy":"post_tag","embeddable":true,"href":"https:\/\/www.europesays.com\/fr\/wp-json\/wp\/v2\/tags?post=447412"}],"curies":[{"name":"wp","href":"https:\/\/api.w.org\/{rel}","templated":true}]}}