{"id":447415,"date":"2025-10-08T12:10:13","date_gmt":"2025-10-08T12:10:13","guid":{"rendered":"https:\/\/www.europesays.com\/fr\/447415\/"},"modified":"2025-10-08T12:10:13","modified_gmt":"2025-10-08T12:10:13","slug":"retrouve-alcoolise-et-blesse-dans-paris-le-senateur-lr-philippe-mouiller-agressif-avec-les-secours","status":"publish","type":"post","link":"https:\/\/www.europesays.com\/fr\/447415\/","title":{"rendered":"Retrouv\u00e9 alcoolis\u00e9 et bless\u00e9 dans Paris, le s\u00e9nateur LR Philippe Mouiller agressif avec les secours"},"content":{"rendered":"<p class=\"paragraph text_align_left lp-f-body-02\">Qu\u2019est-il arriv\u00e9 \u00e0 Philippe Mouiller, le s\u00e9nateur (LR) des Deux-S\u00e8vres ? Ce mercredi matin, dans le VIe arrondissement de <a href=\"https:\/\/www.leparisien.fr\/paris-75\/\" target=\"_self\" rel=\"nofollow noopener\">Paris<\/a>, l\u2019homme politique a \u00e9t\u00e9 retrouv\u00e9 au sol, inconscient et le visage ensanglant\u00e9. Une information r\u00e9v\u00e9l\u00e9e par <a href=\"https:\/\/www.parismatch.com\/actu\/politique\/info-match-philippe-mouiller-senateur-lr-retrouve-ivre-dans-la-rue-et-menotte-avoir-ete-agressif-avec-les-secours-258262\" target=\"_self\" rel=\"nofollow noopener\">Paris Match<\/a> que nous sommes en mesure de confirmer.<\/p>\n<p class=\"paragraph text_align_left lp-f-body-02\">D\u2019apr\u00e8s une source polici\u00e8re, l\u2019homme de 56 ans pr\u00e9sentait des \u00ab contusions au nez et \u00e0 la t\u00eate \u00bb et des traces de sang \u00e9taient \u00ab visibles \u00bb. Ce conseiller aupr\u00e8s du ministre d\u00e9missionnaire de l\u2019Int\u00e9rieur \u00e9tait \u00e9galement sous l\u2019emprise de l\u2019alcool, avec notamment une \u00ab haleine alcoolis\u00e9e \u00bb, des \u00ab propos incoh\u00e9rents \u00bb et un \u00ab comportement confus \u00bb. <\/p>\n<p class=\"paragraph text_align_left lp-f-body-02\">D\u2019apr\u00e8s nos informations, la sc\u00e8ne se serait d\u00e9roul\u00e9e vers 7h40 sur le boulevard Saint-Germain. De son c\u00f4t\u00e9, le parquet de Paris indique que le s\u00e9nateur a \u00e9t\u00e9 retrouv\u00e9 en bas de son domicile, sur ce boulevard, par des policiers en patrouille.<\/p>\n<p>Un comportement virulent et agressif<\/p>\n<p class=\"paragraph text_align_left lp-f-body-02\">\u00c0 l\u2019arriv\u00e9e des secours, le s\u00e9nateur, qui pr\u00e9side par ailleurs la commission des Affaires sociales dans la chambre haute, aurait d\u2019abord refus\u00e9 l\u2019intervention m\u00e9dicale. Toujours d\u2019apr\u00e8s une source polici\u00e8re, il se serait montr\u00e9 virulent \u00e0 l\u2019arriv\u00e9e des secours et a d\u00fb \u00eatre menott\u00e9 \u00ab pour s\u00e9curiser la prise en charge \u00bb. Apr\u00e8s quoi l\u2019homme a continu\u00e9 de refuser \u00e0 \u00eatre soign\u00e9 et a tenu des propos \u00ab m\u00e9prisants envers les agents et les pompiers \u00bb.<\/p>\n<p class=\"paragraph text_align_left lp-f-body-02\">Menott\u00e9 une deuxi\u00e8me fois pour \u00e9viter toute chute, il a \u00e9t\u00e9 accompagn\u00e9 au commissariat du <a href=\"https:\/\/www.leparisien.fr\/paris-75\/paris-75005\/\" target=\"_self\" rel=\"nofollow noopener\">Ve<\/a> et <a href=\"https:\/\/www.leparisien.fr\/paris-75\/paris-75006\/\" target=\"_self\" rel=\"nofollow noopener\">VIe arrondissement<\/a> de Paris pour \u00eatre mis en d\u00e9grisement. Le parquet de Paris indique que Philippe Mouiller \u00ab n\u2019a pas encore pu \u00eatre entendu dans les formes de l\u2019audition de victime sur les circonstances qui l\u2019auraient conduit \u00e0 cette situation \u00bb.<\/p>\n","protected":false},"excerpt":{"rendered":"Qu\u2019est-il arriv\u00e9 \u00e0 Philippe Mouiller, le s\u00e9nateur (LR) des Deux-S\u00e8vres ? Ce mercredi matin, dans le VIe arrondissement&hellip;\n","protected":false},"author":2,"featured_media":447416,"comment_status":"","ping_status":"","sticky":false,"template":"","format":"standard","meta":{"footnotes":""},"categories":[4],"tags":[11,118,1011,27,1944,12,626,25],"class_list":{"0":"post-447415","1":"post","2":"type-post","3":"status-publish","4":"format-standard","5":"has-post-thumbnail","7":"category-france","8":"tag-actualites","9":"tag-faits-divers","10":"tag-fr","11":"tag-france","12":"tag-ma-ville","13":"tag-news","14":"tag-paris","15":"tag-republique-francaise"},"share_on_mastodon":{"url":"https:\/\/pubeurope.com\/@fr\/115338479192872148","error":""},"_links":{"self":[{"href":"https:\/\/www.europesays.com\/fr\/wp-json\/wp\/v2\/posts\/447415","targetHints":{"allow":["GET"]}}],"collection":[{"href":"https:\/\/www.europesays.com\/fr\/wp-json\/wp\/v2\/posts"}],"about":[{"href":"https:\/\/www.europesays.com\/fr\/wp-json\/wp\/v2\/types\/post"}],"author":[{"embeddable":true,"href":"https:\/\/www.europesays.com\/fr\/wp-json\/wp\/v2\/users\/2"}],"replies":[{"embeddable":true,"href":"https:\/\/www.europesays.com\/fr\/wp-json\/wp\/v2\/comments?post=447415"}],"version-history":[{"count":0,"href":"https:\/\/www.europesays.com\/fr\/wp-json\/wp\/v2\/posts\/447415\/revisions"}],"wp:featuredmedia":[{"embeddable":true,"href":"https:\/\/www.europesays.com\/fr\/wp-json\/wp\/v2\/media\/447416"}],"wp:attachment":[{"href":"https:\/\/www.europesays.com\/fr\/wp-json\/wp\/v2\/media?parent=447415"}],"wp:term":[{"taxonomy":"category","embeddable":true,"href":"https:\/\/www.europesays.com\/fr\/wp-json\/wp\/v2\/categories?post=447415"},{"taxonomy":"post_tag","embeddable":true,"href":"https:\/\/www.europesays.com\/fr\/wp-json\/wp\/v2\/tags?post=447415"}],"curies":[{"name":"wp","href":"https:\/\/api.w.org\/{rel}","templated":true}]}}