{"id":447417,"date":"2025-10-08T12:11:15","date_gmt":"2025-10-08T12:11:15","guid":{"rendered":"https:\/\/www.europesays.com\/fr\/447417\/"},"modified":"2025-10-08T12:11:15","modified_gmt":"2025-10-08T12:11:15","slug":"je-censure-tout-la-plaisanterie-a-assez-dure-cingle-marine-le-pen","status":"publish","type":"post","link":"https:\/\/www.europesays.com\/fr\/447417\/","title":{"rendered":"\u00abJe censure tout\u00bb, \u00abla plaisanterie a assez dur\u00e9\u00bb, cingle Marine Le\u00a0Pen"},"content":{"rendered":"<p>Marine Le\u00a0Pen a affirm\u00e9 mercredi qu\u2019elle \u00abcensurerait tout\u00bb ce qui \u00e9manerait de l\u2019ex\u00e9cutif. Elle a jug\u00e9 que le premier ministre d\u00e9missionnaire S\u00e9bastien Lecornu \u00e9tait \u00abbien optimiste\u00bb sur l\u2019\u00e9loignement d\u2019une dissolution.<\/p>\n<p class=\"fig-paragraph\">La chef de file du Rassemblement national\u00a0<a href=\"http:\/\/www.lefigaro.fr\/politique\/crise-politique-marine-le-pen-et-jordan-bardella-declinent-l-invitation-de-sebastien-lecornu-a-se-rendre-a-matignon-20251007\" data-fig-type=\"NewsFlash\" data-gtm-custom-categorie=\"navigation\" data-gtm-custom-action=\"crossclick\" data-gtm-custom-label=\"Contextuel\" data-gtm-event=\"customEventSPE\" data-fig-domain=\"LEFIGARO\" target=\"_blank\" rel=\"noopener\">Marine Le\u00a0Pen<\/a>\u00a0a d\u00e9clar\u00e9 mercredi qu&rsquo;elle \u00abcensurerait tout\u00bb ce qui \u00e9mane du gouvernement, m\u00eame si elle est favorable \u00e0 une suspension de la r\u00e9forme des retraites.<\/p>\n<p class=\"fig-paragraph\">\u00abJe suis heureuse de cette suspension si elle intervient\u00bb, a-t-elle d\u00e9clar\u00e9 en marge d&rsquo;une visite au sommet de l&rsquo;\u00e9levage \u00e0 Cournon-d&rsquo;Auvergne (<a href=\"https:\/\/www.lefigaro.fr\/tag\/puy-de-dome\" target=\"_blank\" rel=\"sponsored noopener\" data-gtm-custom-categorie=\"navigation\" data-gtm-custom-action=\"crossclick\" data-gtm-custom-label=\"Contextuel\" data-gtm-event=\"customEventSPE\">Puy-de-D\u00f4me<\/a>). Pour autant \u00abje censure tout. L\u00e0, maintenant, stop. La plaisanterie a assez dur\u00e9\u00bb, a-t-elle ajout\u00e9. \u00abOn fait courir les Fran\u00e7ais derri\u00e8re des baballes, tout \u00e7a pour gagner du temps. C\u2019est inadmissible\u00bb.<\/p>\n<p>                                    <a class=\"fig-a11y-skip a11y-hidden\" href=\"#fig-a11y-skip-main-inarticle\"><br \/>\n        Passer la publicit\u00e9<br \/>\n    <\/a><\/p>\n<p>\u00abJ\u2019attends une dissolution\u00bb<\/p>\n<p class=\"fig-paragraph\">Le premier ministre d\u00e9missionnaire\u00a0<a href=\"http:\/\/www.lefigaro.fr\/politique\/crise-politique-les-perspectives-d-une-dissolution-s-eloignent-estime-sebastien-lecornu-20251008\" data-fig-type=\"NewsFlash\" data-gtm-custom-categorie=\"navigation\" data-gtm-custom-action=\"crossclick\" data-gtm-custom-label=\"Contextuel\" data-gtm-event=\"customEventSPE\" data-fig-domain=\"LEFIGARO\" target=\"_blank\" rel=\"noopener\">S\u00e9bastien Lecornu<\/a>\u00a0est \u00abbien optimiste\u00bb quand il pr\u00e9dit que la perspective d&rsquo;une dissolution s&rsquo;\u00e9loigne, a-t-elle encore estim\u00e9. \u00abJe suis un peu \u00e9tonn\u00e9e de la mani\u00e8re dont cette suspension (de la r\u00e9forme des retraites) est annonc\u00e9e\u00bb par l\u2019ancienne Premi\u00e8re ministre \u00c9lisabeth Borne, a-t-elle poursuivi, y voyant le signe que \u00abla f\u00e9brilit\u00e9 semble avoir saisi l\u2019int\u00e9gralit\u00e9 des membres de ce gouvernement.\u00bb<\/p>\n<p class=\"fig-paragraph\">\u00abJ\u2019attends une dissolution (de l\u2019Assembl\u00e9e nationale). Ou une d\u00e9mission (du pr\u00e9sident), \u00e7a m\u2019irait bien aussi. Je ne suis pas trop exigeante, mais c\u2019est ou l\u2019un ou l\u2019autre au choix du pr\u00e9sident\u00bb Emmanuel Macron, a poursuivi la pr\u00e9sidente des d\u00e9put\u00e9s RN. \u00abMaintenant, on siffle la fin de la r\u00e9cr\u00e9ation. Et le d\u00e9but de la campagne.\u00bb<\/p>\n<p class=\"fig-body-cta-link\" data-module=\"fig-cta-link\" data-context=\"was @visible\">\n    <a class=\"fig-body-cta-link__link\" href=\"https:\/\/www.lefigaro.fr\/politique\/en-direct-crise-politique-suspension-reforme-des-retraites-sebastien-lecornu-elisabeth-borne-volte-face-emmanuel-macron-negociation-de-la-derniere-chance-dissolution-socialiste-lr-bruno-retailleau-20251008\" target=\"_self\" rel=\"follow noopener\" data-js-gtm=\"{&quot;event&quot;:&quot;customEventGA4&quot;,&quot;eventName&quot;:&quot;click_navigation&quot;,&quot;button_action&quot;:&quot;crossclick&quot;,&quot;feature&quot;:&quot;Contextuel_bouton&quot;,&quot;feature_details&quot;:&quot;SUIVEZ NOTRE DIRECT&quot;,&quot;link_url&quot;:&quot;https:\\\/\\\/www.lefigaro.fr\\\/politique\\\/en-direct-crise-politique-suspension-reforme-des-retraites-sebastien-lecornu-elisabeth-borne-volte-face-emmanuel-macron-negociation-de-la-derniere-chance-dissolution-socialiste-lr-bruno-retailleau-20251008&quot;}\"><br \/>\n                SUIVEZ NOTRE DIRECT<br \/>\n    <\/a><\/p>\n","protected":false},"excerpt":{"rendered":"Marine Le\u00a0Pen a affirm\u00e9 mercredi qu\u2019elle \u00abcensurerait tout\u00bb ce qui \u00e9manerait de l\u2019ex\u00e9cutif. Elle a jug\u00e9 que le&hellip;\n","protected":false},"author":2,"featured_media":447418,"comment_status":"","ping_status":"","sticky":false,"template":"","format":"standard","meta":{"footnotes":""},"categories":[2],"tags":[11,9006,1011,27,418,430,12],"class_list":{"0":"post-447417","1":"post","2":"type-post","3":"status-publish","4":"format-standard","5":"has-post-thumbnail","7":"category-actualites","8":"tag-actualites","9":"tag-censure","10":"tag-fr","11":"tag-france","12":"tag-gouvernement","13":"tag-marine-le-pen","14":"tag-news"},"share_on_mastodon":{"url":"https:\/\/pubeurope.com\/@fr\/115338483102417502","error":""},"_links":{"self":[{"href":"https:\/\/www.europesays.com\/fr\/wp-json\/wp\/v2\/posts\/447417","targetHints":{"allow":["GET"]}}],"collection":[{"href":"https:\/\/www.europesays.com\/fr\/wp-json\/wp\/v2\/posts"}],"about":[{"href":"https:\/\/www.europesays.com\/fr\/wp-json\/wp\/v2\/types\/post"}],"author":[{"embeddable":true,"href":"https:\/\/www.europesays.com\/fr\/wp-json\/wp\/v2\/users\/2"}],"replies":[{"embeddable":true,"href":"https:\/\/www.europesays.com\/fr\/wp-json\/wp\/v2\/comments?post=447417"}],"version-history":[{"count":0,"href":"https:\/\/www.europesays.com\/fr\/wp-json\/wp\/v2\/posts\/447417\/revisions"}],"wp:featuredmedia":[{"embeddable":true,"href":"https:\/\/www.europesays.com\/fr\/wp-json\/wp\/v2\/media\/447418"}],"wp:attachment":[{"href":"https:\/\/www.europesays.com\/fr\/wp-json\/wp\/v2\/media?parent=447417"}],"wp:term":[{"taxonomy":"category","embeddable":true,"href":"https:\/\/www.europesays.com\/fr\/wp-json\/wp\/v2\/categories?post=447417"},{"taxonomy":"post_tag","embeddable":true,"href":"https:\/\/www.europesays.com\/fr\/wp-json\/wp\/v2\/tags?post=447417"}],"curies":[{"name":"wp","href":"https:\/\/api.w.org\/{rel}","templated":true}]}}