{"id":447421,"date":"2025-10-08T12:13:15","date_gmt":"2025-10-08T12:13:15","guid":{"rendered":"https:\/\/www.europesays.com\/fr\/447421\/"},"modified":"2025-10-08T12:13:15","modified_gmt":"2025-10-08T12:13:15","slug":"pres-de-saint-etienne-un-carambolage-sur-la-rn88-fait-une-blessee-grave","status":"publish","type":"post","link":"https:\/\/www.europesays.com\/fr\/447421\/","title":{"rendered":"Pr\u00e8s de Saint-\u00c9tienne : un carambolage sur la RN88 fait une bless\u00e9e grave\u00a0"},"content":{"rendered":"<p>Ce mercredi 8 octobre, \u00e0 la mi-journ\u00e9e, un carambolage s&rsquo;est produit sur la RN88 au niveau du Chambon-Feugerolles, pr\u00e8s de Saint-\u00c9tienne. Une femme a \u00e9t\u00e9 gravement bless\u00e9e dans l&rsquo;accident.<\/p>\n<p>Les pompiers de la Loire en intervention sur <b>la RN88 <\/b>ce mercredi 8 octobre. Un peu avant midi, les secours ont \u00e9t\u00e9 appel\u00e9s pour <b>un carambolage <\/b>dans le sens Le Puy-en-Velay \/ Givors, plus exactement \u00e0 hauteur du <b>Chambon-Feugerolles<\/b>.<\/p>\n<p>Deux bless\u00e9s, dont un grave, sur la RN88<\/p>\n<p>Un accident s&rsquo;est produit entre trois voitures. <b>Une femme de 66 ans<\/b>, coinc\u00e9e dans son v\u00e9hicule, a \u00e9t\u00e9 d\u00e9sincarc\u00e9r\u00e9e par les pompiers. <b>Gravement bless\u00e9e<\/b>, elle a \u00e9t\u00e9 transport\u00e9e au centre hospitalier Nord de Saint-\u00c9tienne.<\/p>\n<p>Un homme de 37 ans, plus l\u00e9g\u00e8rement bless\u00e9, a \u00e9t\u00e9 \u00e9vacu\u00e9 au centre hospitalier de Firminy.<\/p>\n<p>Dans ce secteur de la RN88, la circulation se fait sur une seule voie, ce qui provoque des ralentissements. Les automobilistes sont appel\u00e9s \u00e0 la prudence.<\/p>\n<p><img loading=\"lazy\" decoding=\"async\" src=\"https:\/\/www.europesays.com\/fr\/wp-content\/uploads\/2025\/10\/1759925595_788_img\" width=\"350\" height=\"200\" border=\"0\" title=\"L'autoroute A7, au niveau de Ternay, en direction du Sud.\"\/><\/p>\n<p>\u25baTrafic<\/p>\n<p style=\"font-size: 22px;\"><b>Entre 50 et 110 km\/h : la vitesse r\u00e9gul\u00e9e sur l&rsquo;A7 entre Saint-\u00c9tienne et Lyon<\/b><\/p>\n<p>La pr\u00e9fecture de r\u00e9gion a indiqu\u00e9 qu&rsquo;\u00e0 partir&#8230;<\/p>\n<p><\/p>\n","protected":false},"excerpt":{"rendered":"Ce mercredi 8 octobre, \u00e0 la mi-journ\u00e9e, un carambolage s&rsquo;est produit sur la RN88 au niveau du Chambon-Feugerolles,&hellip;\n","protected":false},"author":2,"featured_media":447422,"comment_status":"","ping_status":"","sticky":false,"template":"","format":"standard","meta":{"footnotes":""},"categories":[9653],"tags":[119,1111,11,2430,57329,7725,23591,1777,674,1011,27,12,1311,25,15292,9920,4001],"class_list":{"0":"post-447421","1":"post","2":"type-post","3":"status-publish","4":"format-standard","5":"has-post-thumbnail","7":"category-saint-etienne","8":"tag-accident","9":"tag-actu","10":"tag-actualites","11":"tag-auvergne-rhone-alpes","12":"tag-bless-grave","13":"tag-carambolage","14":"tag-chambon-feugerolles","15":"tag-eu","16":"tag-europe","17":"tag-fr","18":"tag-france","19":"tag-news","20":"tag-pompiers","21":"tag-republique-francaise","22":"tag-rn88","23":"tag-saint-tienne","24":"tag-saint-etienne"},"share_on_mastodon":{"url":"https:\/\/pubeurope.com\/@fr\/115338491973324510","error":""},"_links":{"self":[{"href":"https:\/\/www.europesays.com\/fr\/wp-json\/wp\/v2\/posts\/447421","targetHints":{"allow":["GET"]}}],"collection":[{"href":"https:\/\/www.europesays.com\/fr\/wp-json\/wp\/v2\/posts"}],"about":[{"href":"https:\/\/www.europesays.com\/fr\/wp-json\/wp\/v2\/types\/post"}],"author":[{"embeddable":true,"href":"https:\/\/www.europesays.com\/fr\/wp-json\/wp\/v2\/users\/2"}],"replies":[{"embeddable":true,"href":"https:\/\/www.europesays.com\/fr\/wp-json\/wp\/v2\/comments?post=447421"}],"version-history":[{"count":0,"href":"https:\/\/www.europesays.com\/fr\/wp-json\/wp\/v2\/posts\/447421\/revisions"}],"wp:featuredmedia":[{"embeddable":true,"href":"https:\/\/www.europesays.com\/fr\/wp-json\/wp\/v2\/media\/447422"}],"wp:attachment":[{"href":"https:\/\/www.europesays.com\/fr\/wp-json\/wp\/v2\/media?parent=447421"}],"wp:term":[{"taxonomy":"category","embeddable":true,"href":"https:\/\/www.europesays.com\/fr\/wp-json\/wp\/v2\/categories?post=447421"},{"taxonomy":"post_tag","embeddable":true,"href":"https:\/\/www.europesays.com\/fr\/wp-json\/wp\/v2\/tags?post=447421"}],"curies":[{"name":"wp","href":"https:\/\/api.w.org\/{rel}","templated":true}]}}