{"id":447427,"date":"2025-10-08T12:16:14","date_gmt":"2025-10-08T12:16:14","guid":{"rendered":"https:\/\/www.europesays.com\/fr\/447427\/"},"modified":"2025-10-08T12:16:14","modified_gmt":"2025-10-08T12:16:14","slug":"au-pradet-le-groupe-scolaire-marcel-pagnol-un-etablissement-ecoresponsable","status":"publish","type":"post","link":"https:\/\/www.europesays.com\/fr\/447427\/","title":{"rendered":"Au Pradet, le groupe scolaire Marcel Pagnol, un \u00e9tablissement \u00e9coresponsable"},"content":{"rendered":"<p>                    <img loading=\"lazy\" decoding=\"async\" src=\"https:\/\/www.europesays.com\/fr\/wp-content\/uploads\/2025\/10\/f8064fe2b44ace09352a224648cd70.jpg\" class=\"img-responsive post-image\" width=\"680\" height=\"510\" alt=\"Au Pradet, le groupe (\u2026)\" title=\"Au Pradet, le groupe scolaire Marcel Pagnol, un \u00e9tablissement \u00e9coresponsable\"\/><\/p>\n<p class=\"chapo\">La Ville a ouvert les portes du groupe scolaire Marcel Pagnol aux familles et aux enfants inscrits pour la rentr\u00e9e 2025, un \u00e9tablissement moderne et \u00e9coresponsable.<\/p>\n<p>Apr\u00e8s une premi\u00e8re inauguration institutionnelle la veille, cette matin\u00e9e conviviale a permis \u00e0 chacun de d\u00e9couvrir ce lieu qui accueillera bient\u00f4t les premiers pas scolaires, les jeux et la vie quotidienne de plus de 300 \u00e9l\u00e8ves.<\/p>\n<p>\u00ab\u00a0B\u00e2timent Durable M\u00e9diterran\u00e9en \u2013 niveau Argent\u00a0\u00bb<\/p>\n<p>Pour <strong>Herv\u00e9 Stassinos,<\/strong> le maire, cette inauguration marque un tournant\u00a0: \u00ab\u00a0Ce groupe scolaire est un projet structurant pour la commune. C\u2019est surtout la concr\u00e9tisation d\u2019une ambition, celle d\u2019offrir aux petits Prad\u00e9tans une \u00e9cole id\u00e9ale pour apprendre, s\u2019\u00e9panouir et devenir les Fran\u00e7ais de demain\u00a0\u00bb.<br class=\"autobr\"\/><br \/>\n\u00c9difi\u00e9 sur un terrain de 10 000 m\u00b2, l\u2019\u00e9tablissement comprend 16 classes, r\u00e9parties entre maternelle et \u00e9l\u00e9mentaire, ainsi que des \u00e9quipements adapt\u00e9s aux besoins des enfants (salles polyvalentes, r\u00e9fectoire, espaces de jeux, terrain multi sport, cour jardin et zones de stationnement s\u00e9curis\u00e9es). Con\u00e7u dans une d\u00e9marche \u00e9coresponsable, le groupe scolaire a obtenu le label \u00ab\u00a0B\u00e2timent Durable M\u00e9diterran\u00e9en \u2013 niveau Argent\u00a0\u00bb.<br class=\"autobr\"\/><br \/>\n<strong>L\u2019\u00e9cole compte 137 arbres, plus de 1 000 m\u00b2 d\u2019espaces verts, des panneaux photovolta\u00efques et des bacs potagers afin de sensibiliser les \u00e9l\u00e8ves au respect de l\u2019environnement.<\/strong><\/p>\n<p><strong>Ce projet d\u2019envergure a repr\u00e9sent\u00e9 un investissement de pr\u00e8s de 13 millions d\u2019\u20ac, financ\u00e9 par\u00a0:<\/strong><br class=\"autobr\"\/><br \/>\n\u2022 9,3 M\u20ac par la Ville du Pradet,<br class=\"autobr\"\/><br \/>\n\u2022 3,3 M\u20ac par la R\u00e9gion Sud,<br class=\"autobr\"\/><br \/>\n\u2022 300 000\u20ac par la CAF du Var,<br class=\"autobr\"\/><br \/>\n\u2022 100 000\u20ac par le D\u00e9partement.<\/p>\n<p>Photo de Une\u00a0: \u00a9PRESSE AGENCE<\/p>\n","protected":false},"excerpt":{"rendered":"La Ville a ouvert les portes du groupe scolaire Marcel Pagnol aux familles et aux enfants inscrits pour&hellip;\n","protected":false},"author":2,"featured_media":447428,"comment_status":"","ping_status":"","sticky":false,"template":"","format":"standard","meta":{"footnotes":""},"categories":[9619],"tags":[1111,11,2408,1777,674,1011,27,12,882,25,2310],"class_list":{"0":"post-447427","1":"post","2":"type-post","3":"status-publish","4":"format-standard","5":"has-post-thumbnail","7":"category-toulon","8":"tag-actu","9":"tag-actualites","10":"tag-appels-d","11":"tag-eu","12":"tag-europe","13":"tag-fr","14":"tag-france","15":"tag-news","16":"tag-provence-alpes-cote-dazur","17":"tag-republique-francaise","18":"tag-toulon"},"share_on_mastodon":{"url":"https:\/\/pubeurope.com\/@fr\/115338503318991035","error":""},"_links":{"self":[{"href":"https:\/\/www.europesays.com\/fr\/wp-json\/wp\/v2\/posts\/447427","targetHints":{"allow":["GET"]}}],"collection":[{"href":"https:\/\/www.europesays.com\/fr\/wp-json\/wp\/v2\/posts"}],"about":[{"href":"https:\/\/www.europesays.com\/fr\/wp-json\/wp\/v2\/types\/post"}],"author":[{"embeddable":true,"href":"https:\/\/www.europesays.com\/fr\/wp-json\/wp\/v2\/users\/2"}],"replies":[{"embeddable":true,"href":"https:\/\/www.europesays.com\/fr\/wp-json\/wp\/v2\/comments?post=447427"}],"version-history":[{"count":0,"href":"https:\/\/www.europesays.com\/fr\/wp-json\/wp\/v2\/posts\/447427\/revisions"}],"wp:featuredmedia":[{"embeddable":true,"href":"https:\/\/www.europesays.com\/fr\/wp-json\/wp\/v2\/media\/447428"}],"wp:attachment":[{"href":"https:\/\/www.europesays.com\/fr\/wp-json\/wp\/v2\/media?parent=447427"}],"wp:term":[{"taxonomy":"category","embeddable":true,"href":"https:\/\/www.europesays.com\/fr\/wp-json\/wp\/v2\/categories?post=447427"},{"taxonomy":"post_tag","embeddable":true,"href":"https:\/\/www.europesays.com\/fr\/wp-json\/wp\/v2\/tags?post=447427"}],"curies":[{"name":"wp","href":"https:\/\/api.w.org\/{rel}","templated":true}]}}