{"id":447439,"date":"2025-10-08T12:22:47","date_gmt":"2025-10-08T12:22:47","guid":{"rendered":"https:\/\/www.europesays.com\/fr\/447439\/"},"modified":"2025-10-08T12:22:47","modified_gmt":"2025-10-08T12:22:47","slug":"un-etudiant-grenoblois-meurt-apres-une-lourde-chute","status":"publish","type":"post","link":"https:\/\/www.europesays.com\/fr\/447439\/","title":{"rendered":"un \u00e9tudiant grenoblois meurt apr\u00e8s une lourde chute"},"content":{"rendered":"<p>\t\t\t\t\t\t\t\t\t\t\t<img loading=\"lazy\" decoding=\"async\" width=\"1280\" title=\"Le week-end d'int\u00e9gration vire au drame : un \u00e9tudiant grenoblois meurt apr\u00e8s une lourde chute\" class=\"img-fluid  mb-3\" src=\"https:\/\/grandgrenoble.alpes1.com\/media\/news\/le-week-end-d-integration-tourne-mal-un-etudiant-grenoblois-grievement-blesse_68e353c2c4fc5.webp\" alt=\"Le week-end d'int\u00e9gration vire au drame : un \u00e9tudiant grenoblois meurt apr\u00e8s une lourde chute\" itemprop=\"image\" height=\"720\"\/>\t\t\t\t\t\t\t\t\t\t\t\t<\/p>\n<p>Le week-end d&rsquo;int\u00e9gration vire au drame : un \u00e9tudiant grenoblois meurt apr\u00e8s une lourde chute &#8211; DR<\/p>\n<p itemprop=\"description\"><strong>Le week-end d&rsquo;int\u00e9gration de l&rsquo;Universit\u00e9 Grenoble Alpes a mal tourn\u00e9 ce dimanche.<\/strong><\/p>\n<p><strong>Mise \u00e0 jour <\/strong>: L&rsquo;\u00e9tudiant est finalement d\u00e9c\u00e9d\u00e9 des suites de ses blessures. L&rsquo;Universit\u00e9 Grenoble Alpes, o\u00f9 \u00e9tudiait la victime, a pris la parole dans un communiqu\u00e9 : \u00ab\u00a0L\u2019ensemble de la communaut\u00e9 universitaire est endeuill\u00e9 par cette tragique nouvelle et l\u2019universit\u00e9 Grenoble Alpes pr\u00e9sente ses condol\u00e9ances \u00e0 la famille et aux proches de la victime. Elle s\u2019associe \u00e0 leur douleur et les assure de tout son soutien. Afin d\u2019apporter un soutien aux \u00e9tudiants et personnels concern\u00e9s par ce drame, une cellule d\u2019\u00e9coute a \u00e9t\u00e9 mobilis\u00e9e en lien avec la cellule d\u2019urgence m\u00e9dico-psychologique et le service de sant\u00e9 \u00e9tudiant de l\u2019UGA\u00a0\u00bb.<\/p>\n<p>Elle pr\u00e9cise \u00e9galement que le WEI \u00e9tait \u00ab\u00a0organis\u00e9 par quatre associations \u00e9tudiantes en dehors du cadre universitaire\u00a0\u00bb.<\/p>\n<p><strong>Article initial <\/strong>: Plusieurs \u00e9tudiants partis dans la r\u00e9gion de Die ont sollicit\u00e9 l&rsquo;intervention des secours \u00e0 la mi-journ\u00e9e. Car l&rsquo;un de leurs camarades \u00e2g\u00e9 de 20 ans avait fait une chute accidentelle de 20 m\u00e8tres dans la rivi\u00e8re Dr\u00f4me.<\/p>\n<p>Gri\u00e8vement bless\u00e9e, la victime a \u00e9t\u00e9 prise en charge par les pompiers, qui l&rsquo;ont \u00e9vacu\u00e9e avec l&rsquo;h\u00e9licopt\u00e8re Dragon 38. Son pronostic vital \u00e9tait engag\u00e9.<\/p>\n<p>Une enqu\u00eate a \u00e9t\u00e9 ouverte afin de confirmer les circonstances de la chute de l&rsquo;\u00e9tudiant grenoblois.<\/p>\n","protected":false},"excerpt":{"rendered":"Le week-end d&rsquo;int\u00e9gration vire au drame : un \u00e9tudiant grenoblois meurt apr\u00e8s une lourde chute &#8211; DR Le&hellip;\n","protected":false},"author":2,"featured_media":442210,"comment_status":"","ping_status":"","sticky":false,"template":"","format":"standard","meta":{"footnotes":""},"categories":[9566],"tags":[1111,11,7733,8279,2430,7736,650,7734,2889,2263,1777,674,1011,27,2731,8280,6417,1114,108,4662,12,3725,1825,25,7737],"class_list":{"0":"post-447439","1":"post","2":"type-post","3":"status-publish","4":"format-standard","5":"has-post-thumbnail","7":"category-grenoble","8":"tag-actu","9":"tag-actualites","10":"tag-alpes","11":"tag-alpes1","12":"tag-auvergne-rhone-alpes","13":"tag-cds","14":"tag-cinema","15":"tag-ecoute","16":"tag-emission","17":"tag-equipe","18":"tag-eu","19":"tag-europe","20":"tag-fr","21":"tag-france","22":"tag-grenoble","23":"tag-haute","24":"tag-information","25":"tag-infos","26":"tag-isere","27":"tag-journal","28":"tag-news","29":"tag-podcast","30":"tag-radio","31":"tag-republique-francaise","32":"tag-winamp"},"share_on_mastodon":{"url":"https:\/\/pubeurope.com\/@fr\/115338530768454587","error":""},"_links":{"self":[{"href":"https:\/\/www.europesays.com\/fr\/wp-json\/wp\/v2\/posts\/447439","targetHints":{"allow":["GET"]}}],"collection":[{"href":"https:\/\/www.europesays.com\/fr\/wp-json\/wp\/v2\/posts"}],"about":[{"href":"https:\/\/www.europesays.com\/fr\/wp-json\/wp\/v2\/types\/post"}],"author":[{"embeddable":true,"href":"https:\/\/www.europesays.com\/fr\/wp-json\/wp\/v2\/users\/2"}],"replies":[{"embeddable":true,"href":"https:\/\/www.europesays.com\/fr\/wp-json\/wp\/v2\/comments?post=447439"}],"version-history":[{"count":0,"href":"https:\/\/www.europesays.com\/fr\/wp-json\/wp\/v2\/posts\/447439\/revisions"}],"wp:featuredmedia":[{"embeddable":true,"href":"https:\/\/www.europesays.com\/fr\/wp-json\/wp\/v2\/media\/442210"}],"wp:attachment":[{"href":"https:\/\/www.europesays.com\/fr\/wp-json\/wp\/v2\/media?parent=447439"}],"wp:term":[{"taxonomy":"category","embeddable":true,"href":"https:\/\/www.europesays.com\/fr\/wp-json\/wp\/v2\/categories?post=447439"},{"taxonomy":"post_tag","embeddable":true,"href":"https:\/\/www.europesays.com\/fr\/wp-json\/wp\/v2\/tags?post=447439"}],"curies":[{"name":"wp","href":"https:\/\/api.w.org\/{rel}","templated":true}]}}