{"id":447444,"date":"2025-10-08T12:25:11","date_gmt":"2025-10-08T12:25:11","guid":{"rendered":"https:\/\/www.europesays.com\/fr\/447444\/"},"modified":"2025-10-08T12:25:11","modified_gmt":"2025-10-08T12:25:11","slug":"une-galerie-commerciale-prend-feu-pres-de-rennes","status":"publish","type":"post","link":"https:\/\/www.europesays.com\/fr\/447444\/","title":{"rendered":"Une galerie commerciale prend feu pr\u00e8s de Rennes"},"content":{"rendered":"<p>Ce mercredi matin, jour de march\u00e9 dans le centre de Pac\u00e9, un incendie s\u2019est d\u00e9clar\u00e9 \u00e0 11 h 38 dans la petite galerie commerciale \u00e0 proximit\u00e9 des \u00e9tals des commer\u00e7ants. 45 pompiers sont mobilis\u00e9s pour \u00e9teindre le feu qui s\u2019est propag\u00e9 dans plusieurs cellules commerciales. D\u2019apr\u00e8s un t\u00e9moin sur place, l\u2019incendie serait parti d\u2019un des commerces \u00e0 l\u2019int\u00e9rieur de la galerie. Le sinistre est toujours en cours et un secteur de s\u00e9curit\u00e9 a \u00e9t\u00e9 d\u00e9ploy\u00e9 par les forces de l\u2019ordre.<\/p>\n","protected":false},"excerpt":{"rendered":"Ce mercredi matin, jour de march\u00e9 dans le centre de Pac\u00e9, un incendie s\u2019est d\u00e9clar\u00e9 \u00e0 11 h&hellip;\n","protected":false},"author":2,"featured_media":447445,"comment_status":"","ping_status":"","sticky":false,"template":"","format":"standard","meta":{"footnotes":""},"categories":[2821],"tags":[1111,11,829,1777,674,1011,27,848,12,584,25],"class_list":{"0":"post-447444","1":"post","2":"type-post","3":"status-publish","4":"format-standard","5":"has-post-thumbnail","7":"category-rennes","8":"tag-actu","9":"tag-actualites","10":"tag-bretagne","11":"tag-eu","12":"tag-europe","13":"tag-fr","14":"tag-france","15":"tag-ille-et-vilaine","16":"tag-news","17":"tag-rennes","18":"tag-republique-francaise"},"share_on_mastodon":{"url":"https:\/\/pubeurope.com\/@fr\/115338538174771310","error":""},"_links":{"self":[{"href":"https:\/\/www.europesays.com\/fr\/wp-json\/wp\/v2\/posts\/447444","targetHints":{"allow":["GET"]}}],"collection":[{"href":"https:\/\/www.europesays.com\/fr\/wp-json\/wp\/v2\/posts"}],"about":[{"href":"https:\/\/www.europesays.com\/fr\/wp-json\/wp\/v2\/types\/post"}],"author":[{"embeddable":true,"href":"https:\/\/www.europesays.com\/fr\/wp-json\/wp\/v2\/users\/2"}],"replies":[{"embeddable":true,"href":"https:\/\/www.europesays.com\/fr\/wp-json\/wp\/v2\/comments?post=447444"}],"version-history":[{"count":0,"href":"https:\/\/www.europesays.com\/fr\/wp-json\/wp\/v2\/posts\/447444\/revisions"}],"wp:featuredmedia":[{"embeddable":true,"href":"https:\/\/www.europesays.com\/fr\/wp-json\/wp\/v2\/media\/447445"}],"wp:attachment":[{"href":"https:\/\/www.europesays.com\/fr\/wp-json\/wp\/v2\/media?parent=447444"}],"wp:term":[{"taxonomy":"category","embeddable":true,"href":"https:\/\/www.europesays.com\/fr\/wp-json\/wp\/v2\/categories?post=447444"},{"taxonomy":"post_tag","embeddable":true,"href":"https:\/\/www.europesays.com\/fr\/wp-json\/wp\/v2\/tags?post=447444"}],"curies":[{"name":"wp","href":"https:\/\/api.w.org\/{rel}","templated":true}]}}