{"id":447473,"date":"2025-10-08T12:41:09","date_gmt":"2025-10-08T12:41:09","guid":{"rendered":"https:\/\/www.europesays.com\/fr\/447473\/"},"modified":"2025-10-08T12:41:09","modified_gmt":"2025-10-08T12:41:09","slug":"pres-de-lyon-les-habitants-recoivent-un-message-inquietant-du-maire-les-gendarmes-debarquent","status":"publish","type":"post","link":"https:\/\/www.europesays.com\/fr\/447473\/","title":{"rendered":"Pr\u00e8s de Lyon. Les habitants re\u00e7oivent un message inqui\u00e9tant du maire, les gendarmes d\u00e9barquent"},"content":{"rendered":"<p>            Par<br \/>\n        <strong><br \/>\n            <a href=\"https:\/\/actu.fr\/auteur\/theo-zuili\" title=\"Consulter tous les articles de Th\u00e9o Zuili\" target=\"_blank\" rel=\"noopener\">Th\u00e9o Zuili<\/a><br \/>\n        <\/strong><\/p>\n<p>        Publi\u00e9 le<\/p>\n<p>            8 oct. 2025 \u00e0 14h25        <\/p>\n<p>Fausse alerte \u00e0 <a href=\"https:\/\/actu.fr\/auvergne-rhone-alpes\/poleymieux-au-mont-d-or_69153\" target=\"_blank\" rel=\"noopener\">Poleymieux-au-Mont-d\u2019Or<\/a> samedi 4 octobre 2025. Entre 11h05 et midi, la balade de deux amis ivres a provoqu\u00e9 un vent de suspicion dans ce petit village cossu des Monts d\u2019Or, pr\u00e8s de <a href=\"https:\/\/actu.fr\/lyon\/\" target=\"_blank\" rel=\"noopener\">Lyon<\/a>.<\/p>\n<p>    <a href=\"https:\/\/www.google.com\/maps\/embed?pb=!1m18!1m12!1m3!1d12673.430500593584!2d4.801712972532462!3d45.85554367807877!2m3!1f0!2f0!3f0!3m2!1i1024!2i768!4f13.1!3m3!1m2!1s0x47f49474ec545323%3A0x569c99a6459c2b53!2sChem.%20des%20C%C3%B4tes%2C%2069250%20Poleymieux-au-Mont-d%27Or!5e1!3m2!1sfr!2sfr!4v1759917589023!5m2!1sfr!2sfr\" title=\"Ouvrie le lien\" target=\"_blank\" rel=\"noopener\">Cliquez ici pour visualiser le contenu<\/a><\/p>\n<p class=\" wall-content\">Un habitant vigilant a alert\u00e9 les gendarmes, mobilis\u00e9s en nombre sur place pour une affaire finalement anecdotique.<\/p>\n<p>Des amis \u00ab\u00a0type SDF\u00a0\u00bb en balade<\/p>\n<p class=\" wall-content\">Le quiproquo commence en d\u00e9but de matin\u00e9e avec le signalement par un habitant du village de \u00ab\u00a0deux individus type SDF\u00a0\u00bb, alors <strong>soup\u00e7onn\u00e9s de vol dans une maison<\/strong>, quittant la place de la mairie \u00e0 pied en direction de Curis via le chemin des C\u00f4tes, un sublime sentier nature.<\/p>\n<p class=\" wall-content\">Les gendarmes sont alert\u00e9s tandis que Corinne Cardona, maire du village, relaie l\u2019alerte et appelle ses administr\u00e9s \u00e0 la vigilance. L\u2019habitant z\u00e9l\u00e9, lui, suit les deux suspects \u00e0 la trace, restant en lien avec la mairie qui <strong>partage leur position<\/strong>.<\/p>\n<p>Les gendarmes interviennent<\/p>\n<p class=\" wall-content\">La brigade territoriale de Neuville-sur-Sa\u00f4ne intervient sur place pour constater la pr\u00e9sence de <strong>deux individus ivres<\/strong>, qui s\u2019av\u00e8rent en pleine promenade. Aucune plainte n\u2019est d\u00e9pos\u00e9e et aucun cambriolage n\u2019est signal\u00e9 : le voisin vigilant s\u2019est m\u00e9pris sur les deux individus, domicili\u00e9s hors du d\u00e9partement du Rh\u00f4ne, simplement venus rendre visite \u00e0 un ami Poleymoriot.<\/p>\n<p class=\" wall-content\">Si les suspicions sont rapidement lev\u00e9es, les deux individus se voient tout de m\u00eame verbalis\u00e9s par la gendarmerie pour ivresse publique et manifeste.<\/p>\n<p class=\" wall-content\">Personnalisez votre actualit\u00e9 en ajoutant vos villes et m\u00e9dias en favori avec <a href=\"https:\/\/moncompte.actu.fr\" title=\"D\u00e9couvez Mon Actu\" rel=\"nofollow noopener\" data-trk=\"{&quot;cta&quot;:{&quot;action&quot;:&quot;https:\\\/\\\/moncompte.actu.fr&quot;,&quot;category&quot;:&quot;mon compte&quot;,&quot;from&quot;:&quot;article footer&quot;,&quot;name&quot;:&quot;Mon actu&quot;,&quot;type&quot;:&quot;cta&quot;}}\" target=\"_blank\">Mon Actu<\/a>.<\/p>\n","protected":false},"excerpt":{"rendered":"Par Th\u00e9o Zuili Publi\u00e9 le 8 oct. 2025 \u00e0 14h25 Fausse alerte \u00e0 Poleymieux-au-Mont-d\u2019Or samedi 4 octobre 2025.&hellip;\n","protected":false},"author":2,"featured_media":447474,"comment_status":"","ping_status":"","sticky":false,"template":"","format":"standard","meta":{"footnotes":""},"categories":[1889],"tags":[1111,11,5702,2430,1777,674,1011,27,3381,1757,2428,12,25,104],"class_list":{"0":"post-447473","1":"post","2":"type-post","3":"status-publish","4":"format-standard","5":"has-post-thumbnail","7":"category-lyon","8":"tag-actu","9":"tag-actualites","10":"tag-alcool","11":"tag-auvergne-rhone-alpes","12":"tag-eu","13":"tag-europe","14":"tag-fr","15":"tag-france","16":"tag-gendarmerie","17":"tag-insolite","18":"tag-lyon","19":"tag-news","20":"tag-republique-francaise","21":"tag-societe"},"share_on_mastodon":{"url":"https:\/\/pubeurope.com\/@fr\/115338600939097510","error":""},"_links":{"self":[{"href":"https:\/\/www.europesays.com\/fr\/wp-json\/wp\/v2\/posts\/447473","targetHints":{"allow":["GET"]}}],"collection":[{"href":"https:\/\/www.europesays.com\/fr\/wp-json\/wp\/v2\/posts"}],"about":[{"href":"https:\/\/www.europesays.com\/fr\/wp-json\/wp\/v2\/types\/post"}],"author":[{"embeddable":true,"href":"https:\/\/www.europesays.com\/fr\/wp-json\/wp\/v2\/users\/2"}],"replies":[{"embeddable":true,"href":"https:\/\/www.europesays.com\/fr\/wp-json\/wp\/v2\/comments?post=447473"}],"version-history":[{"count":0,"href":"https:\/\/www.europesays.com\/fr\/wp-json\/wp\/v2\/posts\/447473\/revisions"}],"wp:featuredmedia":[{"embeddable":true,"href":"https:\/\/www.europesays.com\/fr\/wp-json\/wp\/v2\/media\/447474"}],"wp:attachment":[{"href":"https:\/\/www.europesays.com\/fr\/wp-json\/wp\/v2\/media?parent=447473"}],"wp:term":[{"taxonomy":"category","embeddable":true,"href":"https:\/\/www.europesays.com\/fr\/wp-json\/wp\/v2\/categories?post=447473"},{"taxonomy":"post_tag","embeddable":true,"href":"https:\/\/www.europesays.com\/fr\/wp-json\/wp\/v2\/tags?post=447473"}],"curies":[{"name":"wp","href":"https:\/\/api.w.org\/{rel}","templated":true}]}}