{"id":447492,"date":"2025-10-08T12:52:11","date_gmt":"2025-10-08T12:52:11","guid":{"rendered":"https:\/\/www.europesays.com\/fr\/447492\/"},"modified":"2025-10-08T12:52:11","modified_gmt":"2025-10-08T12:52:11","slug":"lallemagne-durcit-les-regles-de-vente-de-cannabis","status":"publish","type":"post","link":"https:\/\/www.europesays.com\/fr\/447492\/","title":{"rendered":"L&rsquo;Allemagne durcit les r\u00e8gles de vente de cannabis"},"content":{"rendered":"<p>                    <img decoding=\"async\" style=\"aspect-ratio:16\/9\" src=\"https:\/\/www.europesays.com\/fr\/wp-content\/uploads\/2025\/10\/Cannabis.webp\" width=\"100%\" loading=\"eager\"\/><\/p>\n<p>                            <a href=\"https:\/\/fr.businessam.be\/author\/redactie\/\" class=\"author-thumbnail\" style=\"border: 2px inset #00000099;\" target=\"_blank\" rel=\"noopener\"><img loading=\"lazy\" decoding=\"async\" src=\"https:\/\/www.europesays.com\/fr\/wp-content\/uploads\/2025\/10\/1759927931_749_cropped-favicon-192x192.png\" width=\"80\" height=\"80\" alt=\"Business AM\"\/><\/a>\ue05bpar <a href=\"https:\/\/fr.businessam.be\/author\/redactie\/\" target=\"_blank\" rel=\"noopener\">Business AM<\/a><br \/>\ue010publi\u00e9 le mercredi 08 octobre 2025 \u00e0 13:33 \u2022 <br \/>\ue00c2 min de lecture<\/p>\n<p>Principaux renseignements<\/p>\n<ul class=\"wp-block-list\">\n<li><strong>De nouvelles r\u00e9glementations en Allemagne exigent une consommation responsable du cannabis.<\/strong><\/li>\n<li><strong>La livraison de cannabis par correspondance est interdite, les ventes se faisant uniquement par l\u2019interm\u00e9diaire de pharmacies physiques.<\/strong><\/li>\n<li><strong>L\u2019augmentation des importations de cannabis n\u2019est pas due \u00e0 une demande accrue des patients, mais plut\u00f4t \u00e0 des pratiques de prescription en ligne qui ne font pas l\u2019objet d\u2019une surveillance m\u00e9dicale appropri\u00e9e.<\/strong><\/li>\n<\/ul>\n<p>Suite \u00e0 la l\u00e9galisation de <a href=\"https:\/\/fr.businessam.be\/nouvelle-etude-etablit-un-lien-entre-consommation-de-cannabis-moderne-et-problemes-psychologiques\/\" target=\"_blank\" rel=\"noopener\">l\u2019usage r\u00e9cr\u00e9atif<\/a> du cannabis en Allemagne en 2024, le pays a connu une hausse spectaculaire des importations de cannabis. Pour faire face \u00e0 ce probl\u00e8me, le gouvernement allemand a mis en place de nouvelles r\u00e9glementations visant \u00e0 renforcer le contr\u00f4le des ventes de cannabis en ligne.<\/p>\n<p>Nouvelles r\u00e9glementations<\/p>\n<p>La l\u00e9gislation exige que les personnes souhaitant obtenir une prescription de cannabis se soumettent obligatoirement \u00e0 des consultations m\u00e9dicales en personne avec des m\u00e9decins. Cette mesure vise \u00e0 garantir un usage responsable et \u00e0 pr\u00e9venir une \u00e9ventuelle utilisation abusive de la drogue.<\/p>\n<p>En outre, les nouvelles r\u00e8gles interdisent la livraison de cannabis par correspondance, limitant ainsi la distribution aux pharmacies physiques. <\/p>\n<p>R\u00e9ponse aux inqui\u00e9tudes<\/p>\n<p>La ministre de la sant\u00e9, Nina Warken, a soulign\u00e9 l\u2019importance de ces changements, en insistant sur les risques associ\u00e9s aux pratiques de prescription en ligne qui ne font pas l\u2019objet d\u2019une surveillance m\u00e9dicale appropri\u00e9e. Le gouvernement a notamment d\u00e9clar\u00e9 que l\u2019augmentation des importations n\u2019\u00e9tait pas due \u00e0 une demande accrue de la part de patients souffrant de maladies graves, les prescriptions par le biais de l\u2019assurance maladie sociale n\u2019ayant connu qu\u2019une l\u00e9g\u00e8re augmentation. L\u2019augmentation de l\u2019utilisation s\u2019est donc produite aupr\u00e8s d\u2019un public diff\u00e9rent. (jv)<\/p>\n<p><a href=\"https:\/\/news.google.com\/publications\/CAowtseUCw?hl=fr&amp;gl=BE&amp;ceid=BE%3Afr\" target=\"_blank\" rel=\"noopener\">Suivez \u00e9galement Business AM sur Google Actualit\u00e9s<\/a><\/p>\n<p><a href=\"https:\/\/portalfr.businessam.be\/plans\/business-am-fr-offre-dete\/\" target=\"_blank\" rel=\"noopener\">Si vous souhaitez acc\u00e9der \u00e0 tous les articles, abonnez-vous ici!<\/a><\/p>\n","protected":false},"excerpt":{"rendered":"\ue05bpar Business AM\ue010publi\u00e9 le mercredi 08 octobre 2025 \u00e0 13:33 \u2022 \ue00c2 min de lecture Principaux renseignements De&hellip;\n","protected":false},"author":2,"featured_media":447493,"comment_status":"","ping_status":"","sticky":false,"template":"","format":"standard","meta":{"footnotes":""},"categories":[1587],"tags":[11,672,1804,3675,1805,1803,1777,674,1801,12,1802],"class_list":{"0":"post-447492","1":"post","2":"type-post","3":"status-publish","4":"format-standard","5":"has-post-thumbnail","7":"category-allemagne","8":"tag-actualites","9":"tag-allemagne","10":"tag-bundesrepublik-deutschland","11":"tag-cannabis","12":"tag-de","13":"tag-deutschland","14":"tag-eu","15":"tag-europe","16":"tag-germany","17":"tag-news","18":"tag-republique-federale-dallemagne"},"share_on_mastodon":{"url":"https:\/\/pubeurope.com\/@fr\/115338645206568973","error":""},"_links":{"self":[{"href":"https:\/\/www.europesays.com\/fr\/wp-json\/wp\/v2\/posts\/447492","targetHints":{"allow":["GET"]}}],"collection":[{"href":"https:\/\/www.europesays.com\/fr\/wp-json\/wp\/v2\/posts"}],"about":[{"href":"https:\/\/www.europesays.com\/fr\/wp-json\/wp\/v2\/types\/post"}],"author":[{"embeddable":true,"href":"https:\/\/www.europesays.com\/fr\/wp-json\/wp\/v2\/users\/2"}],"replies":[{"embeddable":true,"href":"https:\/\/www.europesays.com\/fr\/wp-json\/wp\/v2\/comments?post=447492"}],"version-history":[{"count":0,"href":"https:\/\/www.europesays.com\/fr\/wp-json\/wp\/v2\/posts\/447492\/revisions"}],"wp:featuredmedia":[{"embeddable":true,"href":"https:\/\/www.europesays.com\/fr\/wp-json\/wp\/v2\/media\/447493"}],"wp:attachment":[{"href":"https:\/\/www.europesays.com\/fr\/wp-json\/wp\/v2\/media?parent=447492"}],"wp:term":[{"taxonomy":"category","embeddable":true,"href":"https:\/\/www.europesays.com\/fr\/wp-json\/wp\/v2\/categories?post=447492"},{"taxonomy":"post_tag","embeddable":true,"href":"https:\/\/www.europesays.com\/fr\/wp-json\/wp\/v2\/tags?post=447492"}],"curies":[{"name":"wp","href":"https:\/\/api.w.org\/{rel}","templated":true}]}}