{"id":447508,"date":"2025-10-08T13:01:16","date_gmt":"2025-10-08T13:01:16","guid":{"rendered":"https:\/\/www.europesays.com\/fr\/447508\/"},"modified":"2025-10-08T13:01:16","modified_gmt":"2025-10-08T13:01:16","slug":"finaliste-a-pekin-linda-noskova-elimine-naomi-osaka-au-2e-tour-du-wta-1000-de-wuhan-lequipe","status":"publish","type":"post","link":"https:\/\/www.europesays.com\/fr\/447508\/","title":{"rendered":"Finaliste \u00e0 P\u00e9kin, Linda Noskova \u00e9limine Naomi Osaka au 2e tour du WTA 1000 de Wuhan &#8211; L&#039;\u00c9quipe"},"content":{"rendered":"<ol>\n<li><a href=\"https:\/\/news.google.com\/rss\/articles\/CBMitgFBVV95cUxPenVQV3NCOXJpTGVaOUxDTzFsRTdGcDdqTW1uMEc4Q3h6ZjN2WlhjTWt1ZjF1ZEgtM1RlOUUzOWRhQU1xeks5bkpKSC13UUpNNUlYZFl1N3BWWmo2SEJlNWpzMV9MMkR0VnB0RnhRZ0Z3bTdtSGNRNTI0bFNSbkE4UllJVEJWNVIyNDNoNmJYN3g5a2MzV29QSE9mM2lvdkNHNFRMbEpnSUVuMTVOWlhuZ056ZUpQZw?oc=5\" target=\"_blank\" rel=\"nofollow noopener\">Finaliste \u00e0 P\u00e9kin, Linda Noskova \u00e9limine Naomi Osaka au 2e tour du WTA 1000 de Wuhan<\/a>&nbsp;&nbsp;L&rsquo;\u00c9quipe<\/li>\n<li><a href=\"https:\/\/news.google.com\/rss\/articles\/CBMi4AFBVV95cUxNQVl2bjZaZ194NHNJeUhBNTR2UFJfc2dRSmFxdkVfM0V6MnZEdDdtenI1ZEY2RDZoamZ5RmpRVkJIZV9BQWJ3M0l5YWhmc0R6eDJSRWNUS0pZY21ZSWZZQWU3bVNncGxQcFRWdU5sa3QxTjRDOXRVazdqdHVJWjJWZkU3dEhHR3NqQXZUZzNnSk5aUGptNVhBNzlYdXJiSG9lbDNGSUxSYVdXamZrYm9uUlljeXI1V2FPMjU3SlJTUmtWMG5FcGpXLV90ZWJQNkZBLUNYemVSaXBNQWxIYi1xdg?oc=5\" target=\"_blank\" rel=\"nofollow noopener\">WTA 1000 Wuhan &#8211; Osaka n&rsquo;a pas fait le poids contre la jeune r\u00e9v\u00e9lation Noskova<\/a>&nbsp;&nbsp;Eurosport<\/li>\n<li><a href=\"https:\/\/news.google.com\/rss\/articles\/CBMioAFBVV95cUxQZFBfaWZGMGRwTVhTcExSdU5oVjdrMXFCYkJfTkRoMnpid0VuQlJKRVRxRzFrMUNnYVp1Y3E2ZmhVN1pEeTAzNzlKV01Jb2p4UTJmbzhiSWpTck9acWJueWdVbEhiN2dQV0NfdHUwSU5aTFB6Q2RpMGs4YkNmMTZFQl9WWjhJeUlrN0FMYTF2cHNycjJLSG5hUnVqQW5fVmVB?oc=5\" target=\"_blank\" rel=\"nofollow noopener\">Tennis : Osaka tombe au 2e tour contre Noskova \u00e0 Wuhan<\/a>&nbsp;&nbsp;Le Figaro<\/li>\n<li><a href=\"https:\/\/news.google.com\/rss\/articles\/CBMioAFBVV95cUxOREJvaUg2UXpQU1BnZFY0VTVKM0pVU1FZVWRjTUliR1FOTnE1RXd5TVp5WlRkOVh3Q0hXMDFIRWVJdDZ6NzdmaVdTaEVfOFB0WTNoLTF6RThMZU92N3h3LUppY1ZmUFpLOXppcFA1Sk44blBNWVdSN0k0V2lLV0lRa2dnWlo0ajhNOEFDYkw0N21sZWFGenZZODVSS1RaTGpr?oc=5\" target=\"_blank\" rel=\"nofollow noopener\">Naomi Osaka \u2013 Linda Noskova pronostic et paris &#8211; 8 octobre 2025<\/a>&nbsp;&nbsp;Dailysports<\/li>\n<li><a href=\"https:\/\/news.google.com\/rss\/articles\/CBMirAFBVV95cUxOLVNqRUJwbVQzdnp1RExrSDVLRWV4cHQxSV8wQnl5V0w3RDJpajZ6N29EQ1JWUEVnTS1HNThDanBhc0R6TGJUTml4YTZnQkE2QnEwNHF6NHVqUnVZbWh1bnlvVVZSWHA5WENDUnptemN4ZmNaSVZvMXMzaTVDaTR6dXpZOFIwY0F0MnIxQS1MOEpDTFJDcjA0VXl2aTdmbHNjWGxMcVotdk1sRTdD0gGsAUFVX3lxTFBPRUZuanRqbzc5MkI4TDkxLTFBc3R0QXNJcGJ4WDFmb3RzY2dTcEUyUmMwWjdzZU5fUzNaMHFqQ210TURhdWlHUVhjYUpxWDcxQ0RrZUZhUjZVVHhacTNEdTZoNlg4UXB5dlctT2NyekNTempuV004MlNTMWJiRGRQYWtVNWFpTzE4bW5zRjRrOWZjMjlpUmhaVE5jTGl5RUhvV3FqVEpjSF85NEM?oc=5\" target=\"_blank\" rel=\"nofollow noopener\">WTA &#8211; Wuhan: Naomi Osaka n&rsquo;a pas r\u00e9sist\u00e9 \u00e0 une Linda Noskova en feu !<\/a>&nbsp;&nbsp;Tennis Actu TV<\/li>\n<\/ol>\n","protected":false},"excerpt":{"rendered":"Finaliste \u00e0 P\u00e9kin, Linda Noskova \u00e9limine Naomi Osaka au 2e tour du WTA 1000 de Wuhan&nbsp;&nbsp;L&rsquo;\u00c9quipe WTA 1000&hellip;\n","protected":false},"author":2,"featured_media":447509,"comment_status":"","ping_status":"","sticky":false,"template":"","format":"standard","meta":{"footnotes":""},"categories":[1415],"tags":[1011,27,60,1467],"class_list":{"0":"post-447508","1":"post","2":"type-post","3":"status-publish","4":"format-standard","5":"has-post-thumbnail","7":"category-tennis","8":"tag-fr","9":"tag-france","10":"tag-sports","11":"tag-tennis"},"share_on_mastodon":{"url":"https:\/\/pubeurope.com\/@fr\/115338679647241016","error":""},"_links":{"self":[{"href":"https:\/\/www.europesays.com\/fr\/wp-json\/wp\/v2\/posts\/447508","targetHints":{"allow":["GET"]}}],"collection":[{"href":"https:\/\/www.europesays.com\/fr\/wp-json\/wp\/v2\/posts"}],"about":[{"href":"https:\/\/www.europesays.com\/fr\/wp-json\/wp\/v2\/types\/post"}],"author":[{"embeddable":true,"href":"https:\/\/www.europesays.com\/fr\/wp-json\/wp\/v2\/users\/2"}],"replies":[{"embeddable":true,"href":"https:\/\/www.europesays.com\/fr\/wp-json\/wp\/v2\/comments?post=447508"}],"version-history":[{"count":0,"href":"https:\/\/www.europesays.com\/fr\/wp-json\/wp\/v2\/posts\/447508\/revisions"}],"wp:featuredmedia":[{"embeddable":true,"href":"https:\/\/www.europesays.com\/fr\/wp-json\/wp\/v2\/media\/447509"}],"wp:attachment":[{"href":"https:\/\/www.europesays.com\/fr\/wp-json\/wp\/v2\/media?parent=447508"}],"wp:term":[{"taxonomy":"category","embeddable":true,"href":"https:\/\/www.europesays.com\/fr\/wp-json\/wp\/v2\/categories?post=447508"},{"taxonomy":"post_tag","embeddable":true,"href":"https:\/\/www.europesays.com\/fr\/wp-json\/wp\/v2\/tags?post=447508"}],"curies":[{"name":"wp","href":"https:\/\/api.w.org\/{rel}","templated":true}]}}