{"id":447510,"date":"2025-10-08T13:03:11","date_gmt":"2025-10-08T13:03:11","guid":{"rendered":"https:\/\/www.europesays.com\/fr\/447510\/"},"modified":"2025-10-08T13:03:11","modified_gmt":"2025-10-08T13:03:11","slug":"les-dates-de-la-pre-saison-2026-sont-connues","status":"publish","type":"post","link":"https:\/\/www.europesays.com\/fr\/447510\/","title":{"rendered":"Les dates de la pr\u00e9-saison 2026 sont connues\u00a0!"},"content":{"rendered":"<p>La saison 2026 approche \u00e0 grands pas ! Apr\u00e8s la confirmation que la pr\u00e9sentation de la campagne aurait lieu \u00e0 Kuala Lumpur les 6 et 7 f\u00e9vrier prochains, la derni\u00e8re pi\u00e8ce du puzzle vient d&rsquo;\u00eatre plac\u00e9e.<\/p>\n<p>L&rsquo;ann\u00e9e commencera par le Test Shakedown (pour les pilotes d&rsquo;essai, les rookies et les constructeurs b\u00e9n\u00e9ficiant de concessions) sur le circuit international Petronas de Sepang \u00e0 la fin du mois de janvier. On passera ensuite trois jours suppl\u00e9mentaires sur le trac\u00e9 malaisien avec l&rsquo;ensemble du plateau avant le lancement de la saison.<\/p>\n<p>En 2026, la capitale malaisienne, Kuala Lumpur, accueillera l&rsquo;\u00e9v\u00e9nement phare de ce d\u00e9but d&rsquo;ann\u00e9e, qui se d\u00e9roulera les 6 et 7 f\u00e9vrier. Reste connect\u00e9 pour tout savoir de cette pr\u00e9sentation.<\/p>\n<p>Enfin, le Test de Buriram aura lieu le week-end pr\u00e9c\u00e9dant l&rsquo;ouverture de la saison, le circuit international de Chang accueillant le plateau pour les deux derniers jours d&rsquo;essais avant la reprise de la comp\u00e9tition.<\/p>\n<p><strong>Voici le programme complet :<\/strong><\/p>\n<p>Shakedown : 29, 30 et 31 janvier<br \/>Test de Sepang : 3, 4 et 5 f\u00e9vrier<br \/>Pr\u00e9sentation de la saison : 6 et 7 f\u00e9vrier<br \/>Test de Buriram : 21 et 22 f\u00e9vrier<\/p>\n<p>Sans oublier le Test de Valence, qui nous donnera un premier aper\u00e7u de la grille 2026, des am\u00e9liorations apport\u00e9es aux motos et des nouveaux visages qui rejoindront la cat\u00e9gorie reine. Comme chaque ann\u00e9e, cette journ\u00e9e de roulage aura lieu le mardi suivant la manche finale de la saison.<\/p>\n<p>On a h\u00e2te d&rsquo;y \u00eatre !<\/p>\n","protected":false},"excerpt":{"rendered":"La saison 2026 approche \u00e0 grands pas ! Apr\u00e8s la confirmation que la pr\u00e9sentation de la campagne aurait&hellip;\n","protected":false},"author":2,"featured_media":447511,"comment_status":"","ping_status":"","sticky":false,"template":"","format":"standard","meta":{"footnotes":""},"categories":[1413],"tags":[1011,27,1457,1456,60,2032],"class_list":{"0":"post-447510","1":"post","2":"type-post","3":"status-publish","4":"format-standard","5":"has-post-thumbnail","7":"category-moto","8":"tag-fr","9":"tag-france","10":"tag-moto","11":"tag-motocycle","12":"tag-sports","13":"tag-text"},"share_on_mastodon":{"url":"https:\/\/pubeurope.com\/@fr\/115338687523595535","error":""},"_links":{"self":[{"href":"https:\/\/www.europesays.com\/fr\/wp-json\/wp\/v2\/posts\/447510","targetHints":{"allow":["GET"]}}],"collection":[{"href":"https:\/\/www.europesays.com\/fr\/wp-json\/wp\/v2\/posts"}],"about":[{"href":"https:\/\/www.europesays.com\/fr\/wp-json\/wp\/v2\/types\/post"}],"author":[{"embeddable":true,"href":"https:\/\/www.europesays.com\/fr\/wp-json\/wp\/v2\/users\/2"}],"replies":[{"embeddable":true,"href":"https:\/\/www.europesays.com\/fr\/wp-json\/wp\/v2\/comments?post=447510"}],"version-history":[{"count":0,"href":"https:\/\/www.europesays.com\/fr\/wp-json\/wp\/v2\/posts\/447510\/revisions"}],"wp:featuredmedia":[{"embeddable":true,"href":"https:\/\/www.europesays.com\/fr\/wp-json\/wp\/v2\/media\/447511"}],"wp:attachment":[{"href":"https:\/\/www.europesays.com\/fr\/wp-json\/wp\/v2\/media?parent=447510"}],"wp:term":[{"taxonomy":"category","embeddable":true,"href":"https:\/\/www.europesays.com\/fr\/wp-json\/wp\/v2\/categories?post=447510"},{"taxonomy":"post_tag","embeddable":true,"href":"https:\/\/www.europesays.com\/fr\/wp-json\/wp\/v2\/tags?post=447510"}],"curies":[{"name":"wp","href":"https:\/\/api.w.org\/{rel}","templated":true}]}}