{"id":447512,"date":"2025-10-08T13:04:11","date_gmt":"2025-10-08T13:04:11","guid":{"rendered":"https:\/\/www.europesays.com\/fr\/447512\/"},"modified":"2025-10-08T13:04:11","modified_gmt":"2025-10-08T13:04:11","slug":"avec-son-cne-flambant-neuf-a-vichy-la-fft-veut-bousculer-lhegemonie-espagnole-et-argentine-du-padel","status":"publish","type":"post","link":"https:\/\/www.europesays.com\/fr\/447512\/","title":{"rendered":"avec son CNE flambant neuf \u00e0 Vichy, la FFT veut bousculer l&rsquo;h\u00e9g\u00e9monie espagnole et argentine du padel"},"content":{"rendered":"\n<p>\u00ab\u00a0On attend beaucoup de vous\u00a0\u00bb\u00a0: avec son CNE flambant neuf \u00e0 Vichy, la FFT veut bousculer l&rsquo;h\u00e9g\u00e9monie espagnole et argentine du padel<\/p>\n<p>Forte d&rsquo;un centre national d&rsquo;entra\u00eenement inaugur\u00e9 \u00e0 Vichy (Allier), qui a accueilli cette rentr\u00e9e douze adolescents ambitieux, la F\u00e9d\u00e9ration fran\u00e7aise de tennis et son pr\u00e9sident, Gilles Moretton, affichent l&rsquo;objectif de rivaliser avec les leaders mondiaux du padel\u00a0: l&rsquo;Espagne et l&rsquo;Argentine.<\/p>\n","protected":false},"excerpt":{"rendered":"\u00ab\u00a0On attend beaucoup de vous\u00a0\u00bb\u00a0: avec son CNE flambant neuf \u00e0 Vichy, la FFT veut bousculer l&rsquo;h\u00e9g\u00e9monie espagnole&hellip;\n","protected":false},"author":2,"featured_media":447513,"comment_status":"","ping_status":"","sticky":false,"template":"","format":"standard","meta":{"footnotes":""},"categories":[1412],"tags":[1451,1452,1453,1454,1455,1011,27,60],"class_list":{"0":"post-447512","1":"post","2":"type-post","3":"status-publish","4":"format-standard","5":"has-post-thumbnail","7":"category-f1","8":"tag-f1","9":"tag-formula-1","10":"tag-formula1","11":"tag-formule-1","12":"tag-formule1","13":"tag-fr","14":"tag-france","15":"tag-sports"},"share_on_mastodon":{"url":"https:\/\/pubeurope.com\/@fr\/115338691474670917","error":""},"_links":{"self":[{"href":"https:\/\/www.europesays.com\/fr\/wp-json\/wp\/v2\/posts\/447512","targetHints":{"allow":["GET"]}}],"collection":[{"href":"https:\/\/www.europesays.com\/fr\/wp-json\/wp\/v2\/posts"}],"about":[{"href":"https:\/\/www.europesays.com\/fr\/wp-json\/wp\/v2\/types\/post"}],"author":[{"embeddable":true,"href":"https:\/\/www.europesays.com\/fr\/wp-json\/wp\/v2\/users\/2"}],"replies":[{"embeddable":true,"href":"https:\/\/www.europesays.com\/fr\/wp-json\/wp\/v2\/comments?post=447512"}],"version-history":[{"count":0,"href":"https:\/\/www.europesays.com\/fr\/wp-json\/wp\/v2\/posts\/447512\/revisions"}],"wp:featuredmedia":[{"embeddable":true,"href":"https:\/\/www.europesays.com\/fr\/wp-json\/wp\/v2\/media\/447513"}],"wp:attachment":[{"href":"https:\/\/www.europesays.com\/fr\/wp-json\/wp\/v2\/media?parent=447512"}],"wp:term":[{"taxonomy":"category","embeddable":true,"href":"https:\/\/www.europesays.com\/fr\/wp-json\/wp\/v2\/categories?post=447512"},{"taxonomy":"post_tag","embeddable":true,"href":"https:\/\/www.europesays.com\/fr\/wp-json\/wp\/v2\/tags?post=447512"}],"curies":[{"name":"wp","href":"https:\/\/api.w.org\/{rel}","templated":true}]}}