{"id":447517,"date":"2025-10-08T13:07:12","date_gmt":"2025-10-08T13:07:12","guid":{"rendered":"https:\/\/www.europesays.com\/fr\/447517\/"},"modified":"2025-10-08T13:07:12","modified_gmt":"2025-10-08T13:07:12","slug":"il-est-la-le-boss-stephane-plaza-reconverti-il-enchaine-les-cabrioles-en-velo-et-decroche-une-medaille","status":"publish","type":"post","link":"https:\/\/www.europesays.com\/fr\/447517\/","title":{"rendered":"\u201cIl est l\u00e0 le boss !\u201d, St\u00e9phane Plaza reconverti, il encha\u00eene les cabrioles en v\u00e9lo et d\u00e9croche une m\u00e9daille"},"content":{"rendered":"<p><strong>St\u00e9phane Plaza a connu son heure de gloire sur M6 en<br \/>\ntant qu\u2019animateur.<\/strong> Cet agent immobilier est devenu une<br \/>\nv\u00e9ritable star cathodique gr\u00e2ce aux programmes phares de la cha\u00eene<br \/>\n: <strong>Recherche appartement ou maison<\/strong>, <strong>Maison<br \/>\n\u00e0 vendre<\/strong> et <strong>Chasseurs d\u2019appart\u2019<\/strong>. Celui-ci<br \/>\nest tomb\u00e9 de son pi\u00e9destal apr\u00e8s un \u00e9norme scandale judiciaire.<br \/>\nF\u00e9vrier 2025, St\u00e9phane Plaza est condamn\u00e9 pour <strong>violences<br \/>\nconjugales<\/strong> sur une de ses anciennes compagnes. M6, de son<br \/>\nc\u00f4t\u00e9, s\u2019est d\u00e9solidaris\u00e9 de l\u2019animateur-star en d\u00e9programmant ses<br \/>\n\u00e9missions. <strong>En ce d\u00e9but d\u2019octobre, il revient dans la<br \/>\nlumi\u00e8re au d\u00e9tour d\u00a0\u00bbune \u00e9tonnante reconversion.<\/strong><\/p>\n<p>St\u00e9phane Plaza : le r\u00e8gne de l\u2019agent immobilier \u00e0 la t\u00e9l\u00e9<\/p>\n<p>2005, <strong>R\u00e9servoir Prod<\/strong>, bo\u00eete bien connue, lance<br \/>\nsa version de <strong>Sell This House<\/strong>. Un programme t\u00e9l\u00e9<br \/>\nqui cartonne Outre-Atlantique. Le concept ? Vendre sa maison,<br \/>\ns\u00e9duire des acheteurs potentiels. Elle cherche un animateur pour ce<br \/>\nnouveau show, <strong>agent immobilier<\/strong> qui plus est.<br \/>\nSt\u00e9phane Plaza, dont c\u2019est la profession, est le candidat id\u00e9al.<br \/>\n<strong>D\u00e8s lors, il conna\u00eet une <a href=\"https:\/\/www.melty.fr\/people\/stephane-plaza-derape-avec-ses-propos-sexuels-limite-limite-mon-anus-le-sait-2240035.html\" target=\"_blank\" rel=\"noopener\"><br \/>\nascension ph\u00e9nom\u00e9nale sur le petit \u00e9cran<\/a>.<\/strong> M6 lui<br \/>\nconfie deux autres \u00e9missions.<\/p>\n<p>Ainsi, avec Recherche appartement et maison, donc, puis Maison \u00e0<br \/>\nvendre et Chasseurs d\u2019appart\u2019, St\u00e9phane Plaza entame un r\u00e8gne de<br \/>\nplusieurs ann\u00e9es <strong>Il est l\u2019animateur-vedette d\u2019M6, figure<br \/>\nmajeure du groupe de t\u00e9l\u00e9, d\u00e9bute m\u00eame une carri\u00e8re (\u00e9clair) de<br \/>\ncom\u00e9dien.<\/strong> Les producteurs misent sur lui, le grand public<br \/>\nl\u2019adore. Il passe ensuite une t\u00eate sur <strong>RTL<\/strong>, dans<br \/>\n<strong>Les Grosses T\u00eates<\/strong>, justement, pour y officier<br \/>\ncomme <strong>chroniqueur<\/strong>.<\/p>\n<p>L\u2019animateur de Maison \u00e0 vendre condamn\u00e9 par la justice<\/p>\n<p>L\u2019affaire St\u00e9phane Plaza d\u00e9fraie la chronique durant le<br \/>\ntroisi\u00e8me trimestre de 2023. <strong>M\u00e9diapart, dans une enqu\u00eate,<br \/>\nrel\u00e8ve les t\u00e9moignages de trois ex-compagnes de Plaza.<\/strong><br \/>\nCelles-ci font \u00e9tat de violences physiques, verbales et<br \/>\npsychologiques \u00e0 leur encontre. Les diff\u00e9rents t\u00e9moignages laissent<br \/>\naussi entrevoir des propos mena\u00e7ants de la part du fameux animateur<br \/>\nde Maison \u00e0 vendre. <strong>Ce dernier nie en bloc les faits qui<br \/>\nlui sont reproch\u00e9s.<\/strong><\/p>\n<p>Il a m\u00eame port\u00e9 plainte contre elles quelques mois auparavant<br \/>\npour harc\u00e8lement et cyberharc\u00e8lement. Finalement, St\u00e9phane Plaza<br \/>\nest condamn\u00e9 par la justice. <strong>Il \u00e9cope de 12 mois de prison<br \/>\navec sursis pour <a href=\"https:\/\/www.lemonde.fr\/societe\/article\/2025\/02\/18\/stephane-plaza-condamne-a-douze-mois-de-prison-avec-sursis-pour-violences-conjugales_6552626_3224.html\" target=\"_blank\" rel=\"noopener\"><br \/>\nviolences conjugales comme l\u2019explique Le Monde<\/a>.<\/strong><br \/>\nToutefois, il a \u00e9t\u00e9 relax\u00e9 concernant les \u2018violences psychologiques<br \/>\nhabituelles\u2019 sur une autre compagne. <strong>Plaza est depuis en<br \/>\ndisgr\u00e2ce m\u00e9diatique, <a href=\"https:\/\/www.melty.fr\/people\/stephane-plaza-son-empire-immobilier-en-chute-libre-apres-sa-condamnation-cette-decision-lourde-de-sens-2220583.html\" target=\"_blank\" rel=\"noopener\"><br \/>\nson empire immobilier s\u2019est effondr\u00e9<\/a>.<\/strong><\/p>\n<p>St\u00e9phane Plaza, fra\u00eechement condamn\u00e9,<br \/>\nrefait surface<\/p>\n<p>7 octobre 2025, St\u00e9phane Plaza revient dans la lumi\u00e8re de la<br \/>\nmani\u00e8re la plus \u00e9tonnante. <strong>Sur TikTok, une vid\u00e9o est post\u00e9e<br \/>\npar Artisan du kick.<\/strong> On peut y voir l\u2019ex-animateur d\u2019M6<br \/>\ntout sourire en pleine reconversion. <strong>En effet, celui-ci<br \/>\nparticipe aux championnats de France de cyclisme artistique<br \/>\n!<\/strong> Oui, oui, vous avez bien lu. Imaginez le patinage<br \/>\nartistique sans glace, sans patins et sans athl\u00e8te. Il vous reste<br \/>\nSt\u00e9phane Plaza, accompagn\u00e9 d\u2019une partenaire, encha\u00eenant les<br \/>\ncabrioles en tandem sur deux v\u00e9los distincts. Admirez l\u2019artiste<br \/>\n:<\/p>\n<blockquote class=\"tiktok-embed\" cite=\"https:\/\/www.tiktok.com\/@artisandukick\/video\/7558227156757744918#038;_t=ZN-90MJvLw6Kwg\" data-video-id=\"7558227156757744918\" style=\"max-width: 605px;min-width: 325px;\"><p>\n<a target=\"_blank\" href=\"https:\/\/www.tiktok.com\/@artisandukick\/video\/7558227156757744918#038;_t=ZN-90MJvLw6Kwg\" rel=\"noopener\"><br \/>\n<img decoding=\"async\" src=\"data:image\/svg+xml,%3Csvg%20xmlns=\" http:=\"\" alt=\"TikTok Logo\" data-lazy-src=\"https:\/\/www.tiktok.com\/img\/logo.png\"\/><\/a>\n<\/p><\/blockquote>\n<p>Bon, d\u2019accord, la vid\u00e9o est lunaire et la discipline peut porter<br \/>\n\u00e0 rire. N\u00e9anmoins, l&rsquo;animateur, fra\u00eechement condamn\u00e9, semble<br \/>\nrefaire surface apr\u00e8s le tumulte m\u00e9diatique. Il appara\u00eet un peu<br \/>\nn\u00e9glig\u00e9, bouffi, un peu extatique par moment. \u201c<strong>Le boss,<br \/>\nil est l\u00e0 !<\/strong>\u201d, lance un de ses comparses sur ladite<br \/>\nvid\u00e9o publi\u00e9e sur le r\u00e9seau social. Derri\u00e8re lui, l\u2019ancien<br \/>\npr\u00e9sentateur encha\u00eene les moues singeant celles d\u2019un ado de la<br \/>\nGen-Z. Encore plus surprenant que les figures sur deux roues :<br \/>\n<strong>St\u00e9phane Plaza empoche la m\u00e9daille de bronze lors de ces<br \/>\nchampionnats de France de cyclisme artistique.<\/strong> Preuve,<br \/>\ns&rsquo;il en est, qu\u2019on peut \u00eatre condamn\u00e9 par la justice et toujours<br \/>\nc\u00e9l\u00e9br\u00e9 quelque part. Une exception \u00e0 la fran\u00e7aise ?<\/p>\n<p><script async src=\"\/\/www.tiktok.com\/embed.js\"><\/script><\/p>\n","protected":false},"excerpt":{"rendered":"St\u00e9phane Plaza a connu son heure de gloire sur M6 en tant qu\u2019animateur. Cet agent immobilier est devenu&hellip;\n","protected":false},"author":2,"featured_media":447518,"comment_status":"","ping_status":"","sticky":false,"template":"","format":"standard","meta":{"footnotes":""},"categories":[1359],"tags":[905,58,59,1011,27,973,7221],"class_list":{"0":"post-447517","1":"post","2":"type-post","3":"status-publish","4":"format-standard","5":"has-post-thumbnail","7":"category-people","8":"tag-a-la-une-melty","9":"tag-divertissement","10":"tag-entertainment","11":"tag-fr","12":"tag-france","13":"tag-people","14":"tag-stephane-plaza"},"share_on_mastodon":{"url":"https:\/\/pubeurope.com\/@fr\/115338703318699176","error":""},"_links":{"self":[{"href":"https:\/\/www.europesays.com\/fr\/wp-json\/wp\/v2\/posts\/447517","targetHints":{"allow":["GET"]}}],"collection":[{"href":"https:\/\/www.europesays.com\/fr\/wp-json\/wp\/v2\/posts"}],"about":[{"href":"https:\/\/www.europesays.com\/fr\/wp-json\/wp\/v2\/types\/post"}],"author":[{"embeddable":true,"href":"https:\/\/www.europesays.com\/fr\/wp-json\/wp\/v2\/users\/2"}],"replies":[{"embeddable":true,"href":"https:\/\/www.europesays.com\/fr\/wp-json\/wp\/v2\/comments?post=447517"}],"version-history":[{"count":0,"href":"https:\/\/www.europesays.com\/fr\/wp-json\/wp\/v2\/posts\/447517\/revisions"}],"wp:featuredmedia":[{"embeddable":true,"href":"https:\/\/www.europesays.com\/fr\/wp-json\/wp\/v2\/media\/447518"}],"wp:attachment":[{"href":"https:\/\/www.europesays.com\/fr\/wp-json\/wp\/v2\/media?parent=447517"}],"wp:term":[{"taxonomy":"category","embeddable":true,"href":"https:\/\/www.europesays.com\/fr\/wp-json\/wp\/v2\/categories?post=447517"},{"taxonomy":"post_tag","embeddable":true,"href":"https:\/\/www.europesays.com\/fr\/wp-json\/wp\/v2\/tags?post=447517"}],"curies":[{"name":"wp","href":"https:\/\/api.w.org\/{rel}","templated":true}]}}