{"id":447521,"date":"2025-10-08T13:09:17","date_gmt":"2025-10-08T13:09:17","guid":{"rendered":"https:\/\/www.europesays.com\/fr\/447521\/"},"modified":"2025-10-08T13:09:17","modified_gmt":"2025-10-08T13:09:17","slug":"les-evenements-a-venir-pour-octobre","status":"publish","type":"post","link":"https:\/\/www.europesays.com\/fr\/447521\/","title":{"rendered":"les \u00e9v\u00e9nements \u00e0 venir pour octobre"},"content":{"rendered":"<p>Pour le mois d\u2019octobre, la biblioth\u00e8que Aragon annonce un programme vari\u00e9 destin\u00e9 \u00e0 tous les publics. Chacun peut venir fl\u00e2ner parmi les rayons, participer aux ateliers ou simplement profiter d\u2019un moment de lecture. La biblioth\u00e8que se veut un lieu ouvert \u00e0 la curiosit\u00e9, \u00e0 la d\u00e9couverte o\u00f9 enfants, adolescents et adultes peuvent trouver leur place.<\/p>\n<p>  Ateliers d\u2019aide au num\u00e9rique pendant les vacances<\/p>\n<p>Parce que la culture doit rester accessible, tous les services propos\u00e9s sont gratuits, et l\u2019\u00e9quipe de biblioth\u00e9caires est l\u00e0 pour accompagner les usagers dans leurs envies de lecture. <\/p>\n<p>Ce mois-ci, en plus des rendez-vous habituels, les ateliers SOS Numoth\u00e8que seront relanc\u00e9s pendant les vacances de la Toussaint pour accompagner les participants dans l\u2019utilisation des ressources num\u00e9riques et l\u2019installation de livres sur leurs supports personnels (liseuse, tablette, smartphone, ordinateur\u2026). <\/p>\n<p>Autre moment fort, un rendez-vous annuel incontournable\u00a0: la grande vente annuelle de livres d\u00e9class\u00e9s. L\u2019occasion de repartir avec des ouvrages au prix symbolique d\u2019un euro par document.<\/p>\n<p>Enfin, pour les personnes qui ne peuvent pas se d\u00e9placer, la biblioth\u00e8que rappelle que le portage \u00e0 domicile est toujours possible. Ce service gratuit offre chaque mois une s\u00e9lection personnalis\u00e9e de documents (livres, CD, DVD, livres audios\u2026) directement livr\u00e9s \u00e0 domicile.<\/p>\n<p>Pour ce mois d\u2019octobre, plusieurs \u00e9v\u00e9nements sont pr\u00e9vus. \u25b6 \u2002 Samedi 11\u00a0octobre, de 9\u00a0h\u00a030 \u00e0 11\u00a0h\u00a030 a lieu Imagin\u2019Ados (\u00e0 partir de 12 ans) qui constitue un espace d\u2019\u00e9changes autour des lectures, BD, mangas, films, jeux vid\u00e9o pour les adolescents. Entr\u00e9e libre. \u25b6 \u2002 Mercredi 15\u00a0octobre, de 18\u00a0heures \u00e0 19\u00a0h\u00a030, c\u2019est le jour du club des lecteurs. Une rencontre ouverte \u00e0 tous pour partager des coups de c\u0153ur culturels et faire des d\u00e9couvertes (livres, musique, cin\u00e9ma, s\u00e9ries\u2026). Entr\u00e9e libre. \u25b6 \u2002 Samedi 18\u00a0octobre, de 9\u00a0h\u00a030 \u00e0 13\u00a0heures a lieu la grande vente de livres d\u00e9class\u00e9s. L\u2019occasion de mettre la main sur des ouvrages au prix symbolique de 1\u00a0\u20ac. Entr\u00e9e libre. \u25b6 \u2002 Les 21, 24\u00a0et 31\u00a0octobre \u00e0 16 heures et \u00e0 17 heures, c\u2019est le retour des ateliers SOS Numoth\u00e8que. Des moments d\u2019initiation aux ressources num\u00e9riques et installation.<\/p>\n<p class=\"note\">Contact et information\u00a0: biblioth\u00e8que municipale Aragon, place Michel Cou\u00ebtoux. T\u00e9l.\u00a004\u00a076\u00a029\u00a080\u00a095 ; www.pontdeclaix.fr ou sur la page Facebook de la Ville.<\/p>\n","protected":false},"excerpt":{"rendered":"Pour le mois d\u2019octobre, la biblioth\u00e8que Aragon annonce un programme vari\u00e9 destin\u00e9 \u00e0 tous les publics. Chacun peut&hellip;\n","protected":false},"author":2,"featured_media":447522,"comment_status":"","ping_status":"","sticky":false,"template":"","format":"standard","meta":{"footnotes":""},"categories":[1357],"tags":[1379,1687,58,113,59,1011,27,7000,3294,1380,2410],"class_list":{"0":"post-447521","1":"post","2":"type-post","3":"status-publish","4":"format-standard","5":"has-post-thumbnail","7":"category-livres","8":"tag-books","9":"tag-culture-loisirs","10":"tag-divertissement","11":"tag-edition-gresivaudan-oisans","12":"tag-entertainment","13":"tag-fr","14":"tag-france","15":"tag-lagglomeration","16":"tag-le-pont-de-claix","17":"tag-livres","18":"tag-livres-bd"},"share_on_mastodon":{"url":"https:\/\/pubeurope.com\/@fr\/115338711241634328","error":""},"_links":{"self":[{"href":"https:\/\/www.europesays.com\/fr\/wp-json\/wp\/v2\/posts\/447521","targetHints":{"allow":["GET"]}}],"collection":[{"href":"https:\/\/www.europesays.com\/fr\/wp-json\/wp\/v2\/posts"}],"about":[{"href":"https:\/\/www.europesays.com\/fr\/wp-json\/wp\/v2\/types\/post"}],"author":[{"embeddable":true,"href":"https:\/\/www.europesays.com\/fr\/wp-json\/wp\/v2\/users\/2"}],"replies":[{"embeddable":true,"href":"https:\/\/www.europesays.com\/fr\/wp-json\/wp\/v2\/comments?post=447521"}],"version-history":[{"count":0,"href":"https:\/\/www.europesays.com\/fr\/wp-json\/wp\/v2\/posts\/447521\/revisions"}],"wp:featuredmedia":[{"embeddable":true,"href":"https:\/\/www.europesays.com\/fr\/wp-json\/wp\/v2\/media\/447522"}],"wp:attachment":[{"href":"https:\/\/www.europesays.com\/fr\/wp-json\/wp\/v2\/media?parent=447521"}],"wp:term":[{"taxonomy":"category","embeddable":true,"href":"https:\/\/www.europesays.com\/fr\/wp-json\/wp\/v2\/categories?post=447521"},{"taxonomy":"post_tag","embeddable":true,"href":"https:\/\/www.europesays.com\/fr\/wp-json\/wp\/v2\/tags?post=447521"}],"curies":[{"name":"wp","href":"https:\/\/api.w.org\/{rel}","templated":true}]}}