{"id":447523,"date":"2025-10-08T13:10:12","date_gmt":"2025-10-08T13:10:12","guid":{"rendered":"https:\/\/www.europesays.com\/fr\/447523\/"},"modified":"2025-10-08T13:10:12","modified_gmt":"2025-10-08T13:10:12","slug":"cyril-hanouna-bientot-sur-grand-ecran-lanimateur-au-casting-dune-grosse-production","status":"publish","type":"post","link":"https:\/\/www.europesays.com\/fr\/447523\/","title":{"rendered":"Cyril Hanouna bient\u00f4t sur grand \u00e9cran, l\u2019animateur au casting d\u2019une grosse production"},"content":{"rendered":"<p data-start=\"53\" data-end=\"572\">Principalement reconnu pour ses<br \/>\ntalents d\u2019animateur, Cyril Hanouna s\u2019est \u00e9galement fait remarquer<br \/>\nau cin\u00e9ma au fil des ann\u00e9es. Apr\u00e8s son tout premier r\u00f4le en 2006<br \/>\ndans <strong>Un autre monde<\/strong> de David Haddad, le<br \/>\npr\u00e9sentateur de <a href=\"https:\/\/www.closermag.fr\/people\/cyril-hanouna-annonce-larrivee-dun-nouveau-chroniqueur-dans-tout-beau-tout-n9uf-et-on-a-deja-peur-du-resultat-3570869\" target=\"_blank\" rel=\"noopener\"><br \/>\nTout beau, tout neuf<\/a> a encha\u00een\u00e9 les apparitions au<br \/>\ncin\u00e9ma. Il est notamment apparu dans La V\u00e9rit\u00e9 si je mens !<br \/>\n3 de Thomas Gilou, Pattaya de <a href=\"https:\/\/www.closermag.fr\/people\/cest-qui-le-petit-gros-franck-gastambide-tres-cru-avec-un-jeune-acteur-de-cinema-3584845\" target=\"_blank\" rel=\"noopener\"><br \/>\nFranck Gastambide<\/a> et Les D\u00e9guns de Cyrille Droux et<br \/>\nClaude Zidi Jr.<\/p>\n<p data-start=\"53\" data-end=\"572\">Prochainement, il fera son retour<br \/>\nsur grand \u00e9cran dans <strong>Gourou<\/strong>, le nouveau<br \/>\nfilm de Yann Gozlan, aux c\u00f4t\u00e9s de Pierre Niney. De Le Comte de Monte-Cristo \u00e0<br \/>\nYves Saint Laurent, en<br \/>\npassant par 20 ans<br \/>\nd\u2019\u00e9cart, Five ou<br \/>\nBo\u00eete noire, <a href=\"https:\/\/www.closermag.fr\/people\/pierre-niney-a-quoi-ressemble-sa-tres-jolie-ferme-a-cote-de-rambouillet-3553425\" target=\"_blank\" rel=\"noopener\"><br \/>\nPierre Niney<\/a> encha\u00eene les succ\u00e8s depuis 2008. \u00c0 36 ans,<br \/>\nl\u2019acteur s\u2019est impos\u00e9 comme l\u2019une des figures majeures du cin\u00e9ma<br \/>\nfran\u00e7ais. Il multiplie les tournages et les r\u00f4les marquants avec<br \/>\nune r\u00e9gularit\u00e9 impressionnante.<\/p>\n<p>Cyril Hanouna raconte ses d\u00e9buts<br \/>\nsur le tournage<\/p>\n<p data-start=\"56\" data-end=\"1021\">Ce mardi 7 octobre, dans son<br \/>\ntalk-show sur W9, Cyril Hanouna a partag\u00e9 ses impressions sur sa<br \/>\nparticipation au prochain film de Pierre Niney. Il a \u00e9galement<br \/>\nr\u00e9v\u00e9l\u00e9 que <a href=\"https:\/\/www.closermag.fr\/tv_tele_realite\/gilles-verdez-balance-sa-compagne-la-trompe-avec-une-immense-star-du-foot-un-celebre-chanteur-et-un-acteur-3582125\" target=\"_blank\" rel=\"noopener\"><br \/>\nGilles Verdez<\/a> figurera au casting. L\u2019animateur a racont\u00e9 un<br \/>\nmoment particuli\u00e8rement embarrassant survenu avant le d\u00e9but du<br \/>\ntournage : \u00ab\u00a0Il y avait Pierre Niney et les \u00e9quipes qui sont<br \/>\narriv\u00e9es. Moi je suis arriv\u00e9 un peu en retard, enfin un peu en<br \/>\n<strong>d\u00e9calage<\/strong>\u00ab\u00a0.<\/p>\n<p data-start=\"56\" data-end=\"1021\">Il poursuit : \u00ab\u00a0Et mes<br \/>\n\u00e9quipes sont all\u00e9es voir les \u00e9quipes du film et leur ont dit, c&rsquo;est<br \/>\nl\u00e0 o\u00f9 je me suis dis que c&rsquo;est quand m\u00eame des dingos : &lsquo;Alors<br \/>\nCyril, je vous le dis tout de suite, c&rsquo;est une prise, pas deux<br \/>\n! Ecoutez-moi bien, il va arriver \u00e0 11h, \u00e0 11h30 il est<br \/>\nparti&rsquo;. <strong>Le r\u00e9alisateur est un amour<\/strong>. Il est<br \/>\nexceptionnel, en plus il est tr\u00e8s fort. Le producteur aussi. Ils<br \/>\nont \u00e9t\u00e9 incroyables. J&rsquo;ai dit : &lsquo;Non mais les gars, vous avez<br \/>\nd\u00e9conn\u00e9'\u00a0\u00bb.<\/p>\n<p>Une<br \/>\nexp\u00e9rience marquante aux c\u00f4t\u00e9s de Pierre Niney<\/p>\n<p data-start=\"1081\" data-end=\"1473\" data-is-last-node=\"\" data-is-only-node=\"\">\u00c0 son arriv\u00e9e, l&rsquo;animateur a rassur\u00e9 tout le<br \/>\nmonde en confirmant qu\u2019il ferait bien <strong>plusieurs<br \/>\nprises<\/strong>. M\u00eame habitu\u00e9 aux plateaux de t\u00e9l\u00e9vision, <a href=\"https:\/\/www.closermag.fr\/tv_tele_realite\/cyril-hanouna-interrompu-en-direct-un-drapeau-lourd-de-sens-deploye-dans-le-public-3584866\" target=\"_blank\" rel=\"noopener\"><br \/>\nCyril Hanouna<\/a> a avou\u00e9 avoir \u00e9t\u00e9 impressionn\u00e9 par l\u2019exp\u00e9rience<br \/>\ndu tournage.<\/p>\n<p data-start=\"1081\" data-end=\"1473\" data-is-last-node=\"\" data-is-only-node=\"\">\u00ab\u00a0<strong>J&rsquo;\u00e9tais impressionn\u00e9<\/strong><br \/>\nquand m\u00eame. En plus dans la sc\u00e8ne, je joue avec Pierre Niney\u00a0\u00bb,<br \/>\na-t-il confi\u00e9 \u00e0 ses chroniqueurs, visiblement fier de cette<br \/>\nnouvelle exp\u00e9rience. Reste maintenant \u00e0 voir si ses t\u00e9l\u00e9spectateurs<br \/>\nseront s\u00e9duits par ses talents d\u2019acteur devant les cam\u00e9ras.<\/p>\n","protected":false},"excerpt":{"rendered":"Principalement reconnu pour ses talents d\u2019animateur, Cyril Hanouna s\u2019est \u00e9galement fait remarquer au cin\u00e9ma au fil des ann\u00e9es.&hellip;\n","protected":false},"author":2,"featured_media":447524,"comment_status":"","ping_status":"","sticky":false,"template":"","format":"standard","meta":{"footnotes":""},"categories":[1356],"tags":[1083,58,59,1011,27,252,1364],"class_list":{"0":"post-447523","1":"post","2":"type-post","3":"status-publish","4":"format-standard","5":"has-post-thumbnail","7":"category-television","8":"tag-cyril-hanouna","9":"tag-divertissement","10":"tag-entertainment","11":"tag-fr","12":"tag-france","13":"tag-television","14":"tag-tv"},"share_on_mastodon":{"url":"https:\/\/pubeurope.com\/@fr\/115338715086237996","error":""},"_links":{"self":[{"href":"https:\/\/www.europesays.com\/fr\/wp-json\/wp\/v2\/posts\/447523","targetHints":{"allow":["GET"]}}],"collection":[{"href":"https:\/\/www.europesays.com\/fr\/wp-json\/wp\/v2\/posts"}],"about":[{"href":"https:\/\/www.europesays.com\/fr\/wp-json\/wp\/v2\/types\/post"}],"author":[{"embeddable":true,"href":"https:\/\/www.europesays.com\/fr\/wp-json\/wp\/v2\/users\/2"}],"replies":[{"embeddable":true,"href":"https:\/\/www.europesays.com\/fr\/wp-json\/wp\/v2\/comments?post=447523"}],"version-history":[{"count":0,"href":"https:\/\/www.europesays.com\/fr\/wp-json\/wp\/v2\/posts\/447523\/revisions"}],"wp:featuredmedia":[{"embeddable":true,"href":"https:\/\/www.europesays.com\/fr\/wp-json\/wp\/v2\/media\/447524"}],"wp:attachment":[{"href":"https:\/\/www.europesays.com\/fr\/wp-json\/wp\/v2\/media?parent=447523"}],"wp:term":[{"taxonomy":"category","embeddable":true,"href":"https:\/\/www.europesays.com\/fr\/wp-json\/wp\/v2\/categories?post=447523"},{"taxonomy":"post_tag","embeddable":true,"href":"https:\/\/www.europesays.com\/fr\/wp-json\/wp\/v2\/tags?post=447523"}],"curies":[{"name":"wp","href":"https:\/\/api.w.org\/{rel}","templated":true}]}}