{"id":447581,"date":"2025-10-08T13:41:11","date_gmt":"2025-10-08T13:41:11","guid":{"rendered":"https:\/\/www.europesays.com\/fr\/447581\/"},"modified":"2025-10-08T13:41:11","modified_gmt":"2025-10-08T13:41:11","slug":"une-vente-geante-de-vetements-de-seconde-main-organisee-ce-week-end-a-nantes","status":"publish","type":"post","link":"https:\/\/www.europesays.com\/fr\/447581\/","title":{"rendered":"Une vente g\u00e9ante de v\u00eatements de seconde main organis\u00e9e ce week-end \u00e0 Nantes"},"content":{"rendered":"<p>            Par<br \/>\n        <strong><br \/>\n            <a href=\"https:\/\/actu.fr\/auteur\/redaction-nantes\" title=\"Consulter tous les articles de R\u00e9daction Nantes\" rel=\"nofollow noopener\" target=\"_blank\">R\u00e9daction Nantes<\/a><br \/>\n        <\/strong><\/p>\n<p>        Publi\u00e9 le<\/p>\n<p>            8 oct. 2025 \u00e0 15h22        <\/p>\n<p>Une vente de v\u00eatements de marques de seconde main au poids. C\u2019est le programme du week-end aux Halles 1 et 2 de la Samoa sur l\u2019\u00eele de Nantes. Un \u00e9v\u00e9nement organis\u00e9 ce <strong>samedi 11 et dimanche 12 octobre 2025 par la soci\u00e9t\u00e9 No Fast Fashion<\/strong>.<\/p>\n<p class=\" wall-content\"><a href=\"https:\/\/www.instagram.com\/p\/DPRFptojLSS\/embed\" title=\"Ouvrir le lien sur Instagram\" rel=\"nofollow noopener\" target=\"_blank\">Visualiser le contenu sur Instagram<\/a><\/p>\n<p>Des milliers de v\u00eatements<\/p>\n<p class=\" wall-content\">Selon la soci\u00e9t\u00e9 Fast Fashion, des milliers de v\u00eatements de seconde main (avec des marques comme Dickies, Ralph Lauren, Wrangler, Adidas, Nike, Puma, Disney, Hugo Boss, Carhartt, Diesel, Levi\u2019s\u2026) seront en vente au prix de gros : <strong>4 euros le tee-shirt<\/strong>, 5 euros la chemise, 6 euros le polo, ou bien 10 euros le sweat.<\/p>\n<p class=\" wall-content\">\u00ab\u00a0La vente g\u00e9ante de v\u00eatements la moins ch\u00e8re de France : <strong>29 euros le kilo le samedi et 26 euros le kilo le dimanche<\/strong>\u00ab\u00a0, annonce Fast Fashion. Pour les organisateurs, l\u2019objectif de cette vente g\u00e9ante est \u00ab\u00a0d\u2019\u00eatre accessible \u00e0 tous et de faire un geste pour l\u2019environnement en consommant de la seconde main\u00a0\u00bb.\u00a0<\/p>\n<p class=\" wall-content\">Outre les v\u00eatements, des stands de <strong>tatouages, bijoux et d\u2019upcycling<\/strong> (transformer des mat\u00e9riaux ou produits usag\u00e9s en objets de valeur) seront pr\u00e9sents. L\u2019entr\u00e9e est gratuite.\u00a0<\/p>\n<p><strong>Infos pratiques<\/strong> :\u00a0<br \/>11 et 12 octobre 2025, aux Halles 1&amp;2 \u2013 5 All\u00e9e Frida-Kahlo.<br \/>Horaires : samedi 11 octobre 10h-19h \/ dimanche 12 octobre 10h-18h.<\/p>\n<p class=\" wall-content\">Personnalisez votre actualit\u00e9 en ajoutant vos villes et m\u00e9dias en favori avec <a href=\"https:\/\/moncompte.actu.fr\" title=\"D\u00e9couvez Mon Actu\" rel=\"nofollow noopener\" data-trk=\"{&quot;cta&quot;:{&quot;action&quot;:&quot;https:\\\/\\\/moncompte.actu.fr&quot;,&quot;category&quot;:&quot;mon compte&quot;,&quot;from&quot;:&quot;article footer&quot;,&quot;name&quot;:&quot;Mon actu&quot;,&quot;type&quot;:&quot;cta&quot;}}\" target=\"_blank\">Mon Actu<\/a>.<\/p>\n<p>                    <script async src=\"\/\/www.instagram.com\/embed.js\"><\/script><\/p>\n","protected":false},"excerpt":{"rendered":"Par R\u00e9daction Nantes Publi\u00e9 le 8 oct. 2025 \u00e0 15h22 Une vente de v\u00eatements de marques de seconde&hellip;\n","protected":false},"author":2,"featured_media":447582,"comment_status":"","ping_status":"","sticky":false,"template":"","format":"standard","meta":{"footnotes":""},"categories":[2818],"tags":[1111,11,677,1777,674,1011,27,766,12,2636,25,104],"class_list":{"0":"post-447581","1":"post","2":"type-post","3":"status-publish","4":"format-standard","5":"has-post-thumbnail","7":"category-nantes","8":"tag-actu","9":"tag-actualites","10":"tag-bons-plans","11":"tag-eu","12":"tag-europe","13":"tag-fr","14":"tag-france","15":"tag-nantes","16":"tag-news","17":"tag-pays-de-la-loire","18":"tag-republique-francaise","19":"tag-societe"},"share_on_mastodon":{"url":"https:\/\/pubeurope.com\/@fr\/115338837122587449","error":""},"_links":{"self":[{"href":"https:\/\/www.europesays.com\/fr\/wp-json\/wp\/v2\/posts\/447581","targetHints":{"allow":["GET"]}}],"collection":[{"href":"https:\/\/www.europesays.com\/fr\/wp-json\/wp\/v2\/posts"}],"about":[{"href":"https:\/\/www.europesays.com\/fr\/wp-json\/wp\/v2\/types\/post"}],"author":[{"embeddable":true,"href":"https:\/\/www.europesays.com\/fr\/wp-json\/wp\/v2\/users\/2"}],"replies":[{"embeddable":true,"href":"https:\/\/www.europesays.com\/fr\/wp-json\/wp\/v2\/comments?post=447581"}],"version-history":[{"count":0,"href":"https:\/\/www.europesays.com\/fr\/wp-json\/wp\/v2\/posts\/447581\/revisions"}],"wp:featuredmedia":[{"embeddable":true,"href":"https:\/\/www.europesays.com\/fr\/wp-json\/wp\/v2\/media\/447582"}],"wp:attachment":[{"href":"https:\/\/www.europesays.com\/fr\/wp-json\/wp\/v2\/media?parent=447581"}],"wp:term":[{"taxonomy":"category","embeddable":true,"href":"https:\/\/www.europesays.com\/fr\/wp-json\/wp\/v2\/categories?post=447581"},{"taxonomy":"post_tag","embeddable":true,"href":"https:\/\/www.europesays.com\/fr\/wp-json\/wp\/v2\/tags?post=447581"}],"curies":[{"name":"wp","href":"https:\/\/api.w.org\/{rel}","templated":true}]}}