{"id":447593,"date":"2025-10-08T13:47:18","date_gmt":"2025-10-08T13:47:18","guid":{"rendered":"https:\/\/www.europesays.com\/fr\/447593\/"},"modified":"2025-10-08T13:47:18","modified_gmt":"2025-10-08T13:47:18","slug":"au-palais-des-beaux-arts-de-lille-lart-des-geants-de-carnaval-flamands","status":"publish","type":"post","link":"https:\/\/www.europesays.com\/fr\/447593\/","title":{"rendered":"Au Palais des beaux-arts de Lille, l&rsquo;art des g\u00e9ants de carnaval flamands"},"content":{"rendered":"<p class=\"editor-content__paragraph\">Le 16\u00a0septembre dernier, un <strong>dr\u00f4le de personnage m\u00e9di\u00e9val<\/strong> est apparu sur le balcon situ\u00e9 au-dessus de l\u2019entr\u00e9e du <strong>Palais des beaux-Arts de Lille<\/strong>, d\u00e9pos\u00e9 gr\u00e2ce \u00e0 une nacelle. V\u00eatu d\u2019une tunique rouge orn\u00e9e de fleurs de lys, et portant un faucon sur l\u2019\u00e9paule, le<strong> g\u00e9ant Lyd\u00e9ric<\/strong>, fondateur de la ville de Lille selon une l\u00e9gende locale, surplombe la place d\u2019un air confiant <strong>du haut de ses 3,70\u00a0m\u00e8tres<\/strong> \u2013 une taille relativement modeste par rapport aux 7\u00a0m\u00e8tres que peuvent atteindre certains de ses cong\u00e9n\u00e8res\u00a0!<\/p>\n<p class=\"editor-content__paragraph\">\u00c0 la suite de <a href=\"https:\/\/www.beauxarts.com\/expos\/la-fete-bat-son-plein-au-palais-des-beaux-arts-de-lille\/\" target=\"_blank\" rel=\"noopener\">l\u2019exposition \u00ab\u00a0F\u00eates et c\u00e9l\u00e9brations flamandes\u00a0\u00bb<\/a>, qui vient de se terminer, le mus\u00e9e lillois met \u00e0 l\u2019honneur ces <strong>effigies gigantesques<\/strong> qui font depuis la fin du Moyen \u00c2ge la gloire des <strong>carnavals des Flandres<\/strong> (r\u00e9gion commune \u00e0 la Belgique et au nord de la France), tels ceux de Cassel ou de Dunkerque, et de<strong> f\u00eates populaires<\/strong> comme celles de Gayant \u00e0 Douai. Souvent inspir\u00e9s de l\u00e9gendes locales, ces <strong>personnages folkloriques<\/strong> forment toute une<strong> cohorte haute en couleur<\/strong>, qui parade et danse dans les rues au milieu de la foule au moins une fois par an au son des fanfares.<\/p>\n<p>Un \u00e9l\u00e9ment essentiel du patrimoine flamand<\/p>\n<p>    <img loading=\"lazy\" decoding=\"async\" class=\"image__img\" src=\"https:\/\/www.europesays.com\/fr\/wp-content\/uploads\/2025\/10\/mod1000014233-964x688.jpg\" alt=\"Processus de fabrication d\u2019une t\u00eate, d\u2019abord en argile puis en papier m\u00e2ch\u00e9 peint\" width=\"964\" height=\"688\"\/><\/p>\n<p>Processus de fabrication d\u2019une t\u00eate, d\u2019abord en argile puis en papier m\u00e2ch\u00e9 peint, 2025<\/p>\n<p>    i<\/p>\n<p class=\"editor-content__paragraph\">Durant quatre mois, Lyd\u00e9ric va \u00ab\u00a0se promener\u00a0\u00bb dans le b\u00e2timent pour<strong> aller \u00e0 la rencontre du public<\/strong>. Plusieurs de ses camarades, cr\u00e9\u00e9s par l\u2019association franco-belge La Ronde des G\u00e9ants, ont aussi \u00e9t\u00e9 install\u00e9s <strong>dans le hall du mus\u00e9e<\/strong>. Parmi eux, <strong>Saint Nicolas \u00e0 dos d\u2019\u00e2ne<\/strong>, le <strong>P\u00e8re Fouettard<\/strong>, trapu mais effrayant avec sa barbe hirsute, et <strong>Marianne<\/strong>, 4\u00a0m\u00e8tres de haut et 60\u00a0kilos, cr\u00e9\u00e9e en 1992\u00a0par St\u00e9phane Deleurence pour le bicentenaire de la R\u00e9publique.<\/p>\n<p class=\"editor-content__paragraph\">\u00c0 l\u2019\u00e9tage, l\u2019exposition d\u00e9cortique le <strong>processus de fabrication<\/strong> de ces g\u00e9ants, mis sur pied avec peu de moyens\u00a0: d\u2019abord model\u00e9s dans de l\u2019argile, le buste et la t\u00eate sont d\u00e9clin\u00e9s en <strong>papier m\u00e2ch\u00e9 peint<\/strong>, avec l\u2019adjonction de cheveux humains ou en crin de cheval, puis plac\u00e9s <strong>au sommet d\u2019une structure portative<\/strong> l\u00e9g\u00e8re en osier ou rotin, qui est ensuite <strong>habill\u00e9e avec des v\u00eatements<\/strong> et des accessoires.<\/p>\n<p>    <img loading=\"lazy\" decoding=\"async\" class=\"image__img\" src=\"https:\/\/www.europesays.com\/fr\/wp-content\/uploads\/2025\/10\/mod1000014194-964x1063.jpg\" alt=\"Vue des g\u00e9ants Louise, P\u00e8re Fouettard, Marianne derri\u00e8re et Saint Nicolas \u00e0 l\u2019exposition \u00ab\u00a0Une petite histoire de g\u00e9ants\u00a0\u00bb au Palais des Beaux-Arts de Lille\" width=\"964\" height=\"1063\"\/><\/p>\n<p>Vue des g\u00e9ants Louise, P\u00e8re Fouettard, Marianne derri\u00e8re et Saint Nicolas \u00e0 l\u2019exposition \u00ab\u00a0Une petite histoire de g\u00e9ants\u00a0\u00bb au Palais des Beaux-Arts de Lille, 2025<\/p>\n<p>    i<\/p>\n<p class=\"editor-content__paragraph\">On compte pr\u00e8s de <strong>1\u00a0500<\/strong> de ces g\u00e9ants en Belgique, et <strong>450\u00a0en France<\/strong>. \u00ab\u00a0C\u2019est quelque chose de tr\u00e8s important pour les gens du nord\u00a0\u00bb, affirme Franck Hanoh, adjoint au maire de Lille. \u00ab\u00a0Chacun a des <strong>souvenirs intimes, d\u2019enfance<\/strong>, li\u00e9s \u00e0 eux\u00a0\u00bb, rench\u00e9rit Juliette Singer, directrice du Palais des beaux-Arts de Lille et du mus\u00e9e de l\u2019Hospice Comtesse. \u00ab\u00a0Une dizaine sont fabriqu\u00e9s dans la r\u00e9gion chaque ann\u00e9e. C\u2019est \u00e0 chaque fois l\u2019occasion pour les gens de <strong>se rassembler<\/strong>, d\u2019occuper les associations locales\u00a0\u00bb, rappelle Dorian Demarcq, \u00ab\u00a0facteur de g\u00e9ants\u00a0\u00bb (qui les imagine, les fabrique et les restaure) et fondateur en 2000\u00a0de<strong> l\u2019Atelier des g\u00e9ants<\/strong>, bas\u00e9 \u00e0 Ronchin.<\/p>\n<p>    <img loading=\"lazy\" decoding=\"async\" class=\"image__img\" src=\"https:\/\/www.europesays.com\/fr\/wp-content\/uploads\/2025\/10\/web10--ville-de-lille-bibliotheque-municipale-de-lille-anthony-vanbaelinghem-1-964x1253.jpg\" alt=\"Marcel Vieillot, Gand, Charlemagne\" width=\"964\" height=\"1253\"\/><\/p>\n<p>Marcel Vieillot, Gand, Charlemagne, 1956<\/p>\n<p>    i<\/p>\n<p class=\"legende__cartel\">Coll. Mus\u00e9e de l\u2019Hospice Comtesse, Lille \u2022 \u00a9 Ville de Lille \/ Mus\u00e9e de l\u2019Hospice Comtesse \/ Photo Anthony Vanbaelinghem<\/p>\n<p class=\"editor-content__paragraph\">Ces colosses et leurs f\u00eates c\u00e9l\u00e8brent cette ann\u00e9e les 20\u00a0ans de leur reconnaissance comme<strong style=\"font-size: 1.125rem;\"> patrimoine culturel immat\u00e9riel de l\u2019humanit\u00e9 par l\u2019UNESCO<\/strong>. \u00ab\u00a0Les mus\u00e9es s\u2019int\u00e9ressent de plus en plus \u00e0 ce patrimoine qui a aussi une mat\u00e9rialit\u00e9, relative aux beaux-arts\u00a0\u00bb, soulignent les commissaires de l\u2019exposition, Juliette Singer et Florence Raymond. Un <strong style=\"font-size: 1.125rem;\">mus\u00e9e sp\u00e9cialis\u00e9<\/strong> a d\u2019ailleurs \u00e9t\u00e9 cr\u00e9\u00e9 en Belgique en l\u2019an 2000\u00a0: la <strong style=\"font-size: 1.125rem;\">Maison des g\u00e9ants \u00e0 Ath<\/strong>. Mais \u00ab\u00a0la culture populaire est moins mise en avant en France qu\u2019en Belgique. On va <strong style=\"font-size: 1.125rem;\">poursuivre ce travail de reconnaissance<\/strong>. Ce qui ne veut pas dire que les g\u00e9ants sont faits pour \u00eatre dans des mus\u00e9es\u00a0!\u00a0\u00bb, glisse un facteur de g\u00e9ants.<\/p>\n<p>        \u00c0 lire aussi :<br \/>\n        <a class=\"renvoi-explicite__link\" href=\"https:\/\/www.beauxarts.com\/expos\/lille3000-fait-la-fiesta-les-15-meilleurs-expos-et-installations-a-voir\/\" target=\"_blank\" rel=\"noopener\">Lille3000 fait la \u00ab fiesta \u00bb : les 15 meilleurs expos et installations \u00e0 voir<\/a><\/p>\n<p>La passion des g\u00e9ants retrac\u00e9e \u00e0 travers de nombreux objets et documents<\/p>\n<p class=\"editor-content__paragraph\">Dans le parcours, <strong>photographies anciennes, cartes postales<\/strong>, assiettes publicitaires, statues en bois polychromes, affiches, gravures et dessins racontent <strong>l\u2019histoire de cette passion locale<\/strong>, d\u00e9sormais export\u00e9e dans des festivals internationaux \u00e0 travers toute l\u2019Europe.<\/p>\n<p>    <img loading=\"lazy\" decoding=\"async\" class=\"image__img\" src=\"https:\/\/www.europesays.com\/fr\/wp-content\/uploads\/2025\/10\/une11-f-boucq-projet-d-affiche-pour-la-legende-de-lyderic-et-phinaert-collections-pbalille-964x723.j.jpeg\" alt=\"Fran\u00e7ois Boucq, Projet d\u2019affiche pour la L\u00e9gende de Lyd\u00e9ric et Phinaert (d\u00e9tail)\" width=\"964\" height=\"723\"\/><\/p>\n<p>Fran\u00e7ois Boucq, Projet d\u2019affiche pour la L\u00e9gende de Lyd\u00e9ric et Phinaert (d\u00e9tail), 1999\u20132000<\/p>\n<p>    i<\/p>\n<p class=\"legende__cartel\">Coll. Palais des Beaux-Arts, Lille \u2022 Don Fran\u00e7ois Boucq \/ \u00a9 GrandPalaisRmn \/ Lille, Palais des Beaux-Arts \/ Photo Mathieu Rabeau \/ Presse<\/p>\n<p class=\"editor-content__paragraph\">S\u2019y ajoutent<strong> une quarantaine de planches<\/strong> de l\u2019auteur de bande dessin\u00e9e <a href=\"https:\/\/www.beauxarts.com\/grand-format\/francois-boucq-vermeer-rembrandt-michel-ange-cest-luniversel\/\" target=\"_blank\" rel=\"noopener\"><strong>Fran\u00e7ois Boucq<\/strong><\/a>, r\u00e9compens\u00e9 en 1998\u00a0pour l\u2019ensemble de sa carri\u00e8re par le Grand Prix de la ville d\u2019Angoul\u00eame. Issus du don de 380\u00a0planches fait par l\u2019artiste au mus\u00e9e en 2021, ces \u0153uvres sur papier, pr\u00e9paratoires \u00e0 un court dessin anim\u00e9 sorti en 2003 (r\u00e9alis\u00e9 avec Fred Greneron), racontent avec force mouvements, d\u00e9tails et couleurs la <strong>l\u00e9gende des g\u00e9ants Lyd\u00e9ric et Phinaert<\/strong>. La rencontre de deux arts populaires qui fait des \u00e9tincelles.<\/p>\n<p>        \u00c0 lire aussi :<br \/>\n        <a class=\"renvoi-explicite__link\" href=\"https:\/\/www.beauxarts.com\/lifestyle\/lille-10-superbes-lieux-culturels-a-visiter-sans-attendre\/\" target=\"_blank\" rel=\"noopener\">Lille : 10 superbes lieux culturels \u00e0 visiter sans attendre<\/a><\/p>\n<p>  Arrow<\/p>\n<p>Petite histoire de g\u00e9ants<\/p>\n<p>Du 18 septembre 2025 au 5 janvier 2026<\/p>\n<p class=\"url-expo\"><a href=\"https:\/\/pba.lille.fr\/Agenda\/Petite-histoire-de-Geants-la-legende-de-Lyderic-et-Phinaert\" target=\"_blank\" rel=\"noopener\">pba.lille.fr<\/a><\/p>\n<p class=\"annexe-content__infos\">Palais des Beaux-Arts de Lille \u2022 18 bis, rue de Valmy \u2022 59000 Lille<br \/><a href=\"http:\/\/www.pba-lille.fr\" target=\"_blank\" rel=\"noopener\">www.pba-lille.fr<\/a><\/p>\n","protected":false},"excerpt":{"rendered":"Le 16\u00a0septembre dernier, un dr\u00f4le de personnage m\u00e9di\u00e9val est apparu sur le balcon situ\u00e9 au-dessus de l\u2019entr\u00e9e du&hellip;\n","protected":false},"author":2,"featured_media":447594,"comment_status":"","ping_status":"","sticky":false,"template":"","format":"standard","meta":{"footnotes":""},"categories":[2815],"tags":[1111,11,1777,674,29438,1011,27,811,1307,12,3368,2551,25],"class_list":{"0":"post-447593","1":"post","2":"type-post","3":"status-publish","4":"format-standard","5":"has-post-thumbnail","7":"category-lille","8":"tag-actu","9":"tag-actualites","10":"tag-eu","11":"tag-europe","12":"tag-folklore","13":"tag-fr","14":"tag-france","15":"tag-hauts-de-france","16":"tag-lille","17":"tag-news","18":"tag-palais-des-beaux-arts-de-lille","19":"tag-patrimoine","20":"tag-republique-francaise"},"share_on_mastodon":{"url":"https:\/\/pubeurope.com\/@fr\/115338860753740969","error":""},"_links":{"self":[{"href":"https:\/\/www.europesays.com\/fr\/wp-json\/wp\/v2\/posts\/447593","targetHints":{"allow":["GET"]}}],"collection":[{"href":"https:\/\/www.europesays.com\/fr\/wp-json\/wp\/v2\/posts"}],"about":[{"href":"https:\/\/www.europesays.com\/fr\/wp-json\/wp\/v2\/types\/post"}],"author":[{"embeddable":true,"href":"https:\/\/www.europesays.com\/fr\/wp-json\/wp\/v2\/users\/2"}],"replies":[{"embeddable":true,"href":"https:\/\/www.europesays.com\/fr\/wp-json\/wp\/v2\/comments?post=447593"}],"version-history":[{"count":0,"href":"https:\/\/www.europesays.com\/fr\/wp-json\/wp\/v2\/posts\/447593\/revisions"}],"wp:featuredmedia":[{"embeddable":true,"href":"https:\/\/www.europesays.com\/fr\/wp-json\/wp\/v2\/media\/447594"}],"wp:attachment":[{"href":"https:\/\/www.europesays.com\/fr\/wp-json\/wp\/v2\/media?parent=447593"}],"wp:term":[{"taxonomy":"category","embeddable":true,"href":"https:\/\/www.europesays.com\/fr\/wp-json\/wp\/v2\/categories?post=447593"},{"taxonomy":"post_tag","embeddable":true,"href":"https:\/\/www.europesays.com\/fr\/wp-json\/wp\/v2\/tags?post=447593"}],"curies":[{"name":"wp","href":"https:\/\/api.w.org\/{rel}","templated":true}]}}