{"id":447597,"date":"2025-10-08T13:49:11","date_gmt":"2025-10-08T13:49:11","guid":{"rendered":"https:\/\/www.europesays.com\/fr\/447597\/"},"modified":"2025-10-08T13:49:11","modified_gmt":"2025-10-08T13:49:11","slug":"jutilise-mon-joker-apres-sa-signature-a-marseille-corinne-diacre-ne-veut-pas-parler-des-bleues","status":"publish","type":"post","link":"https:\/\/www.europesays.com\/fr\/447597\/","title":{"rendered":"\u00ab\u00a0J\u2019utilise mon joker\u00a0\u00bb\u2026 Apr\u00e8s sa signature \u00e0 Marseille, Corinne Diacre ne veut pas parler des Bleues"},"content":{"rendered":"<p>Elle est de retour\u00a0! Deux ans et demi apr\u00e8s avoir \u00e9t\u00e9 <a href=\"https:\/\/www.20minutes.fr\/sport\/football\/4027131-20230309-equipe-france-feminine-corinne-diacre-officiellement-ecartee-bleues-comex-fff\" target=\"_blank\" class=\"c-link c-link--is-underlined\" rel=\"noopener\">\u00e9cart\u00e9e de l\u2019\u00e9quipe de France f\u00e9minine<\/a>, Corinne Diacre va retrouver les terrains ce week-end \u00e0 la t\u00eate d\u2019une \u00e9quipe. Ce sera avec <a href=\"https:\/\/www.20minutes.fr\/sport\/football\/4175983-20250929-om-corinne-diacre-devrait-etre-prochaine-coach-feminines-quete-premiere-victoire-d1-saison\" target=\"_blank\" class=\"c-link c-link--is-underlined\" rel=\"noopener\">les Marseillaises, l\u2019\u00e9quipe f\u00e9minine de l\u2019OM<\/a>. L\u2019ancienne d\u00e9fenseure a \u00e9t\u00e9 pr\u00e9sent\u00e9e ce mercredi \u00e0 la presse et s\u2019est d\u00e9clar\u00e9e ravie de rejoindre la cit\u00e9 phoc\u00e9enne avec, pour ambition, de faire grandir un club qui retrouve l\u2019\u00e9lite cette saison.<\/p>\n<p>\u00ab\u00a0L\u2019int\u00e9r\u00eat de l\u2019OM, je ne l\u2019ai pas refus\u00e9, a expliqu\u00e9 Diacre dans des propos rapport\u00e9s par <a href=\"https:\/\/rmcsport.bfmtv.com\/football\/clubs\/olympique-marseille\/direct-om-suivez-la-conference-de-presse-de-corinne-diacre-pour-son-arrivee-a-marseille-en-live_LN-202510080582.html\" rel=\"nofollow noopener\" target=\"_blank\" class=\"c-link c-link--is-underlined\">RMC Sports<\/a>. Je me suis pos\u00e9 des questions sur le projet, mais ils ne m\u2019ont rien cach\u00e9. Ce n\u2019est pas encore l\u2019id\u00e9al pour l\u2019OM Campus mais tout est fait pour que \u00e7a s\u2019am\u00e9liorer. Ce projet \u00e7a me parlait et c\u2019est pour \u00e7a que j\u2019ai accept\u00e9.\u00a0\u00bb<\/p>\n<p>\u00ab\u00a0La sortie n\u2019a pas \u00e9t\u00e9 simple\u00a0\u00bb<\/p>\n<p><a href=\"https:\/\/www.20minutes.fr\/sport\/football\/4026941-20230308-equipe-france-feminine-corinne-diacre-sort-silence-face-dechainement-mediatique-honteux\" target=\"_blank\" class=\"c-link c-link--is-underlined\" rel=\"noopener\">Critiqu\u00e9e pour ses m\u00e9thodes \u00e0 la t\u00eate des Bleues<\/a>, notamment par Amandine Henry, Corinne Diacre avait \u00e9t\u00e9 mise \u00e0 l\u2019\u00e9cart par la F\u00e9d\u00e9ration fran\u00e7aise de football \u00e0 quelques mois de la Coupe du monde\u00a02023. \u00ab\u00a0Je me suis beaucoup repos\u00e9e, a racont\u00e9 l\u2019ancienne joueuse. Il m\u2019a aussi fallu un temps de digestion parce que la sortie n\u2019a pas \u00e9t\u00e9 simple. Je ne me suis pas trop \u00e9loign\u00e9e des terrains, mon travail \u00e9tait au-del\u00e0 du foot f\u00e9minin.\u00a0\u00bb<\/p>\n<\/p>\n<p>Interrog\u00e9e sur ce qu\u2019il a manqu\u00e9 \u00e0 l\u2019\u00e9quipe de France pour aller plus loin \u00e0 l\u2019Euro\u00a02025, o\u00f9 les Bleues ont \u00e9t\u00e9 \u00e9limin\u00e9es en quart de finale par l\u2019Allemagne, Corinne Diacre a pr\u00e9f\u00e9r\u00e9 \u00e9viter le sujet\u00a0: \u00ab\u00a0Si vous me le permettez, je ne sais pas si j\u2019ai le droit, mais j\u2019utilise mon joker.\u00a0\u00bb Elle fera ses d\u00e9buts avec Les Marseillaises samedi \u00e0 l\u2019occasion du premier tour de la Coupe LFFP sur la pelouse de Rodez.<\/p>\n","protected":false},"excerpt":{"rendered":"Elle est de retour\u00a0! Deux ans et demi apr\u00e8s avoir \u00e9t\u00e9 \u00e9cart\u00e9e de l\u2019\u00e9quipe de France f\u00e9minine, Corinne&hellip;\n","protected":false},"author":2,"featured_media":447598,"comment_status":"","ping_status":"","sticky":false,"template":"","format":"standard","meta":{"footnotes":""},"categories":[2814],"tags":[1111,11,57334,12437,57335,64,2067,1777,674,63,3236,1011,27,884,12,882,25,517],"class_list":{"0":"post-447597","1":"post","2":"type-post","3":"status-publish","4":"format-standard","5":"has-post-thumbnail","7":"category-marseille","8":"tag-actu","9":"tag-actualites","10":"tag-amandine-henry","11":"tag-bleues","12":"tag-corinne-diacre","13":"tag-equipe-de-france","14":"tag-equipe-de-france-feminine","15":"tag-eu","16":"tag-europe","17":"tag-football","18":"tag-football-feminin","19":"tag-fr","20":"tag-france","21":"tag-marseille","22":"tag-news","23":"tag-provence-alpes-cote-dazur","24":"tag-republique-francaise","25":"tag-sport"},"share_on_mastodon":{"url":"https:\/\/pubeurope.com\/@fr\/115338868481323609","error":""},"_links":{"self":[{"href":"https:\/\/www.europesays.com\/fr\/wp-json\/wp\/v2\/posts\/447597","targetHints":{"allow":["GET"]}}],"collection":[{"href":"https:\/\/www.europesays.com\/fr\/wp-json\/wp\/v2\/posts"}],"about":[{"href":"https:\/\/www.europesays.com\/fr\/wp-json\/wp\/v2\/types\/post"}],"author":[{"embeddable":true,"href":"https:\/\/www.europesays.com\/fr\/wp-json\/wp\/v2\/users\/2"}],"replies":[{"embeddable":true,"href":"https:\/\/www.europesays.com\/fr\/wp-json\/wp\/v2\/comments?post=447597"}],"version-history":[{"count":0,"href":"https:\/\/www.europesays.com\/fr\/wp-json\/wp\/v2\/posts\/447597\/revisions"}],"wp:featuredmedia":[{"embeddable":true,"href":"https:\/\/www.europesays.com\/fr\/wp-json\/wp\/v2\/media\/447598"}],"wp:attachment":[{"href":"https:\/\/www.europesays.com\/fr\/wp-json\/wp\/v2\/media?parent=447597"}],"wp:term":[{"taxonomy":"category","embeddable":true,"href":"https:\/\/www.europesays.com\/fr\/wp-json\/wp\/v2\/categories?post=447597"},{"taxonomy":"post_tag","embeddable":true,"href":"https:\/\/www.europesays.com\/fr\/wp-json\/wp\/v2\/tags?post=447597"}],"curies":[{"name":"wp","href":"https:\/\/api.w.org\/{rel}","templated":true}]}}