{"id":447603,"date":"2025-10-08T13:53:32","date_gmt":"2025-10-08T13:53:32","guid":{"rendered":"https:\/\/www.europesays.com\/fr\/447603\/"},"modified":"2025-10-08T13:53:32","modified_gmt":"2025-10-08T13:53:32","slug":"lepita-et-its-group-sallient-avec-france-travail-ile-de-france","status":"publish","type":"post","link":"https:\/\/www.europesays.com\/fr\/447603\/","title":{"rendered":"l\u2019EPITA et ITS Group s\u2019allient avec France Travail \u00cele-de-France"},"content":{"rendered":"<p>        <a href=\"https:\/\/solnum.b-cdn.net\/wp-content\/uploads\/2025\/10\/cp_epita_its_group_1920x1080.jpeg\" data-caption=\"\" rel=\"nofollow noopener\" target=\"_blank\"><img loading=\"lazy\" decoding=\"async\" width=\"696\" height=\"392\" class=\"entry-thumb td-modal-image\" src=\"https:\/\/www.europesays.com\/fr\/wp-content\/uploads\/2025\/10\/cp_epita_its_group_1920x1080-696x392.jpeg\"   alt=\"\" title=\"CP_EPITA_ITS_Group_1920x1080\"\/><\/a><\/p>\n<p><b>L\u2019EPITA, France Travail \u00cele-de-France et ITS Group s\u2019allient pour proposer une formation intensive en cybers\u00e9curit\u00e9 destin\u00e9e aux demandeurs d\u2019emploi, afin de pallier la p\u00e9nurie de talents et renforcer la souverainet\u00e9 num\u00e9rique fran\u00e7aise.<\/b><\/p>\n<p>Face \u00e0 la mont\u00e9e des cybermenaces et \u00e0 la raret\u00e9 des profils qualifi\u00e9s, les trois partenaires ont con\u00e7u un programme acc\u00e9l\u00e9r\u00e9 de 80 jours, dispens\u00e9 au Campus Cyber de La D\u00e9fense. Encadr\u00e9e par des enseignants-chercheurs et des experts du secteur, la formation pr\u00e9pare \u00e0 l\u2019obtention d\u2019une certification RNCP niveau 7 (\u00e9quivalent Bac +5) d\u00e9livr\u00e9e par l\u2019EPITA, reconnue par l\u2019\u00c9tat.<\/p>\n<p>Ouvert aux demandeurs d\u2019emploi titulaires d\u2019un Bac +3\/4 dans les domaines du num\u00e9rique ou de la s\u00e9curit\u00e9 informatique, ce cursus est int\u00e9gr\u00e9 au dispositif de Pr\u00e9paration Op\u00e9rationnelle \u00e0 l\u2019Emploi Individuelle (POEI) de France Travail. Il permet aux apprenants de se sp\u00e9cialiser rapidement et d\u2019int\u00e9grer ensuite des entreprises partenaires comme ITS Group, acteur historique des infrastructures et de la cybers\u00e9curit\u00e9.<\/p>\n<p>Selon l\u2019Observatoire des m\u00e9tiers du num\u00e9rique, le secteur comptera pr\u00e8s de 70 000 postes d\u2019ici 2028, contre 45 000 aujourd\u2019hui. Ce partenariat public-priv\u00e9 s\u2019inscrit donc dans une dynamique nationale de mont\u00e9e en comp\u00e9tences et de r\u00e9ponse concr\u00e8te aux besoins du march\u00e9.<\/p>\n<p>Les candidatures sont encore ouvertes sur <a href=\"https:\/\/carriere.itsgroup.fr\/3048\/detail_annonce.php\" rel=\"nofollow noopener\" target=\"_blank\">le site carri\u00e8re d\u2019ITS Group, rubrique <\/a>\u00ab Appel \u00e0 candidatures : POEI en Cybers\u00e9curit\u00e9 \u00bb.<\/p>\n<p>        Lire aussi&#8230;<\/p>\n<p>                    L&rsquo;article de la semaine<\/p>\n","protected":false},"excerpt":{"rendered":"L\u2019EPITA, France Travail \u00cele-de-France et ITS Group s\u2019allient pour proposer une formation intensive en cybers\u00e9curit\u00e9 destin\u00e9e aux demandeurs&hellip;\n","protected":false},"author":2,"featured_media":447604,"comment_status":"","ping_status":"","sticky":false,"template":"","format":"standard","meta":{"footnotes":""},"categories":[1592],"tags":[1111,11,1075,1777,674,1011,27,662,12,626,25],"class_list":{"0":"post-447603","1":"post","2":"type-post","3":"status-publish","4":"format-standard","5":"has-post-thumbnail","7":"category-ile-de-france","8":"tag-actu","9":"tag-actualites","10":"tag-cybersecurite","11":"tag-eu","12":"tag-europe","13":"tag-fr","14":"tag-france","15":"tag-ile-de-france","16":"tag-news","17":"tag-paris","18":"tag-republique-francaise"},"share_on_mastodon":{"url":"https:\/\/pubeurope.com\/@fr\/115338884215098304","error":""},"_links":{"self":[{"href":"https:\/\/www.europesays.com\/fr\/wp-json\/wp\/v2\/posts\/447603","targetHints":{"allow":["GET"]}}],"collection":[{"href":"https:\/\/www.europesays.com\/fr\/wp-json\/wp\/v2\/posts"}],"about":[{"href":"https:\/\/www.europesays.com\/fr\/wp-json\/wp\/v2\/types\/post"}],"author":[{"embeddable":true,"href":"https:\/\/www.europesays.com\/fr\/wp-json\/wp\/v2\/users\/2"}],"replies":[{"embeddable":true,"href":"https:\/\/www.europesays.com\/fr\/wp-json\/wp\/v2\/comments?post=447603"}],"version-history":[{"count":0,"href":"https:\/\/www.europesays.com\/fr\/wp-json\/wp\/v2\/posts\/447603\/revisions"}],"wp:featuredmedia":[{"embeddable":true,"href":"https:\/\/www.europesays.com\/fr\/wp-json\/wp\/v2\/media\/447604"}],"wp:attachment":[{"href":"https:\/\/www.europesays.com\/fr\/wp-json\/wp\/v2\/media?parent=447603"}],"wp:term":[{"taxonomy":"category","embeddable":true,"href":"https:\/\/www.europesays.com\/fr\/wp-json\/wp\/v2\/categories?post=447603"},{"taxonomy":"post_tag","embeddable":true,"href":"https:\/\/www.europesays.com\/fr\/wp-json\/wp\/v2\/tags?post=447603"}],"curies":[{"name":"wp","href":"https:\/\/api.w.org\/{rel}","templated":true}]}}