{"id":447607,"date":"2025-10-08T13:55:11","date_gmt":"2025-10-08T13:55:11","guid":{"rendered":"https:\/\/www.europesays.com\/fr\/447607\/"},"modified":"2025-10-08T13:55:11","modified_gmt":"2025-10-08T13:55:11","slug":"rachida-dati-et-anne-hidalgo-secharpent-au-conseil-de-paris-sur-fond-de-polemique-liee-aux-notes-de-frais","status":"publish","type":"post","link":"https:\/\/www.europesays.com\/fr\/447607\/","title":{"rendered":"Rachida Dati et Anne Hidalgo s\u2019\u00e9charpent au Conseil de Paris sur fond de pol\u00e9mique li\u00e9e aux notes de frais"},"content":{"rendered":"<p class=\"mb-4 text-lg md:leading-8 break-words\">POLITIQUE &#8211; Pour ceux qui en doutaient, la campagne des \u00e9lections municipales est bel et bien lanc\u00e9e. Ce mercredi 8\u00a0octobre, un violent clash a oppos\u00e9 Anne Hidalgo \u00e0 <a href=\"https:\/\/fr.news.yahoo.com\/proc%C3%A8s-rachida-dati-corruption-aura-135653976.html\" data-ylk=\"slk:Rachida Dati;elm:context_link;itc:0;sec:content-canvas;outcm:mb_qualified_link;_E:mb_qualified_link;ct:story;\" class=\"link  yahoo-link\" target=\"_blank\" rel=\"noopener\">Rachida Dati<\/a> au Conseil de Paris. Les deux femmes, habitu\u00e9es \u00e0 mettre en sc\u00e8ne leurs d\u00e9saccords tant politiques que personnels, se sont \u00e9charp\u00e9es au sujet <a href=\"https:\/\/fr.news.yahoo.com\/publi%C3%A9es-anne-hidalgo-r%C3%A9v%C3%A8lent-notes-193816571.html\" data-ylk=\"slk:des notes de frais exorbitantes des maires d\u2019arrondissement;elm:context_link;itc:0;sec:content-canvas;outcm:mb_qualified_link;_E:mb_qualified_link;ct:story;\" class=\"link  yahoo-link\" target=\"_blank\" rel=\"noopener\">des notes de frais exorbitantes des maires d\u2019arrondissement<\/a>, r\u00e9v\u00e9l\u00e9es ces derniers jours par la presse.<\/p>\n<p class=\"mb-4 text-lg md:leading-8 break-words\">\u00ab\u00a0Je n\u2019utilise pas l\u2019argent des Parisiens ni pour des affaires personnelles, ni dans le cadre de mes fonctions, parce que j\u2019estime que quand on gagne bien sa vie, \u00e7a n\u2019est pas aux Parisiens de payer pour vous\u00a0\u00bb, a attaqu\u00e9 <a href=\"https:\/\/fr.news.yahoo.com\/rachida-dati-vis%C3%A9e-nouvelle-enqu%C3%AAte-110657742.html\" data-ylk=\"slk:Rachida Dati;elm:context_link;itc:0;sec:content-canvas;outcm:mb_qualified_link;_E:mb_qualified_link;ct:story;\" class=\"link  yahoo-link\" target=\"_blank\" rel=\"noopener\">Rachida Dati<\/a> en amont du Conseil de Paris, alors qu\u2019elle est la plus \u00e9conome des maires d\u2019arrondissement selon les documents r\u00e9v\u00e9l\u00e9s par la mairie.<\/p>\n<p class=\"mb-4 text-lg md:leading-8 break-words\"><a href=\"https:\/\/fr.news.yahoo.com\/depuis-d%C3%A9mission-s%C3%A9bastien-lecornu-crise-040007998.html\" data-ylk=\"slk:Depuis la d\u00e9mission de S\u00e9bastien Lecornu, la crise politique se transforme-t-elle en crise de r\u00e9gime\u00a0?;elm:context_link;itc:0;sec:content-canvas;outcm:mb_qualified_link;_E:mb_qualified_link;ct:story;\" class=\"link  yahoo-link\" target=\"_blank\" rel=\"noopener\"> Depuis la d\u00e9mission de S\u00e9bastien Lecornu, la crise politique se transforme-t-elle en crise de r\u00e9gime\u00a0? <\/a><\/p>\n<p class=\"mb-4 text-lg md:leading-8 break-words\">\u00ab\u00a0Madame Dati est dans cette attitude depuis cinq ans. Plus c\u2019est gros, plus \u00e7a passe, a r\u00e9pliqu\u00e9 Anne Hidalgo, visiblement agac\u00e9e. Ses arguments et ses attaques ne passent plus. Le \u201ctous pourris\u201d ne passe plus\u00a0\u00bb. Puis s\u2019adressant directement \u00e0 la ministre de la Culture\u00a0: \u00ab\u00a0Vous vous enorgueillissez de ne pas vivre au crochet de l\u2019argent public. Mais je souhaite que Paris reste une ville dans laquelle les \u00e9lus ne sont pas pris dans des int\u00e9r\u00eats priv\u00e9s, dont il refuse d\u2019ailleurs de donner les noms. Il vaut mieux vivre avec ce que la loi pr\u00e9voit que d\u2019aller chercher du c\u00f4t\u00e9 des int\u00e9r\u00eats priv\u00e9s.\u00a0\u00bb<\/p>\n<p class=\"mb-4 text-lg md:leading-8 break-words\">La maire de Paris, qui ne briguera pas un troisi\u00e8me mandat, fait ici clairement r\u00e9f\u00e9rence aux <a href=\"https:\/\/fr.news.yahoo.com\/rachida-dati-l-ex-patron-135936695.html\" data-ylk=\"slk:accusations de corruption et de trafic d\u2019influence;elm:context_link;itc:0;sec:content-canvas;outcm:mb_qualified_link;_E:mb_qualified_link;ct:story;\" class=\"link  yahoo-link\" target=\"_blank\" rel=\"noopener\">accusations de corruption et de trafic d\u2019influence<\/a> qui visent Rachida Dati. Laquelle est accus\u00e9e d\u2019avoir per\u00e7u, entre 2010 et 2012, 900\u00a0000\u00a0euros de prestation pour le compte\u00a0<a href=\"https:\/\/fr.news.yahoo.com\/pdg-renault-attaque-rachida-dati-130223544.html\" data-ylk=\"slk:d\u2019une filiale de Renault-Nissan;elm:context_link;itc:0;sec:content-canvas;outcm:mb_qualified_link;_E:mb_qualified_link;ct:story;\" class=\"link  yahoo-link\" target=\"_blank\" rel=\"noopener\">d\u2019une filiale de Renault-Nissan<\/a>, sans y avoir r\u00e9ellement travaill\u00e9. Au m\u00eame moment, en parall\u00e8le de ses activit\u00e9s d\u2019avocate, elle disposait d\u2019un mandat parlementaire puisqu\u2019elle \u00e9tait d\u00e9put\u00e9e europ\u00e9enne. Selon les juges d\u2019instruction, cela \u00ab\u00a0s\u2019apparente \u00e0 du lobbying\u00a0\u00bb et semble donc \u00ab\u00a0incompatible tant avec son mandat qu\u2019avec la profession d\u2019avocat\u00a0\u00bb.<\/p>\n<p>\u00ab\u00a0Des risques de corruption\u00a0\u00bb, pointe Hidalgo<\/p>\n<p class=\"mb-4 text-lg md:leading-8 break-words\">\u00ab\u00a0Il y a des risques de corruption, puisque vous allez \u00eatre jug\u00e9e pour corruption en septembre\u00a02026, lui a rappel\u00e9 Anne Hidalgo en Conseil de Paris. Vous qui avez garde des Sceaux, vous devriez faire en sorte que la v\u00e9rit\u00e9 soit connue des Parisiens et que les int\u00e9r\u00eats priv\u00e9s pour lesquels vous travailliez soient connus. En tout cas ici on le rappellera en permanence.\u00a0\u00bb Rachida Dati ne fait pas myst\u00e8re de <a href=\"https:\/\/fr.news.yahoo.com\/municipales-2026-candidats-pr%C3%AAts-%C3%A0-102543016.html\" data-ylk=\"slk:sa volont\u00e9 de conqu\u00e9rir Paris;elm:context_link;itc:0;sec:content-canvas;outcm:mb_qualified_link;_E:mb_qualified_link;ct:story;\" class=\"link  yahoo-link\" target=\"_blank\" rel=\"noopener\">sa volont\u00e9 de conqu\u00e9rir Paris<\/a>, et de faire basculer la capitale \u00e0 droite apr\u00e8s vingt-cinq ans de gestion socialiste.<\/p>\n<p class=\"mb-4 text-lg md:leading-8 break-words\">Selon un sondage Elabe pour BFMTV paru en juin\u00a02025, elle est donn\u00e9e en t\u00eate du premier tour, entre 28\u00a0% et 34\u00a0% selon les configurations. En face, le candidat socialiste Emmanuel Gr\u00e9goire (en froid avec Anne Hidalgo) plafonnerait entre 14\u00a0% et 19\u00a0%.<\/p>\n<p class=\"mb-4 text-lg md:leading-8 break-words\">Reste qu\u2019en accusant indistinctement les maires d\u2019arrondissement de pr\u00e9senter des notes de frais trop importantes, Rachida Dati oublie que les LR ne sont pas \u00e9pargn\u00e9s. <a href=\"https:\/\/fr.news.yahoo.com\/%C3%A0-paris-maire-lr-jeanne-144257495.html\" data-ylk=\"slk:Jeanne d\u2019Hauteserre;elm:context_link;itc:0;sec:content-canvas;outcm:mb_qualified_link;_E:mb_qualified_link;ct:story;\" class=\"link  yahoo-link\" target=\"_blank\" rel=\"noopener\">Jeanne d\u2019Hauteserre<\/a>, maire LR du VIIIe arrondissement, a par exemple d\u00e9pens\u00e9 pr\u00e8s de 36\u00a0000\u00a0euros en v\u00eatements au titre de ses frais de repr\u00e9sentation.<\/p>\n<p class=\"mb-4 text-lg md:leading-8 break-words\">Ce bras de fer entre Hidalgo et Dati lasse en tout cas certains \u00e9lus, tel que le conseiller \u00e9cologiste Sylvain Raifaud, qui explique \u00e0 la radio Ici\u00a0: \u00ab\u00a0La situation du pays est quand m\u00eame gravissime, je crois qu\u2019il faut qu\u2019on sache ranger nos pol\u00e9miques.\u00a0\u00bb Pas de doute, les \u00e9lections municipales ont bien commenc\u00e9.<\/p>\n<p class=\"mb-4 text-lg md:leading-8 break-words\"><a href=\"https:\/\/fr.news.yahoo.com\/r%C3%A9forme-retraites-suspendue-signes-d-101800394.html\" data-ylk=\"slk:La r\u00e9forme des retraites suspendue\u00a0? Les signes d\u2019ouverture \u00e0 gauche font imploser la Macronie;elm:context_link;itc:0;sec:content-canvas;outcm:mb_qualified_link;_E:mb_qualified_link;ct:story;\" class=\"link  yahoo-link\" target=\"_blank\" rel=\"noopener\"> La r\u00e9forme des retraites suspendue\u00a0? Les signes d\u2019ouverture \u00e0 gauche font imploser la Macronie <\/a><\/p>\n<p class=\"mb-4 text-lg md:leading-8 break-words\"><a href=\"https:\/\/fr.news.yahoo.com\/s%C3%A9nateur-lr-philippe-mouiller-retrouv%C3%A9-113602125.html\" data-ylk=\"slk:Le s\u00e9nateur LR Philippe Mouiller, retrouv\u00e9 ivre dans la rue, finit menott\u00e9 apr\u00e8s sa prise en charge;elm:context_link;itc:0;sec:content-canvas;outcm:mb_qualified_link;_E:mb_qualified_link;ct:story;\" class=\"link  yahoo-link\" target=\"_blank\" rel=\"noopener\"> Le s\u00e9nateur LR Philippe Mouiller, retrouv\u00e9 ivre dans la rue, finit menott\u00e9 apr\u00e8s sa prise en charge <\/a><\/p>\n","protected":false},"excerpt":{"rendered":"POLITIQUE &#8211; Pour ceux qui en doutaient, la campagne des \u00e9lections municipales est bel et bien lanc\u00e9e. Ce&hellip;\n","protected":false},"author":2,"featured_media":447608,"comment_status":"","ping_status":"","sticky":false,"template":"","format":"standard","meta":{"footnotes":""},"categories":[1888],"tags":[1111,1928,11,1927,2618,2617,1777,674,1011,27,12258,12,1926,53411,626,1925,417,25],"class_list":{"0":"post-447607","1":"post","2":"type-post","3":"status-publish","4":"format-standard","5":"has-post-thumbnail","7":"category-paris","8":"tag-actu","9":"tag-actu-paris","10":"tag-actualites","11":"tag-actualites-paris","12":"tag-anne-hidalgo","13":"tag-conseil-de-paris","14":"tag-eu","15":"tag-europe","16":"tag-fr","17":"tag-france","18":"tag-maire-de-paris","19":"tag-news","20":"tag-news-paris","21":"tag-notes-de-frais","22":"tag-paris","23":"tag-paris-news","24":"tag-rachida-dati","25":"tag-republique-francaise"},"share_on_mastodon":{"url":"https:\/\/pubeurope.com\/@fr\/115338892028679868","error":""},"_links":{"self":[{"href":"https:\/\/www.europesays.com\/fr\/wp-json\/wp\/v2\/posts\/447607","targetHints":{"allow":["GET"]}}],"collection":[{"href":"https:\/\/www.europesays.com\/fr\/wp-json\/wp\/v2\/posts"}],"about":[{"href":"https:\/\/www.europesays.com\/fr\/wp-json\/wp\/v2\/types\/post"}],"author":[{"embeddable":true,"href":"https:\/\/www.europesays.com\/fr\/wp-json\/wp\/v2\/users\/2"}],"replies":[{"embeddable":true,"href":"https:\/\/www.europesays.com\/fr\/wp-json\/wp\/v2\/comments?post=447607"}],"version-history":[{"count":0,"href":"https:\/\/www.europesays.com\/fr\/wp-json\/wp\/v2\/posts\/447607\/revisions"}],"wp:featuredmedia":[{"embeddable":true,"href":"https:\/\/www.europesays.com\/fr\/wp-json\/wp\/v2\/media\/447608"}],"wp:attachment":[{"href":"https:\/\/www.europesays.com\/fr\/wp-json\/wp\/v2\/media?parent=447607"}],"wp:term":[{"taxonomy":"category","embeddable":true,"href":"https:\/\/www.europesays.com\/fr\/wp-json\/wp\/v2\/categories?post=447607"},{"taxonomy":"post_tag","embeddable":true,"href":"https:\/\/www.europesays.com\/fr\/wp-json\/wp\/v2\/tags?post=447607"}],"curies":[{"name":"wp","href":"https:\/\/api.w.org\/{rel}","templated":true}]}}