{"id":447636,"date":"2025-10-08T14:13:10","date_gmt":"2025-10-08T14:13:10","guid":{"rendered":"https:\/\/www.europesays.com\/fr\/447636\/"},"modified":"2025-10-08T14:13:10","modified_gmt":"2025-10-08T14:13:10","slug":"motogp-gp-de-francia-entradas-de-tribuna-agotadas-en-menos-de-un-dia","status":"publish","type":"post","link":"https:\/\/www.europesays.com\/fr\/447636\/","title":{"rendered":"MotoGP &#8211; GP de Francia: Entradas de tribuna agotadas en menos de un d\u00eda"},"content":{"rendered":"<p class=\"gt-block\">Este martes a mediod\u00eda abren las taquillas del Gran Premio de Francia <a href=\"https:\/\/es.autohebdo.fr\/noticias\/MotoGP\" data-internallinksmanager029f6b8e52c=\"4\" title=\"MotoGP\" rel=\"nofollow noopener\" target=\"_blank\">MotoGP<\/a> El Gran Premio de 2026 confirm\u00f3 una vez m\u00e1s la emoci\u00f3n que rodea al evento, tan solo unos meses despu\u00e9s de la hist\u00f3rica victoria de Johann Zarco (LCR Honda). A pesar de las tribunas adicionales, las 35 entradas se agotaron en menos de 24 horas, seg\u00fan anunciaron los organizadores del Gran Premio a las 11:000 h de este mi\u00e9rcoles.<\/p>\n<p>Solo quedan las gradas generales, que permiten a los espectadores recorrer libremente el circuito y subirse a las diversas colinas que rodean el Circuito Bugatti. Cada a\u00f1o, el Gran Premio de Francia atrae a la mayor afluencia de p\u00fablico de la temporada, y en 2023, el Gran Premio n\u00famero 1000 del Campeonato Mundial de Velocidad de Motociclismo se celebr\u00f3 en el circuito de Le Mans.<\/p>\n<p class=\"gt-block\">Las entradas generales (117 \u20ac para los tres d\u00edas) tambi\u00e9n dan acceso a 4.000 asientos gratuitos en las tribunas de la l\u00ednea de salida. Una aut\u00e9ntica celebraci\u00f3n del motociclismo en Francia, el Gran Premio que se celebra en el Circuito Bugatti de Le Mans es uno de los eventos deportivos con m\u00e1s espectadores del pa\u00eds. La edici\u00f3n de 2026 marcar\u00e1 el 27.\u00ba a\u00f1o consecutivo de presencia del evento en Le Mans, tras haberse establecido finalmente en Sarthe en el a\u00f1o 2000, tras varios a\u00f1os de rotaci\u00f3n entre el Circuito Paul Ricard, Magny-Cours y <a href=\"https:\/\/es.autohebdo.fr\/noticias\/-resistencia%2C\/WEC\/24-horas-de-Le-Mans-b\" data-internallinksmanager029f6b8e52c=\"56\" title=\"24 horas de Le Mans\" rel=\"nofollow noopener\" target=\"_blank\">Le Mans<\/a>.<\/p>\n<p class=\"gt-block\"><strong>LEA TAMBI\u00c9N &gt; <a href=\"https:\/\/es.autohebdo.fr\/noticias\/MotoGP\/francesco-bagnaia-prob%C3%B3-una-vr46-gp24.html\" target=\"_blank\" rel=\"noopener nofollow\">Francesco Bagnaia prob\u00f3 una VR46 GP24<\/a><\/strong><\/p>\n","protected":false},"excerpt":{"rendered":"Este martes a mediod\u00eda abren las taquillas del Gran Premio de Francia MotoGP El Gran Premio de 2026&hellip;\n","protected":false},"author":2,"featured_media":447637,"comment_status":"","ping_status":"","sticky":false,"template":"","format":"standard","meta":{"footnotes":""},"categories":[1413],"tags":[1011,27,57339,1457,1456,1458,60],"class_list":{"0":"post-447636","1":"post","2":"type-post","3":"status-publish","4":"format-standard","5":"has-post-thumbnail","7":"category-moto","8":"tag-fr","9":"tag-france","10":"tag-grand-prix-de-france","11":"tag-moto","12":"tag-motocycle","13":"tag-motogp","14":"tag-sports"},"share_on_mastodon":{"url":"https:\/\/pubeurope.com\/@fr\/115338962807656468","error":""},"_links":{"self":[{"href":"https:\/\/www.europesays.com\/fr\/wp-json\/wp\/v2\/posts\/447636","targetHints":{"allow":["GET"]}}],"collection":[{"href":"https:\/\/www.europesays.com\/fr\/wp-json\/wp\/v2\/posts"}],"about":[{"href":"https:\/\/www.europesays.com\/fr\/wp-json\/wp\/v2\/types\/post"}],"author":[{"embeddable":true,"href":"https:\/\/www.europesays.com\/fr\/wp-json\/wp\/v2\/users\/2"}],"replies":[{"embeddable":true,"href":"https:\/\/www.europesays.com\/fr\/wp-json\/wp\/v2\/comments?post=447636"}],"version-history":[{"count":0,"href":"https:\/\/www.europesays.com\/fr\/wp-json\/wp\/v2\/posts\/447636\/revisions"}],"wp:featuredmedia":[{"embeddable":true,"href":"https:\/\/www.europesays.com\/fr\/wp-json\/wp\/v2\/media\/447637"}],"wp:attachment":[{"href":"https:\/\/www.europesays.com\/fr\/wp-json\/wp\/v2\/media?parent=447636"}],"wp:term":[{"taxonomy":"category","embeddable":true,"href":"https:\/\/www.europesays.com\/fr\/wp-json\/wp\/v2\/categories?post=447636"},{"taxonomy":"post_tag","embeddable":true,"href":"https:\/\/www.europesays.com\/fr\/wp-json\/wp\/v2\/tags?post=447636"}],"curies":[{"name":"wp","href":"https:\/\/api.w.org\/{rel}","templated":true}]}}