{"id":447651,"date":"2025-10-08T14:21:08","date_gmt":"2025-10-08T14:21:08","guid":{"rendered":"https:\/\/www.europesays.com\/fr\/447651\/"},"modified":"2025-10-08T14:21:08","modified_gmt":"2025-10-08T14:21:08","slug":"je-nai-pas-envie-de-me-moquer-thomas-vdb-maitre-de-ceremonie-des-victoires-du-metal-au-bataclan-le-parisien","status":"publish","type":"post","link":"https:\/\/www.europesays.com\/fr\/447651\/","title":{"rendered":"\u00ab Je n\u2019ai pas envie de me moquer \u00bb : Thomas VDB, ma\u00eetre de c\u00e9r\u00e9monie des Victoires du metal au Bataclan &#8211; Le Parisien"},"content":{"rendered":"<ol>\n<li><a href=\"https:\/\/news.google.com\/rss\/articles\/CBMilgJBVV95cUxNZ1I3dE02OVVIbHgtZTQ4dHI1MXJhbmVHdHA4VlEtN050dndDOV9JSzc5RmRzY2o2dHVlUVRJZ0l1TUF6MXFjYnh4bU94aWk5aGJMMmtYbjVZSDZET2hZRzRhN3k4Z2llMmI5d09tSXRtNFFnUUlWbW5DLTJ5dGppcmhoT2xhNHZEWWRxSFlPQ3diYlJmYUk3Uk9QbEVWM3ZocmNvOUVNMXlSMXBSS1ZYTE9qeUo4aXZjcE5fbzhqZWZiX0x1TFdJX3NIRHY3OWh0MTdrQmxNLVpwamVybm4wU3A3eTQxSHdPQm1RT1l6X2ZDakRjaG9KenI3ajhWVEZpWk1hc2kwMnFwR3NOR0ZkQ0VJTDRyQQ?oc=5\" target=\"_blank\" rel=\"nofollow noopener\">\u00ab Je n\u2019ai pas envie de me moquer \u00bb : Thomas VDB, ma\u00eetre de c\u00e9r\u00e9monie des Victoires du metal au Bataclan<\/a>&nbsp;&nbsp;Le Parisien<\/li>\n<li><a href=\"https:\/\/news.google.com\/rss\/articles\/CBMipAJBVV95cUxNakU0TWZaa0NqMzhpbWpLSm1XU2JXZUp0U3I1bTBrX3V2REJXRzFqVEFrUG00NlhCUm5lSUIyRkQwOUtERE96WEgtR0pOWXdabFFmNC00dmw3Rl9Qd2JqTEtlRnhmSVhmVGlsa3JJMTVjVG9qWXEwUFc2Q1NQVmNOMldpYVM0UDRSM1ptQ1c1RXFRMkl6TWJFQ0RIc2JNWG1NVzdJUFlldmgxOTNaY2VMRFlpcXlNLTlRTXJ5cC12YkpvTm1CVDFqdF8xcG0wOU5KTjU1MnV6VUxUaGY5MTYzNmRTMkdKeHpNV0hkRFJHd0UtX0cwVEFCOEhrMHFSejVvN0FwYk12cmVkbDlMeldsZXFUOWZXQUlLWXR3aGJkVkxta09S?oc=5\" target=\"_blank\" rel=\"nofollow noopener\">\u00ab\u00a0R\u00e9compenser le metal, c&rsquo;est mettre en lumi\u00e8re une sc\u00e8ne d&rsquo;une vitalit\u00e9 dingue\u00a0\u00bb : Thomas VDB, ma\u00eetre de c\u00e9r\u00e9monie des Foudres jeudi soir sur France 4<\/a>&nbsp;&nbsp;Franceinfo<\/li>\n<li><a href=\"https:\/\/news.google.com\/rss\/articles\/CBMiuAFBVV95cUxQblhndnA5dXFqcVprTmR3dl9ITWhFZG5kREFkTTBFaWRYclE2dXR0bFNQb3pGTFlESVZ1SGIza19kdVJ1T2tUTnp5NTRTNkFoQ09FcTN4NWtDaEhpNFQ2c3ZEVTdjSFBKWldZNXBuRHJKREJuVVhDX1ZnV0xBZVRfbkN3YUJQd29NbU81a1ZiOVFfWlBIWnNzNW5DLTJOZjFaelRwbDN0Q2xFNE91SzdVY2ZqSE9xV2Ri?oc=5\" target=\"_blank\" rel=\"nofollow noopener\">Les Foudres c\u00e9l\u00e8brent la musique metal hexagonale<\/a>&nbsp;&nbsp;Le Monde.fr<\/li>\n<li><a href=\"https:\/\/news.google.com\/rss\/articles\/CBMiowFBVV95cUxNTHk5aF9YWUZ5NnQxSVZjZlVfa044ZVpyLWtDcVBxLXBjRGJzUkpCaGV2NVB6UUhlTXR0M29TQnIzaEhGMEpmZlNqOXJaNVJRWWRJVEFiZW9LODlfU2ZTNWpXMGpsMTd1X0RiTlJLMTdWTGRIQXNVdnRqQVdSRF9tYTN4aWxBeGRkXzJwNGo4cVpGMGMzLTRtdTY4Y3FPcG4tQUlN?oc=5\" target=\"_blank\" rel=\"nofollow noopener\">Les Foudres : o\u00f9 et quand voir la c\u00e9r\u00e9monie d\u00e9di\u00e9e au m\u00e9tal ?<\/a>&nbsp;&nbsp;L&rsquo;\u00c9claireur Fnac<\/li>\n<li><a href=\"https:\/\/news.google.com\/rss\/articles\/CBMirAFBVV95cUxPT095VWdZMUVQdkROX2hKcm9IaGFyZ2RLYmJRb0xoSmg0Z0t2d0xqTFhHOTVKLWdDdS1sUkNCTXBYVWhDMHZwRk9Kel95MGtPdVdkOTRoVWNRWlIwdmN5SFdlREhZNlQwV19JWjlZeXdLaTM5Q1pwUTVqQVVNTnhCbk1SRWs0VFpXWHI1TVJNa2JyVG02elA3SGt2ekJLWEhUcVlUSkdaX1lyM1Q5?oc=5\" target=\"_blank\" rel=\"nofollow noopener\">Les Foudres sur France 4 et france.tv<\/a>&nbsp;&nbsp;Radio France<\/li>\n<\/ol>\n","protected":false},"excerpt":{"rendered":"\u00ab Je n\u2019ai pas envie de me moquer \u00bb : Thomas VDB, ma\u00eetre de c\u00e9r\u00e9monie des Victoires du&hellip;\n","protected":false},"author":2,"featured_media":447652,"comment_status":"","ping_status":"","sticky":false,"template":"","format":"standard","meta":{"footnotes":""},"categories":[1355],"tags":[872,58,59,1011,27,1361,873],"class_list":{"0":"post-447651","1":"post","2":"type-post","3":"status-publish","4":"format-standard","5":"has-post-thumbnail","7":"category-musique","8":"tag-culture-et-loisirs","9":"tag-divertissement","10":"tag-entertainment","11":"tag-fr","12":"tag-france","13":"tag-music","14":"tag-musique"},"share_on_mastodon":{"url":"https:\/\/pubeurope.com\/@fr\/115338994210645934","error":""},"_links":{"self":[{"href":"https:\/\/www.europesays.com\/fr\/wp-json\/wp\/v2\/posts\/447651","targetHints":{"allow":["GET"]}}],"collection":[{"href":"https:\/\/www.europesays.com\/fr\/wp-json\/wp\/v2\/posts"}],"about":[{"href":"https:\/\/www.europesays.com\/fr\/wp-json\/wp\/v2\/types\/post"}],"author":[{"embeddable":true,"href":"https:\/\/www.europesays.com\/fr\/wp-json\/wp\/v2\/users\/2"}],"replies":[{"embeddable":true,"href":"https:\/\/www.europesays.com\/fr\/wp-json\/wp\/v2\/comments?post=447651"}],"version-history":[{"count":0,"href":"https:\/\/www.europesays.com\/fr\/wp-json\/wp\/v2\/posts\/447651\/revisions"}],"wp:featuredmedia":[{"embeddable":true,"href":"https:\/\/www.europesays.com\/fr\/wp-json\/wp\/v2\/media\/447652"}],"wp:attachment":[{"href":"https:\/\/www.europesays.com\/fr\/wp-json\/wp\/v2\/media?parent=447651"}],"wp:term":[{"taxonomy":"category","embeddable":true,"href":"https:\/\/www.europesays.com\/fr\/wp-json\/wp\/v2\/categories?post=447651"},{"taxonomy":"post_tag","embeddable":true,"href":"https:\/\/www.europesays.com\/fr\/wp-json\/wp\/v2\/tags?post=447651"}],"curies":[{"name":"wp","href":"https:\/\/api.w.org\/{rel}","templated":true}]}}