{"id":447673,"date":"2025-10-08T14:32:11","date_gmt":"2025-10-08T14:32:11","guid":{"rendered":"https:\/\/www.europesays.com\/fr\/447673\/"},"modified":"2025-10-08T14:32:11","modified_gmt":"2025-10-08T14:32:11","slug":"saint-etienne-la-fete-du-livre-fait-son-retour-ce-week-end","status":"publish","type":"post","link":"https:\/\/www.europesays.com\/fr\/447673\/","title":{"rendered":"Saint-\u00c9tienne : la F\u00eate du Livre fait son retour ce week-end"},"content":{"rendered":"<p>Du vendredi 10 au dimanche 12 octobre, la 39e \u00e9dition de la F\u00eate du Livre est organis\u00e9e \u00e0 Saint-\u00c9tienne. On vous d\u00e9taille le programme de cette ann\u00e9e.<\/p>\n<p>Les amateurs de lecture ont rendez-vous dans les rues st\u00e9phanoises tout ce week-end ! Du vendredi 10 au dimanche 12 octobre se tient la nouvelle \u00e9dition de <b>la F\u00eate du Livre \u00e0 Saint-\u00c9tienne<\/b>.<\/p>\n<p>Cette ann\u00e9e, <b>200 auteurs<\/b> sont invit\u00e9s dans la cit\u00e9 st\u00e9phanoise.<\/p>\n<p>Le vendredi soir, <b>une soir\u00e9e d&rsquo;inauguration<\/b> est pr\u00e9vue \u00e0 La Com\u00e8te (7 avenue du Pr\u00e9sident \u00c9mile Loubet). Huit prix litt\u00e9raires seront remis pour l&rsquo;occasion. D\u00e9but de la soir\u00e9e \u00e0 18h15.<\/p>\n<p>Un aper\u00e7u du programme<\/p>\n<p>Place Jean Jaur\u00e8s<\/p>\n<p>\u00a0\u2022  Festival Les Mots en sc\u00e8ne<\/p>\n<p>\u00a0\u2022  Village des bouquinistes<\/p>\n<p>\u00a0Place de l&rsquo;H\u00f4tel de Ville<\/p>\n<p>\u00a0\u2022  Grande librairie : d\u00e9dicaces auteurs<\/p>\n<p>\u00a0\u2022   Manufacture des savoirs : sciences, \u00e9cologie, f\u00e9minisme, histoire et politique, environnement, sant\u00e9, soci\u00e9t\u00e9<\/p>\n<p>\u00a0\u2022  Espaces d\u00e9bats : rencontres auteurs, battle BD<\/p>\n<p>H\u00f4tel de Ville<\/p>\n<p>\u2022  Rencontres et conf\u00e9rences avec les auteurs :\u00a0salles Aristide Briand, Joseph Lamberton,\u00a0Albert Lebrun et 119<\/p>\n<p>\u2022   Exposition Benjamin Lacombe pr\u00e9sente :\u00a0L&rsquo;Encyclop\u00e9die du merveilleux<\/p>\n<p>Place Dorian<\/p>\n<p>\u00a0\u2022  Village des \u00e9diteurs<\/p>\n<p>\u00a0\u2022 Interviews d&rsquo;auteurs\u00a0<br \/>\u00a0<\/p>\n<p>Place Chavanelle<\/p>\n<p>\u00a0\u2022  Espace jeunesse : d\u00e9dicaces, espaces coloriage, jeux et lecture<\/p>\n<p>\u00a0\u2022  Espace Boris Vian : spectacles et ateliers auteurs, projection vid\u00e9o inspir\u00e9e de U4 Koridwen d&rsquo;Yves Grevet<\/p>\n<p>\u00a0\u2022   Zone d&rsquo;animations : circuits sp\u00e9cifi ques pour les \u00e9tablissements scolaires, Nomadolivre, m\u00e9diabus, lectures, ateliers, concours de tricot, passe-t\u00eates, d\u00e9ambulations<\/p>\n<p>\u00a0\u2022   Performances de dessin en direct sur les vitrines de commer\u00e7ants par des illustrateurs<br \/>invit\u00e9s<\/p>\n<p>\u00a0\u2022  Cin\u00e9ma Le M\u00e9garama : lectures projet\u00e9es et rencontre auteurs de l&rsquo;\u00e9diteur partenaire<br \/>Little Urban<\/p>\n<p>Tarentaize<\/p>\n<p>\u00a0\u2022  M\u00e9diath\u00e8que : journ\u00e9e professionnelle et exposition Il \u00e9tait plusieurs fois autour des contes<\/p>\n<p>\u00a0\u2022  La Com\u00e8te : soir\u00e9e d&rsquo;inauguration et remise des Prix litt\u00e9raires<\/p>\n<p>La F\u00eate du Livre, 39e \u00e9dition : du vendredi 10 au dimanche 12 octobre 2025 le vendredi de 9h \u00e0 19h. Le samedi de 10h \u00e0 19h. Le dimanche de 10h \u00e0 18h.\u00a0Plus d&rsquo;informations sur le site de la Ville de Saint-\u00c9tienne (<a class=\"url\" href=\"https:\/\/fetedulivre.saint-etienne.fr\/fete-du-livre\/programmation\/programme-complet\/\" target=\"_blank\" rel=\"noopener\">cliquez ici pour acc\u00e9der<\/a>).<\/p>\n<p><\/p>\n","protected":false},"excerpt":{"rendered":"Du vendredi 10 au dimanche 12 octobre, la 39e \u00e9dition de la F\u00eate du Livre est organis\u00e9e \u00e0&hellip;\n","protected":false},"author":2,"featured_media":447674,"comment_status":"","ping_status":"","sticky":false,"template":"","format":"standard","meta":{"footnotes":""},"categories":[9653],"tags":[1111,11,2430,1777,674,57347,1011,27,57348,11864,12,25,9920,4001],"class_list":{"0":"post-447673","1":"post","2":"type-post","3":"status-publish","4":"format-standard","5":"has-post-thumbnail","7":"category-saint-etienne","8":"tag-actu","9":"tag-actualites","10":"tag-auvergne-rhone-alpes","11":"tag-eu","12":"tag-europe","13":"tag-fte-du-livre","14":"tag-fr","15":"tag-france","16":"tag-littraire","17":"tag-littrature","18":"tag-news","19":"tag-republique-francaise","20":"tag-saint-tienne","21":"tag-saint-etienne"},"share_on_mastodon":{"url":"https:\/\/pubeurope.com\/@fr\/115339037601792478","error":""},"_links":{"self":[{"href":"https:\/\/www.europesays.com\/fr\/wp-json\/wp\/v2\/posts\/447673","targetHints":{"allow":["GET"]}}],"collection":[{"href":"https:\/\/www.europesays.com\/fr\/wp-json\/wp\/v2\/posts"}],"about":[{"href":"https:\/\/www.europesays.com\/fr\/wp-json\/wp\/v2\/types\/post"}],"author":[{"embeddable":true,"href":"https:\/\/www.europesays.com\/fr\/wp-json\/wp\/v2\/users\/2"}],"replies":[{"embeddable":true,"href":"https:\/\/www.europesays.com\/fr\/wp-json\/wp\/v2\/comments?post=447673"}],"version-history":[{"count":0,"href":"https:\/\/www.europesays.com\/fr\/wp-json\/wp\/v2\/posts\/447673\/revisions"}],"wp:featuredmedia":[{"embeddable":true,"href":"https:\/\/www.europesays.com\/fr\/wp-json\/wp\/v2\/media\/447674"}],"wp:attachment":[{"href":"https:\/\/www.europesays.com\/fr\/wp-json\/wp\/v2\/media?parent=447673"}],"wp:term":[{"taxonomy":"category","embeddable":true,"href":"https:\/\/www.europesays.com\/fr\/wp-json\/wp\/v2\/categories?post=447673"},{"taxonomy":"post_tag","embeddable":true,"href":"https:\/\/www.europesays.com\/fr\/wp-json\/wp\/v2\/tags?post=447673"}],"curies":[{"name":"wp","href":"https:\/\/api.w.org\/{rel}","templated":true}]}}