{"id":447677,"date":"2025-10-08T14:34:15","date_gmt":"2025-10-08T14:34:15","guid":{"rendered":"https:\/\/www.europesays.com\/fr\/447677\/"},"modified":"2025-10-08T14:34:15","modified_gmt":"2025-10-08T14:34:15","slug":"une-femme-descendue-en-rappel-depuis-le-15e-etage-dun-immeuble-par-les-pompiers","status":"publish","type":"post","link":"https:\/\/www.europesays.com\/fr\/447677\/","title":{"rendered":"une femme descendue en rappel depuis le 15e \u00e9tage d&rsquo;un immeuble par les pompiers"},"content":{"rendered":"<p>            Par<br \/>\n        <strong><br \/>\n            <a href=\"https:\/\/actu.fr\/auteur\/pierre-emile-bouchy-actu-fr\" title=\"Consulter tous les articles de Paul-Emile Bouchy\" rel=\"nofollow noopener\" target=\"_blank\">Paul-Emile Bouchy<\/a><br \/>\n        <\/strong><\/p>\n<p>        Publi\u00e9 le<\/p>\n<p>            8 oct. 2025 \u00e0 16h10        <\/p>\n<p>Une<strong> intervention p\u00e9rilleuse<\/strong> a \u00e9t\u00e9 men\u00e9e par les <a href=\"https:\/\/actu.fr\/tag\/pompiers\" rel=\"nofollow noopener\" target=\"_blank\">pompiers<\/a> au centre-ville de <a href=\"https:\/\/actu.fr\/grand-est\/nancy_54395\" rel=\"nofollow noopener\" target=\"_blank\">Nancy<\/a> ce mercredi 8 octobre 2025.<\/p>\n<p class=\" wall-content\">Pour secourir <strong>une femme de 73 ans qui avait chut\u00e9 dans son appartement situ\u00e9 au 15e \u00e9tage<\/strong> d\u2019<a href=\"https:\/\/actu.fr\/grand-est\/nancy_54395\/nancy-pourquoi-les-habitants-de-ces-immeubles-ont-interdiction-d-utiliser-leur-balcon_62195715.html\" rel=\"nofollow noopener\" target=\"_blank\">une des tours Saint-S\u00e9bastien<\/a>, il a \u00e9t\u00e9 n\u00e9cessaire de <strong>la descendre en rappel le long de l\u2019immeuble.<\/strong><\/p>\n<p>Impossibilit\u00e9 de descendre la victime par l\u2019ascenseur ou les escaliers<\/p>\n<p class=\" wall-content\">D\u2019apr\u00e8s le lieutenant Christophe Weidmann du SDIS 54, <strong>la victime a chut\u00e9 et s\u2019est lux\u00e9e la hanche<\/strong>. \u00ab\u00a0La configuration des escaliers et de l\u2019ascenseur ne permet pas de la descendre autrement qu\u2019en fa\u00e7ade\u00a0\u00bb, explique-t-il.<\/p>\n<p class=\" wall-content\">Apr\u00e8s avoir \u00e9t\u00e9 plac\u00e9e fermement sur un brancard, <strong>la septuag\u00e9naire a \u00e9t\u00e9 descendue, accompagn\u00e9e d\u2019un pompier, jusque sur le trottoir<\/strong>.<\/p>\n<blockquote class=\"tiktok-embed\" cite=\"https:\/\/www.tiktok.com\/@lorraine.actu\/video\/7558852481724239126\" data-video-id=\"7558852481724239126\" data-embed-from=\"oembed\" style=\"max-width:605px; min-width:325px;\"><p>\n<a target=\"_blank\" title=\"@lorraine.actu\" href=\"https:\/\/www.tiktok.com\/@lorraine.actu?refer=embed\" rel=\"nofollow noopener\">@lorraine.actu<\/a> <\/p>\n<p>Une intervention p\u00e9rilleuse a \u00e9t\u00e9 men\u00e9e par les pompiers au centre-ville de Nancy ce mercredi 8 octobre 2025. Pour secourir une femme de 73 ans qui avait chut\u00e9 dans son appartement situ\u00e9 au 15e \u00e9tage d\u2019une des tours Saint-S\u00e9bastien, il a \u00e9t\u00e9 n\u00e9cessaire de la descendre en rappel le long de l\u2019immeuble. D\u2019apr\u00e8s le lieutenant Christophe Weidmann du SDIS 54, la victime a chut\u00e9 et s\u2019est lux\u00e9e la hanche. \u00ab La configuration des escaliers et de l\u2019ascenseur ne permet pas de la descendre autrement qu\u2019en fa\u00e7ade \u00bb, explique-t-il. Apr\u00e8s avoir \u00e9t\u00e9 plac\u00e9e fermement sur un brancard, la septuag\u00e9naire a \u00e9t\u00e9 descendu, accompagn\u00e9e d\u2019un pompier, jusque sur le trottoir. Install\u00e9e dans une ambulance, elle a \u00e9t\u00e9 conduite vers l\u2019h\u00f4pital Central. <a title=\"pompiers\" target=\"_blank\" href=\"https:\/\/www.tiktok.com\/tag\/pompiers?refer=embed\" rel=\"nofollow noopener\">#pompiers<\/a> <a title=\"nancy\" target=\"_blank\" href=\"https:\/\/www.tiktok.com\/tag\/nancy?refer=embed\" rel=\"nofollow noopener\">#nancy<\/a> <a title=\"lorraine\" target=\"_blank\" href=\"https:\/\/www.tiktok.com\/tag\/lorraine?refer=embed\" rel=\"nofollow noopener\">#lorraine<\/a> <a title=\"accident\" target=\"_blank\" href=\"https:\/\/www.tiktok.com\/tag\/accident?refer=embed\" rel=\"nofollow noopener\">#accident<\/a> @Sapeurs-pompiers de France \ud83d\ude92 <\/p>\n<p> <a target=\"_blank\" title=\"\u266c son original - Lorraine Actu\" href=\"https:\/\/www.tiktok.com\/music\/son-original-7558852448343804694?refer=embed\" rel=\"nofollow noopener\">\u266c son original \u2013 Lorraine Actu<\/a> <\/p>\n<\/blockquote>\n<p class=\" wall-content\">Install\u00e9e dans une ambulance, elle a \u00e9t\u00e9 conduite vers l\u2019h\u00f4pital Central.<\/p>\n<p class=\" wall-content\">Personnalisez votre actualit\u00e9 en ajoutant vos villes et m\u00e9dias en favori avec <a href=\"https:\/\/moncompte.actu.fr\" title=\"D\u00e9couvez Mon Actu\" rel=\"nofollow noopener\" data-trk=\"{&quot;cta&quot;:{&quot;action&quot;:&quot;https:\\\/\\\/moncompte.actu.fr&quot;,&quot;category&quot;:&quot;mon compte&quot;,&quot;from&quot;:&quot;article footer&quot;,&quot;name&quot;:&quot;Mon actu&quot;,&quot;type&quot;:&quot;cta&quot;}}\" target=\"_blank\">Mon Actu<\/a>.<\/p>\n<p>                    <script async src=\"\/\/www.tiktok.com\/embed.js\"><\/script><\/p>\n","protected":false},"excerpt":{"rendered":"Par Paul-Emile Bouchy Publi\u00e9 le 8 oct. 2025 \u00e0 16h10 Une intervention p\u00e9rilleuse a \u00e9t\u00e9 men\u00e9e par les&hellip;\n","protected":false},"author":2,"featured_media":447678,"comment_status":"","ping_status":"","sticky":false,"template":"","format":"standard","meta":{"footnotes":""},"categories":[9635],"tags":[1111,11,1777,674,118,1011,27,775,1702,12,1311,25],"class_list":{"0":"post-447677","1":"post","2":"type-post","3":"status-publish","4":"format-standard","5":"has-post-thumbnail","7":"category-nancy","8":"tag-actu","9":"tag-actualites","10":"tag-eu","11":"tag-europe","12":"tag-faits-divers","13":"tag-fr","14":"tag-france","15":"tag-grand-est","16":"tag-nancy","17":"tag-news","18":"tag-pompiers","19":"tag-republique-francaise"},"share_on_mastodon":{"url":"https:\/\/pubeurope.com\/@fr\/115339045357087816","error":""},"_links":{"self":[{"href":"https:\/\/www.europesays.com\/fr\/wp-json\/wp\/v2\/posts\/447677","targetHints":{"allow":["GET"]}}],"collection":[{"href":"https:\/\/www.europesays.com\/fr\/wp-json\/wp\/v2\/posts"}],"about":[{"href":"https:\/\/www.europesays.com\/fr\/wp-json\/wp\/v2\/types\/post"}],"author":[{"embeddable":true,"href":"https:\/\/www.europesays.com\/fr\/wp-json\/wp\/v2\/users\/2"}],"replies":[{"embeddable":true,"href":"https:\/\/www.europesays.com\/fr\/wp-json\/wp\/v2\/comments?post=447677"}],"version-history":[{"count":0,"href":"https:\/\/www.europesays.com\/fr\/wp-json\/wp\/v2\/posts\/447677\/revisions"}],"wp:featuredmedia":[{"embeddable":true,"href":"https:\/\/www.europesays.com\/fr\/wp-json\/wp\/v2\/media\/447678"}],"wp:attachment":[{"href":"https:\/\/www.europesays.com\/fr\/wp-json\/wp\/v2\/media?parent=447677"}],"wp:term":[{"taxonomy":"category","embeddable":true,"href":"https:\/\/www.europesays.com\/fr\/wp-json\/wp\/v2\/categories?post=447677"},{"taxonomy":"post_tag","embeddable":true,"href":"https:\/\/www.europesays.com\/fr\/wp-json\/wp\/v2\/tags?post=447677"}],"curies":[{"name":"wp","href":"https:\/\/api.w.org\/{rel}","templated":true}]}}