{"id":447681,"date":"2025-10-08T14:36:18","date_gmt":"2025-10-08T14:36:18","guid":{"rendered":"https:\/\/www.europesays.com\/fr\/447681\/"},"modified":"2025-10-08T14:36:18","modified_gmt":"2025-10-08T14:36:18","slug":"la-surveillance-maritime-se-renforce-avec-la-flotille-de-reserve-cotiere","status":"publish","type":"post","link":"https:\/\/www.europesays.com\/fr\/447681\/","title":{"rendered":"La surveillance maritime se renforce avec la Flotille de r\u00e9serve c\u00f4ti\u00e8re"},"content":{"rendered":"<p><img loading=\"lazy\" decoding=\"async\" alt=\"\u00a9 S. Krikorian - L'\u00e9tat-major de la Flotille de r\u00e9serve c\u00f4ti\u00e8re M\u00e9diterran\u00e9e sera bas\u00e9 \u00e0 Toulon.\" data-zoom-src=\"https:\/\/www.europesays.com\/fr\/wp-content\/uploads\/2025\/10\/initial-flotille-reserve-cotiere-mediterranee.jpg\" data-zoomable=\"\" height=\"702\" src=\"https:\/\/www.europesays.com\/fr\/wp-content\/uploads\/2025\/10\/initial-flotille-reserve-cotiere-mediterranee.jpg\" width=\"1248\"\/>  <\/p>\n<p class=\"article-desc\">\u00a9 S. Krikorian &#8211; L&rsquo;\u00e9tat-major de la Flotille de r\u00e9serve c\u00f4ti\u00e8re M\u00e9diterran\u00e9e sera bas\u00e9 \u00e0 Toulon. <\/p>\n<p><strong>Dix escouades de r\u00e9serve c\u00f4ti\u00e8res<\/strong> (ERC) doivent \u00eatre cr\u00e9\u00e9es en trois ans sur le littoral m\u00e9diterran\u00e9en. Plac\u00e9es sous le contr\u00f4le op\u00e9rationnel du commandant de la zone maritime M\u00e9diterran\u00e9e, le vice-amiral d&rsquo;escadre Christophe Lucas, ces ERC d\u00e9pendent <strong>d&rsquo;un nouvel \u00e9tat-major install\u00e9 \u00e0 Toulon<\/strong>. <\/p>\n<p>Elles ont pour mission de renforcer <strong>la posture permanente de sauvegarde maritime<\/strong> (PPSM), c\u2019est-\u00e0-dire d\u2019apporter \u00e0 la Marine nationale un soutien dans ses missions de renseignement, de surveillance, d\u2019observation et de densifier la pr\u00e9sence militaire sur le territoire. <\/p>\n<p>Sur la zone M\u00e9diterran\u00e9e, pr\u00e8s de 800 marins r\u00e9servistes doivent \u00eatre recrut\u00e9s et pr\u00e8s de 3 000 sur l&rsquo;ensemble du territoire m\u00e9tropolitain et d\u2019outre-mer. Dans le cadre de la <a href=\"https:\/\/mesinfos.fr\/provence-alpes-cote-d-azur\/les-recommandations-de-yannick-chenevard-pour-la-lpm-2024-2030-231104.html\" rel=\"noopener\" target=\"_blank\">loi de programmation militaire 2024\/2030<\/a>, \u00ab 36 ERC sont pr\u00e9vues dans le cadre du doublement de la r\u00e9serve op\u00e9rationnelle militaire\u00a0\u00bb, pr\u00e9cise le capitaine de vaisseau Rapha\u00ebl Clivaz, commandant de cette Flotille de r\u00e9serve c\u00f4ti\u00e8re M\u00e9diterran\u00e9e. <\/p>\n<p>Une surveillance accrue sur le littoral m\u00e9diterran\u00e9en <\/p>\n<p>Ces escouades vont accentuer <strong>la pr\u00e9sence et la surveillance maritime<\/strong>\u00a0aux c\u00f4t\u00e9s des unit\u00e9s de la Marine\u00a0et de ce qu&rsquo;on appelle la cha\u00eene s\u00e9maphorique.\u00a0\u00ab\u00a0C\u2019est l&rsquo;ensemble des postes de surveillance et de contr\u00f4le r\u00e9partis tout au long des littoraux\u00a0\u00bb, indique le commandant.<\/p>\n<p>Elles appuieront l\u2019ensemble des acteurs pr\u00e9sents sur l\u2019eau, les douanes, la SNSM (Soci\u00e9t\u00e9 nationale des sauveteurs en mer), la gendarmerie maritime, le Cross (Centre r\u00e9gional op\u00e9rationnel de Surveillance et de Sauvetage) ou la BSL (Brigade de surveillance du littoral), dans leurs missions.<\/p>\n<p>Elles sont aussi engag\u00e9es dans la promotion des bonnes pratiques en mer et de la <strong>pr\u00e9servation des espaces naturels<\/strong>\u00a0: <\/p>\n<blockquote>\n<p>\u00ab\u00a0Nous avons la chance en M\u00e9diterran\u00e9e d&rsquo;avoir une biodiversit\u00e9 extr\u00eamement riche\u00a0avec des parcs nationaux et nos escouades participeront \u00e0 la pr\u00e9sence de l&rsquo;\u00c9tat\u00a0au sein de ces espaces prot\u00e9g\u00e9s\u00a0\u00bb, assure le commandant. <\/p>\n<\/blockquote>\n<p>Elles peuvent ponctuellement renforcer les dispositifs de s\u00fbret\u00e9 en mer comme \u00e0 terre. <\/p>\n<p>Couvrir efficacement les zones d\u2019intervention <\/p>\n<p>Deux escouades compl\u00e8tes vont s\u2019installer d\u2019ici fin 2025 en M\u00e9diterran\u00e9e, <strong>\u00e0 Cannes et \u00e0 S\u00e8te<\/strong>. Les recrutements sont en cours. Elles regrouperont 70 marins r\u00e9servistes, avec un marin d\u2019active dans chacune d\u2019elles : \u00ab\u00a0Les marins recrut\u00e9s jusqu&rsquo;\u00e0 pr\u00e9sent sont principalement des marins du socle,\u00a0avec des comp\u00e9tences qu\u2019ils transmettront aux plus jeunes pour assurer la continuit\u00e9 des savoir-\u00eatre et des savoir-faire de la vie militaire\u00a0\u00bb, souligne le commandant Clivaz, ajoutant qu\u2019ils vont disposer d\u2019embarcations rapides\u00a0: \u00ab\u00a0Des semi-rigides de 7,60 m\u00a0\u00e9quip\u00e9s de deux moteurs de 150 chevaux \u00bb, pouvant accueillir un \u00e9quipage de trois \u00e0 six marins, avec des moyens routiers pour assurer leur mise \u00e0 l\u2019eau et des drones pour les aider \u00e0 couvrir toute la zone.<\/p>\n<p> Le commandement de la Flotille de r\u00e9serve c\u00f4ti\u00e8re, bas\u00e9e \u00e0 Toulon <img decoding=\"async\" alt=\"\" class=\"img-size-full\" data-zoomable=\"\" height=\"997\" loading=\"lazy\" src=\"https:\/\/www.europesays.com\/fr\/wp-content\/uploads\/2025\/10\/commandant-clivaz-flotille-mediterranee.png\" width=\"1772\"\/> \u00a9 S. Krikorian &#8211; Le capitaine de vaisseau Rapha\u00ebl Clivaz, nouveau commandant de la Flottille de r\u00e9serve c\u00f4ti\u00e8re M\u00e9diterran\u00e9e. <\/p>\n<p>Le capitaine de vaisseau Rapha\u00ebl Clivaz a \u00e9t\u00e9 charg\u00e9 de cr\u00e9er puis de commander la Flottille de R\u00e9serve c\u00f4ti\u00e8re en M\u00e9diterran\u00e9e \u00e0 Toulon. Entr\u00e9 dans la Marine nationale en 1981, il a notamment \u00e9t\u00e9 chef d&rsquo;\u00e9tat-major du P\u00f4le \u00c9coles M\u00e9diterran\u00e9e \u00e0 Saint-Mandrier. Il est r\u00e9serviste depuis 2020. <\/p>\n<p class=\"interview\">Le Var Information : O\u00f9 vont \u00eatre install\u00e9es ces FRC en M\u00e9diterran\u00e9e ? <\/p>\n<p><strong>Capitaine de vaisseau Rapha\u00ebl Clivaz :<\/strong> L&rsquo;id\u00e9e est de r\u00e9partir ces escouades sur <strong>les endroits o\u00f9 la marine est peu pr\u00e9sente<\/strong>. Nous avons commenc\u00e9 \u00e0 choisir des ports, comme S\u00e8te et Cannes. Nous commen\u00e7ons par les d\u00e9partements o\u00f9 il y a peu d&rsquo;unit\u00e9s militaires. Petit \u00e0 petit nous compl\u00e9terons. Tout est soumis \u00e0 l&rsquo;autorit\u00e9 minist\u00e9rielle\u00a0qui d\u00e9cidera in fine de l&rsquo;implantation des futures escouades. <\/p>\n<p class=\"interview\">C\u2019est vous qui allez les commander ? <\/p>\n<p>J&rsquo;ai, dans ma carri\u00e8re militaire, \u00e9t\u00e9 \u00e0 la t\u00eate de plusieurs \u00e9coles. Je suis <strong>tr\u00e8s attach\u00e9 \u00e0 la transmission<\/strong> de ce que j&rsquo;ai pu apprendre lors de mes 40 ann\u00e9es de marine. \u00c0 la fois des savoir-faire exceptionnels et l\u2019envie de se consacrer \u00e0 la collectivit\u00e9. C&rsquo;est aussi un d\u00e9fi humain d&rsquo;arriver \u00e0 constituer ces \u00e9quipages, comme on le fait sur un bateau.\u00a0 <\/p>\n<p class=\"interview\">Deux escouades sont d\u00e9j\u00e0 en service en Atlantique depuis 2024. Quels enseignements en avez-vous tir\u00e9 ?\u00a0 <\/p>\n<p>Les premiers retours d&rsquo;exp\u00e9rience de La Rochelle et de Bayonne-Anglet\u00a0montrent que c&rsquo;est <strong>un apport significatif de pr\u00e9sence sur le territoire<\/strong>, avec une bonne entente\u00a0avec les diff\u00e9rents acteurs, comme les douanes et la SNSM. Ce sont des marins qui parlent et qui travaillent avec d\u2019autres marins, donc \u00e7a se passe tr\u00e8s bien. Les jeunes recrues sont extr\u00eamement volontaires et progressent vite dans leur apprentissage de savoir-faire et de savoir-\u00eatre. Ils ont pu participer au d\u00e9part du Vend\u00e9e Globe en Atlantique, mais ce n\u2019est que le d\u00e9but des missions telles qu&rsquo;elles ont \u00e9t\u00e9 pr\u00e9vues.\u00a0<\/p>\n","protected":false},"excerpt":{"rendered":"\u00a9 S. Krikorian &#8211; L&rsquo;\u00e9tat-major de la Flotille de r\u00e9serve c\u00f4ti\u00e8re M\u00e9diterran\u00e9e sera bas\u00e9 \u00e0 Toulon. Dix escouades&hellip;\n","protected":false},"author":2,"featured_media":447682,"comment_status":"","ping_status":"","sticky":false,"template":"","format":"standard","meta":{"footnotes":""},"categories":[9619],"tags":[1111,11,1777,674,1011,27,28430,12,882,25,2310],"class_list":{"0":"post-447681","1":"post","2":"type-post","3":"status-publish","4":"format-standard","5":"has-post-thumbnail","7":"category-toulon","8":"tag-actu","9":"tag-actualites","10":"tag-eu","11":"tag-europe","12":"tag-fr","13":"tag-france","14":"tag-mu00e9diterranu00e9e","15":"tag-news","16":"tag-provence-alpes-cote-dazur","17":"tag-republique-francaise","18":"tag-toulon"},"share_on_mastodon":{"url":"https:\/\/pubeurope.com\/@fr\/115339053810178159","error":""},"_links":{"self":[{"href":"https:\/\/www.europesays.com\/fr\/wp-json\/wp\/v2\/posts\/447681","targetHints":{"allow":["GET"]}}],"collection":[{"href":"https:\/\/www.europesays.com\/fr\/wp-json\/wp\/v2\/posts"}],"about":[{"href":"https:\/\/www.europesays.com\/fr\/wp-json\/wp\/v2\/types\/post"}],"author":[{"embeddable":true,"href":"https:\/\/www.europesays.com\/fr\/wp-json\/wp\/v2\/users\/2"}],"replies":[{"embeddable":true,"href":"https:\/\/www.europesays.com\/fr\/wp-json\/wp\/v2\/comments?post=447681"}],"version-history":[{"count":0,"href":"https:\/\/www.europesays.com\/fr\/wp-json\/wp\/v2\/posts\/447681\/revisions"}],"wp:featuredmedia":[{"embeddable":true,"href":"https:\/\/www.europesays.com\/fr\/wp-json\/wp\/v2\/media\/447682"}],"wp:attachment":[{"href":"https:\/\/www.europesays.com\/fr\/wp-json\/wp\/v2\/media?parent=447681"}],"wp:term":[{"taxonomy":"category","embeddable":true,"href":"https:\/\/www.europesays.com\/fr\/wp-json\/wp\/v2\/categories?post=447681"},{"taxonomy":"post_tag","embeddable":true,"href":"https:\/\/www.europesays.com\/fr\/wp-json\/wp\/v2\/tags?post=447681"}],"curies":[{"name":"wp","href":"https:\/\/api.w.org\/{rel}","templated":true}]}}