{"id":447689,"date":"2025-10-08T14:40:16","date_gmt":"2025-10-08T14:40:16","guid":{"rendered":"https:\/\/www.europesays.com\/fr\/447689\/"},"modified":"2025-10-08T14:40:16","modified_gmt":"2025-10-08T14:40:16","slug":"alcoolise-et-sans-permis-il-cree-un-petit-carambolage-et-fait-un-blesse","status":"publish","type":"post","link":"https:\/\/www.europesays.com\/fr\/447689\/","title":{"rendered":"alcoolis\u00e9 et sans permis, il cr\u00e9e un petit carambolage et fait un bless\u00e9"},"content":{"rendered":"<p>            Par<br \/>\n        <strong><br \/>\n            <a href=\"https:\/\/actu.fr\/auteur\/aurelien-delavaud\" title=\"Consulter tous les articles de Aur\u00e9lien Delavaud\" target=\"_blank\" rel=\"noopener\">Aur\u00e9lien Delavaud<\/a><br \/>\n        <\/strong><\/p>\n<p>        Publi\u00e9 le<\/p>\n<p>            8 oct. 2025 \u00e0 13h09        <\/p>\n<p>Il est environ 18 h 30, dans la soir\u00e9e du mardi 7 octobre 2025, lorsque la <b>police nationale<\/b> est appel\u00e9e sur un <b>accident de la circulation<\/b>, dans le centre-ville d\u2019<a href=\"https:\/\/actu.fr\/normandie\/elbeuf_76231\" target=\"_blank\" rel=\"noopener\">Elbeuf (Seine-Maritime)<\/a>.<\/p>\n<p class=\" wall-content\">Sur place, dans la<b> rue Jean-Jaur\u00e8s<\/b>, un axe majeur qui relie la place Fran\u00e7ois-Mitterand \u00e0 l\u2019un des deux ponts qui permettent de franchir la Seine, les policiers trouvent effectivement un accident impliquant trois v\u00e9hicules.<\/p>\n<p>Alcoolis\u00e9 et sans permis<\/p>\n<p class=\" wall-content\">Selon les premi\u00e8res constatations de la police, c\u2019est un conducteur qui a percut\u00e9 une autre voiture, provoquant un <b>petit carambolage<\/b>. Apr\u00e8s v\u00e9rifications, il appara\u00eet que cet homme de 42 ans circulait malgr\u00e9 un <b>permis annul\u00e9<\/b> et avec un <b>taux d\u2019alcool\u00e9mie de 0,96 mg<\/b> d\u2019alcool par litre d\u2019air expir\u00e9. Il a \u00e9t\u00e9 <b>interpell\u00e9<\/b>.<\/p>\n<p class=\" wall-content\">Dans les deux autres v\u00e9hicules, un homme qui se plaignait de douleur aux cervicales a \u00e9t\u00e9 transport\u00e9 par les secours vers l\u2019h\u00f4pital des Feugrais. La derni\u00e8re conductrice, une femme de 62 ans, est sortie indemne de l\u2019accident.<\/p>\n<p class=\" wall-content\">Personnalisez votre actualit\u00e9 en ajoutant vos villes et m\u00e9dias en favori avec <a href=\"https:\/\/moncompte.actu.fr\" title=\"D\u00e9couvez Mon Actu\" rel=\"nofollow noopener\" data-trk=\"{&quot;cta&quot;:{&quot;action&quot;:&quot;https:\\\/\\\/moncompte.actu.fr&quot;,&quot;category&quot;:&quot;mon compte&quot;,&quot;from&quot;:&quot;article footer&quot;,&quot;name&quot;:&quot;Mon actu&quot;,&quot;type&quot;:&quot;cta&quot;}}\" target=\"_blank\">Mon Actu<\/a>.<\/p>\n","protected":false},"excerpt":{"rendered":"Par Aur\u00e9lien Delavaud Publi\u00e9 le 8 oct. 2025 \u00e0 13h09 Il est environ 18 h 30, dans la&hellip;\n","protected":false},"author":2,"featured_media":447690,"comment_status":"","ping_status":"","sticky":false,"template":"","format":"standard","meta":{"footnotes":""},"categories":[9587],"tags":[119,1111,11,1777,674,118,1011,27,12,5161,1072,25,9590],"class_list":{"0":"post-447689","1":"post","2":"type-post","3":"status-publish","4":"format-standard","5":"has-post-thumbnail","7":"category-rouen","8":"tag-accident","9":"tag-actu","10":"tag-actualites","11":"tag-eu","12":"tag-europe","13":"tag-faits-divers","14":"tag-fr","15":"tag-france","16":"tag-news","17":"tag-normandie","18":"tag-police","19":"tag-republique-francaise","20":"tag-rouen"},"share_on_mastodon":{"url":"https:\/\/pubeurope.com\/@fr\/115339069032861693","error":""},"_links":{"self":[{"href":"https:\/\/www.europesays.com\/fr\/wp-json\/wp\/v2\/posts\/447689","targetHints":{"allow":["GET"]}}],"collection":[{"href":"https:\/\/www.europesays.com\/fr\/wp-json\/wp\/v2\/posts"}],"about":[{"href":"https:\/\/www.europesays.com\/fr\/wp-json\/wp\/v2\/types\/post"}],"author":[{"embeddable":true,"href":"https:\/\/www.europesays.com\/fr\/wp-json\/wp\/v2\/users\/2"}],"replies":[{"embeddable":true,"href":"https:\/\/www.europesays.com\/fr\/wp-json\/wp\/v2\/comments?post=447689"}],"version-history":[{"count":0,"href":"https:\/\/www.europesays.com\/fr\/wp-json\/wp\/v2\/posts\/447689\/revisions"}],"wp:featuredmedia":[{"embeddable":true,"href":"https:\/\/www.europesays.com\/fr\/wp-json\/wp\/v2\/media\/447690"}],"wp:attachment":[{"href":"https:\/\/www.europesays.com\/fr\/wp-json\/wp\/v2\/media?parent=447689"}],"wp:term":[{"taxonomy":"category","embeddable":true,"href":"https:\/\/www.europesays.com\/fr\/wp-json\/wp\/v2\/categories?post=447689"},{"taxonomy":"post_tag","embeddable":true,"href":"https:\/\/www.europesays.com\/fr\/wp-json\/wp\/v2\/tags?post=447689"}],"curies":[{"name":"wp","href":"https:\/\/api.w.org\/{rel}","templated":true}]}}