{"id":447691,"date":"2025-10-08T14:41:20","date_gmt":"2025-10-08T14:41:20","guid":{"rendered":"https:\/\/www.europesays.com\/fr\/447691\/"},"modified":"2025-10-08T14:41:20","modified_gmt":"2025-10-08T14:41:20","slug":"pres-de-grenoble-une-nouvelle-ecole-va-sortir-de-terre-dans-cette-commune-ce-que-lon-sait","status":"publish","type":"post","link":"https:\/\/www.europesays.com\/fr\/447691\/","title":{"rendered":"Pr\u00e8s de Grenoble. Une nouvelle \u00e9cole va sortir de terre dans cette commune : ce que l&rsquo;on sait"},"content":{"rendered":"<p>            Par<br \/>\n        <strong><br \/>\n            <a href=\"https:\/\/actu.fr\/auteur\/lisa-rodrigues\" title=\"Consulter tous les articles de Lisa Rodrigues\" target=\"_blank\" rel=\"noopener\">Lisa Rodrigues<\/a><br \/>\n        <\/strong><\/p>\n<p>        Publi\u00e9 le<\/p>\n<p>            8 oct. 2025 \u00e0 16h01        <\/p>\n<p><img decoding=\"async\" loading=\"lazy\" src=\"https:\/\/www.europesays.com\/fr\/wp-content\/uploads\/2025\/10\/ecole-fontaine-960x640.jpg\" alt=\"Le projet lanc\u00e9 en tout d\u00e9but de mandat par la municipalit\u00e9 de Fontaine avance. Une nouvelle \u00e9cole doit sortir de terre \u00e0 la place d'un autre \u00e9tablissement devenu trop v\u00e9tuste.\" width=\"960\" height=\"640\"\/>Le projet lanc\u00e9 en tout d\u00e9but de mandat par la municipalit\u00e9 de Fontaine avance. Une nouvelle \u00e9cole doit sortir de terre \u00e0 la place d\u2019un autre \u00e9tablissement devenu trop v\u00e9tuste. (\u00a9Ville de Fontaine)<\/p>\n<p class=\" wall-content\">Cela devrait \u00eatre l\u2019un des plus gros chantiers du prochain mandat \u00e0 Fontaine, pr\u00e8s de <a href=\"https:\/\/actu.fr\/auvergne-rhone-alpes\/grenoble_38185\" target=\"_blank\" rel=\"noopener\">Grenoble<\/a>. Dans son dernier magazine municipal, la mairie donne quelques pr\u00e9cisions concernant son <strong>projet de construction d\u2019un nouveau groupe scolaire<\/strong>, pour remplacer l\u2019\u00e9cole Robespierre devenue trop v\u00e9tuste.<\/p>\n<p class=\" wall-content\">L\u2019\u00e9tablissement doit enti\u00e8rement sortir de terre sous un nouveau nom choisi par les \u00e9l\u00e8ves, l\u2019\u00e9cole Rose-Valland. Voici ce que l\u2019on sait de ce projet.<\/p>\n<p>Une \u00e9cole \u00ab\u00a0\u00e0 haute qualit\u00e9 environnementale\u00a0\u00bb<\/p>\n<p class=\" wall-content\">Le cabinet d\u2019architecte pour le projet a d\u00e9j\u00e0 \u00e9t\u00e9 choisi \u2013 Dominique Coulon architectes, bas\u00e9 \u00e0 Strasbourg \u2013 et les plans valid\u00e9s par les enseignants et les \u00e9l\u00e8ves.<\/p>\n<p class=\" wall-content\">La mairie pr\u00e9voit ainsi une \u00e9cole qui \u00ab\u00a0sera b\u00e2tie en mat\u00e9riaux \u00e0 haute qualit\u00e9 environnementale\u00a0\u00bb, clame la municipalit\u00e9. Outre le respect des derni\u00e8res normes en la mati\u00e8re, le b\u00e2timent sera chauff\u00e9 par la g\u00e9othermie et l\u2019\u00e9lectricit\u00e9 produite par des panneaux photovolta\u00efques.\u00a0<\/p>\n<p class=\" wall-content\">De plus, un <strong>parvis v\u00e9g\u00e9talis\u00e9<\/strong> donnant sur l\u2019all\u00e9e de G\u00e8ve sera cr\u00e9\u00e9 et des espaces verts seront ajout\u00e9s par la suite autour de l\u2019\u00e9cole.<\/p>\n<p>    <a href=\"https:\/\/www.google.com\/maps\/embed?pb=!1m14!1m12!1m3!1d1987.8865049501048!2d5.687669404059658!3d45.201344298475625!2m3!1f0!2f0!3f0!3m2!1i1024!2i768!4f13.1!5e0!3m2!1sfr!2sfr!4v1759930589941!5m2!1sfr!2sfr\" title=\"Ouvrie le lien\" target=\"_blank\" rel=\"noopener\">Cliquez ici pour visualiser le contenu<\/a><\/p>\n<p>Votre r\u00e9gion, votre actu !<\/p>\n<p>Recevez chaque jour les infos qui comptent pour vous.<\/p>\n<p>\t<a href=\"https:\/\/actu.fr\/newsletter\" class=\"ac-btn ac-btn--corner ac-btn--medium ac-btn--blue800\" target=\"_blank\" rel=\"noopener\">S&rsquo;incrire<\/a><br \/>\nOuverture pas avant 2028<\/p>\n<p class=\" wall-content\">C\u00f4t\u00e9 chiffre, la Ville de <a href=\"https:\/\/actu.fr\/auvergne-rhone-alpes\/fontaine_38169\" target=\"_blank\" rel=\"noopener\">Fontaine<\/a> estime aujourd\u2019hui \u00e0 un peu plus de <strong>13 millions d\u2019euros<\/strong> le budget n\u00e9cessaire \u00e0 \u00ab\u00a0la construction des b\u00e2timents, des cours d\u2019\u00e9coles et du parvis v\u00e9g\u00e9talis\u00e9\u00a0\u00bb sur un terrain \u00e0 quelques m\u00e8tres \u00e0 peine de l\u2019\u00e9tablissement actuel, pr\u00e8s du gymnase.<\/p>\n<p class=\" wall-content\">D\u2019apr\u00e8s le calendrier pr\u00e9visionnel avanc\u00e9 par la municipalit\u00e9, le d\u00e9p\u00f4t de permis va \u00eatre d\u00e9pos\u00e9 courant novembre pour un <strong>d\u00e9but des travaux fin 2026<\/strong>, soit apr\u00e8s les municipales. Le chantier doit durer environ un an et demi pour accueillir les premiers \u00e9l\u00e8ves \u00e0 la rentr\u00e9e de septembre 2028.<\/p>\n<p class=\" wall-content\">\u00ab\u00a0L\u2019\u00e9tablissement comptera six classes de maternelle et dix classes \u00e9l\u00e9mentaires\u00a0\u00bb et pourra accueillir 435 enfants, indique la mairie.<\/p>\n<p class=\" wall-content\">Personnalisez votre actualit\u00e9 en ajoutant vos villes et m\u00e9dias en favori avec <a href=\"https:\/\/moncompte.actu.fr\" title=\"D\u00e9couvez Mon Actu\" rel=\"nofollow noopener\" data-trk=\"{&quot;cta&quot;:{&quot;action&quot;:&quot;https:\\\/\\\/moncompte.actu.fr&quot;,&quot;category&quot;:&quot;mon compte&quot;,&quot;from&quot;:&quot;article footer&quot;,&quot;name&quot;:&quot;Mon actu&quot;,&quot;type&quot;:&quot;cta&quot;}}\" target=\"_blank\">Mon Actu<\/a>.<\/p>\n","protected":false},"excerpt":{"rendered":"Par Lisa Rodrigues Publi\u00e9 le 8 oct. 2025 \u00e0 16h01 Le projet lanc\u00e9 en tout d\u00e9but de mandat&hellip;\n","protected":false},"author":2,"featured_media":447692,"comment_status":"","ping_status":"","sticky":false,"template":"","format":"standard","meta":{"footnotes":""},"categories":[9566],"tags":[1111,11,2430,4019,1777,674,1011,27,2731,12,25,104],"class_list":{"0":"post-447691","1":"post","2":"type-post","3":"status-publish","4":"format-standard","5":"has-post-thumbnail","7":"category-grenoble","8":"tag-actu","9":"tag-actualites","10":"tag-auvergne-rhone-alpes","11":"tag-ecoles","12":"tag-eu","13":"tag-europe","14":"tag-fr","15":"tag-france","16":"tag-grenoble","17":"tag-news","18":"tag-republique-francaise","19":"tag-societe"},"share_on_mastodon":{"url":"https:\/\/pubeurope.com\/@fr\/115339073425422542","error":""},"_links":{"self":[{"href":"https:\/\/www.europesays.com\/fr\/wp-json\/wp\/v2\/posts\/447691","targetHints":{"allow":["GET"]}}],"collection":[{"href":"https:\/\/www.europesays.com\/fr\/wp-json\/wp\/v2\/posts"}],"about":[{"href":"https:\/\/www.europesays.com\/fr\/wp-json\/wp\/v2\/types\/post"}],"author":[{"embeddable":true,"href":"https:\/\/www.europesays.com\/fr\/wp-json\/wp\/v2\/users\/2"}],"replies":[{"embeddable":true,"href":"https:\/\/www.europesays.com\/fr\/wp-json\/wp\/v2\/comments?post=447691"}],"version-history":[{"count":0,"href":"https:\/\/www.europesays.com\/fr\/wp-json\/wp\/v2\/posts\/447691\/revisions"}],"wp:featuredmedia":[{"embeddable":true,"href":"https:\/\/www.europesays.com\/fr\/wp-json\/wp\/v2\/media\/447692"}],"wp:attachment":[{"href":"https:\/\/www.europesays.com\/fr\/wp-json\/wp\/v2\/media?parent=447691"}],"wp:term":[{"taxonomy":"category","embeddable":true,"href":"https:\/\/www.europesays.com\/fr\/wp-json\/wp\/v2\/categories?post=447691"},{"taxonomy":"post_tag","embeddable":true,"href":"https:\/\/www.europesays.com\/fr\/wp-json\/wp\/v2\/tags?post=447691"}],"curies":[{"name":"wp","href":"https:\/\/api.w.org\/{rel}","templated":true}]}}