{"id":447695,"date":"2025-10-08T14:43:19","date_gmt":"2025-10-08T14:43:19","guid":{"rendered":"https:\/\/www.europesays.com\/fr\/447695\/"},"modified":"2025-10-08T14:43:19","modified_gmt":"2025-10-08T14:43:19","slug":"un-incendie-se-declare-dans-une-galerie-commerciale-le-marche-hebdomadaire-est-evacue","status":"publish","type":"post","link":"https:\/\/www.europesays.com\/fr\/447695\/","title":{"rendered":"un incendie se d\u00e9clare dans une galerie commerciale, le march\u00e9 hebdomadaire est \u00e9vacu\u00e9"},"content":{"rendered":"<p>            Par<br \/>\n        <strong><br \/>\n            <a href=\"https:\/\/actu.fr\/auteur\/laurene-fertin\" title=\"Consulter tous les articles de Laur\u00e8ne Fertin\" rel=\"nofollow noopener\" target=\"_blank\">Laur\u00e8ne Fertin<\/a><br \/>\n        <\/strong><\/p>\n<p>        Publi\u00e9 le<\/p>\n<p>            8 oct. 2025 \u00e0 13h07        <\/p>\n<p>Ce mercredi 8\u00a0octobre 2025, <strong>un incendie<\/strong> s\u2019est d\u00e9clar\u00e9 <strong>dans la galerie commerciale<\/strong> du bourg de la commune de <strong>Pac\u00e9,<\/strong> pr\u00e8s de Rennes (Ille-et-Vilaine).\u00a0<\/p>\n<p class=\" wall-content\">Selon nos informations, un panache de fum\u00e9e tr\u00e8s important a \u00e9t\u00e9 aper\u00e7u <strong>d\u00e8s 11h.<\/strong> Les commer\u00e7ants ambulants ont d\u00fb replier leur stand, alors que <strong>le march\u00e9<\/strong> se tenait <strong>place Saint-Melaine<\/strong>, comme tous les mercredis, de 8h30 \u00e0 12h30.<\/p>\n<p class=\" wall-content\">\n<p>Trois cellules commerciales touch\u00e9es<\/p>\n<p class=\" wall-content\"><strong>Les sapeurs-pompiers<\/strong> sont actuellement sur place pour \u00e9teindre l\u2019incendie. <strong>Le d\u00e9part de feu s\u2019est fait de la boucherie<\/strong>, puis s\u2019est propag\u00e9 par les combles \u00e0 une <strong>boulangerie attenante<\/strong> avant d\u2019atteindre un institut de beaut\u00e9.<\/p>\n<p class=\" wall-content\">\u00ab\u00a0C\u2019est, au total, <strong>trois cellules commerciales<\/strong> qui ont \u00e9t\u00e9 totalement br\u00fbl\u00e9es\u00a0\u00bb, indique le Commandant St\u00e9phane Picaut, \u00e0 la r\u00e9daction d\u2019actu Rennes. \u00ab\u00a0Les autres cellules ont \u00e9t\u00e9 prot\u00e9g\u00e9es \u2013 dont le carrefour City \u2013 au moyen de trois lances au sol ; dont une \u00e0 l\u2019int\u00e9rieur de la galerie, et deux, \u00e0 l\u2019ext\u00e9rieur de celle-ci.\u00a0\u00bb<\/p>\n<p class=\" wall-content\">Au total, <strong>40 sapeurs-pompiers<\/strong> ont \u00e9t\u00e9 mobilis\u00e9s au plus fort de l\u2019intervention. La situation est d\u00e9sormais<strong> \u00ab\u00a0sous contr\u00f4le\u00a0\u00bb. Les reconnaissances<\/strong> se poursuivent.<\/p>\n<p>Un point de regroupement des victimes<\/p>\n<p class=\" wall-content\"><strong>Le secteur<\/strong> est pour le moment <strong>boucl\u00e9,<\/strong> il n\u2019est pas possible d\u2019y circuler. <strong>L\u2019\u00e9lectricit\u00e9<\/strong> a par ailleurs \u00e9t\u00e9 <strong>coup\u00e9e.<\/strong> <a href=\"https:\/\/actu.fr\/bretagne\/pace_35210\/j-ai-senti-une-odeur-de-plastique-brule-stupeur-apres-l-incendie-de-la-galerie-commerciale-de-pace_63271257.html\" rel=\"nofollow noopener\" target=\"_blank\">Les riverains sont stup\u00e9faits<\/a>.\u00a0<\/p>\n<p>Votre r\u00e9gion, votre actu !<\/p>\n<p>Recevez chaque jour les infos qui comptent pour vous.<\/p>\n<p>\t<a href=\"https:\/\/actu.fr\/newsletter\" class=\"ac-btn ac-btn--corner ac-btn--medium ac-btn--blue800\" rel=\"nofollow noopener\" target=\"_blank\">S&rsquo;incrire<\/a><\/p>\n<p class=\" wall-content\"><strong>Un point de regroupement des victimes<\/strong> a \u00e9t\u00e9 mis en place, essentiellement pour les<strong> 70 commer\u00e7ants<\/strong> pr\u00e9sents sur le march\u00e9 afin de r\u00e9aliser <strong>des tests (prise de sang, prise de pouls) <\/strong>en raison <strong>d\u2019inhalation<\/strong> possible des<strong> fum\u00e9es.<\/strong><\/p>\n<p>    <img   decoding=\"async\" loading=\"lazy\" src=\"https:\/\/www.europesays.com\/fr\/wp-content\/uploads\/2025\/10\/whatsapp-image-2025-10-08-at-130514-960x640.jpg\" alt=\"08 octobre 2025&#10;\" width=\"960\" height=\"640\"\/><br \/>\n    Un point de regroupement des victimes a \u00e9t\u00e9 mis en place. (\u00a9Brian Le Goff \/ actu Rennes)<\/p>\n<p class=\" wall-content\"><strong>La gendarmerie<\/strong> appelle \u00e9galement \u00e0 la <strong>prudence<\/strong> car des \u00e9manations toxiques <strong>d\u2019amiante<\/strong> sont probables.<\/p>\n<p class=\" wall-content\">Joint par la r\u00e9daction d\u2019actu Rennes, <strong>Herv\u00e9 Depouez, maire<\/strong> de la commune, n\u2019est malheureusement pas sur place ce jour, \u00e9tant en d\u00e9placement.\u00a0<\/p>\n<p class=\" wall-content\">Personnalisez votre actualit\u00e9 en ajoutant vos villes et m\u00e9dias en favori avec <a href=\"https:\/\/moncompte.actu.fr\" title=\"D\u00e9couvez Mon Actu\" rel=\"nofollow noopener\" data-trk=\"{&quot;cta&quot;:{&quot;action&quot;:&quot;https:\\\/\\\/moncompte.actu.fr&quot;,&quot;category&quot;:&quot;mon compte&quot;,&quot;from&quot;:&quot;article footer&quot;,&quot;name&quot;:&quot;Mon actu&quot;,&quot;type&quot;:&quot;cta&quot;}}\" target=\"_blank\">Mon Actu<\/a>.<\/p>\n","protected":false},"excerpt":{"rendered":"Par Laur\u00e8ne Fertin Publi\u00e9 le 8 oct. 2025 \u00e0 13h07 Ce mercredi 8\u00a0octobre 2025, un incendie s\u2019est d\u00e9clar\u00e9&hellip;\n","protected":false},"author":2,"featured_media":447696,"comment_status":"","ping_status":"","sticky":false,"template":"","format":"standard","meta":{"footnotes":""},"categories":[2821],"tags":[1111,11,829,1777,674,118,1011,27,1310,12,1311,584,25],"class_list":{"0":"post-447695","1":"post","2":"type-post","3":"status-publish","4":"format-standard","5":"has-post-thumbnail","7":"category-rennes","8":"tag-actu","9":"tag-actualites","10":"tag-bretagne","11":"tag-eu","12":"tag-europe","13":"tag-faits-divers","14":"tag-fr","15":"tag-france","16":"tag-incendie","17":"tag-news","18":"tag-pompiers","19":"tag-rennes","20":"tag-republique-francaise"},"share_on_mastodon":{"url":"https:\/\/pubeurope.com\/@fr\/115339081579344058","error":""},"_links":{"self":[{"href":"https:\/\/www.europesays.com\/fr\/wp-json\/wp\/v2\/posts\/447695","targetHints":{"allow":["GET"]}}],"collection":[{"href":"https:\/\/www.europesays.com\/fr\/wp-json\/wp\/v2\/posts"}],"about":[{"href":"https:\/\/www.europesays.com\/fr\/wp-json\/wp\/v2\/types\/post"}],"author":[{"embeddable":true,"href":"https:\/\/www.europesays.com\/fr\/wp-json\/wp\/v2\/users\/2"}],"replies":[{"embeddable":true,"href":"https:\/\/www.europesays.com\/fr\/wp-json\/wp\/v2\/comments?post=447695"}],"version-history":[{"count":0,"href":"https:\/\/www.europesays.com\/fr\/wp-json\/wp\/v2\/posts\/447695\/revisions"}],"wp:featuredmedia":[{"embeddable":true,"href":"https:\/\/www.europesays.com\/fr\/wp-json\/wp\/v2\/media\/447696"}],"wp:attachment":[{"href":"https:\/\/www.europesays.com\/fr\/wp-json\/wp\/v2\/media?parent=447695"}],"wp:term":[{"taxonomy":"category","embeddable":true,"href":"https:\/\/www.europesays.com\/fr\/wp-json\/wp\/v2\/categories?post=447695"},{"taxonomy":"post_tag","embeddable":true,"href":"https:\/\/www.europesays.com\/fr\/wp-json\/wp\/v2\/tags?post=447695"}],"curies":[{"name":"wp","href":"https:\/\/api.w.org\/{rel}","templated":true}]}}