{"id":447718,"date":"2025-10-08T14:56:14","date_gmt":"2025-10-08T14:56:14","guid":{"rendered":"https:\/\/www.europesays.com\/fr\/447718\/"},"modified":"2025-10-08T14:56:14","modified_gmt":"2025-10-08T14:56:14","slug":"rencontrez-le-maire-et-ses-elus-prochaine-permanence-le-samedi-11-octobre","status":"publish","type":"post","link":"https:\/\/www.europesays.com\/fr\/447718\/","title":{"rendered":"Rencontrez le Maire et ses \u00e9lus : prochaine permanence le samedi 11 octobre !"},"content":{"rendered":"<p class=\"introduction\">Comme chaque mois, le Maire de Roubaix, Guillaume Delbar, et plusieurs \u00e9lus de la majorit\u00e9 se tiennent \u00e0 la disposition des habitants pour \u00e9changer sur leurs pr\u00e9occupations et leurs id\u00e9es. La prochaine permanence se tiendra le samedi 11 octobre 2025, de 9h \u00e0 12h, \u00e0 l\u2019H\u00f4tel de Ville de Roubaix.<\/p>\n<p data-pm-slice=\"1 1 []\">Cet \u00e9v\u00e9nement est une occasion privil\u00e9gi\u00e9e pour les Roubaisiens de poser leurs questions, faire part de leurs attentes et discuter des enjeux locaux directement avec leurs repr\u00e9sentants.<\/p>\n<p>Qui seront les \u00e9lus pr\u00e9sents ?<\/p>\n<p>Aux c\u00f4t\u00e9s de <strong>Guillaume Delbar<\/strong>, plusieurs membres de l\u2019\u00e9quipe municipale seront pr\u00e9sents pour r\u00e9pondre aux questions des habitants :<\/p>\n<ul>\n<li><strong>Luis Da Costa<\/strong>, adjoint au Maire en charge des commerces, des march\u00e9s, de l\u2019artisanat et de l\u2019animation commerciale.<\/li>\n<li><strong>Arnaud Verspieren<\/strong>, adjoint au Maire en charge de l\u2019immobilier \u00e9conomique, de l\u2019immobilier, de l\u2019action fonci\u00e8re et de la reconversion des friches.<\/li>\n<\/ul>\n<p>Comment prendre rendez-vous ?<\/p>\n<p>Les Roubaisiens souhaitant \u00e9changer avec le Maire ou l\u2019un(e) de ses adjoint(e)s doivent prendre rendez-vous \u00e0 l\u2019avance. Pour cela, plusieurs options sont possibles :<\/p>\n<p>Les rencontres peuvent avoir lieu <strong>sur place, \u00e0 l\u2019H\u00f4tel de Ville, ou \u00e0 distance<\/strong>, selon les pr\u00e9f\u00e9rences de chacun.<\/p>\n<p>Un engagement pour une ville \u00e0 l\u2019\u00e9coute<\/p>\n<p>Ces permanences mensuelles t\u00e9moignent de la volont\u00e9 de l\u2019\u00e9quipe municipale de renforcer le lien entre la Ville et ses habitants. C\u2019est un moment essentiel pour faire entendre sa voix et contribuer activement \u00e0 la vie locale.<\/p>\n","protected":false},"excerpt":{"rendered":"Comme chaque mois, le Maire de Roubaix, Guillaume Delbar, et plusieurs \u00e9lus de la majorit\u00e9 se tiennent \u00e0&hellip;\n","protected":false},"author":2,"featured_media":96396,"comment_status":"","ping_status":"","sticky":false,"template":"","format":"standard","meta":{"footnotes":""},"categories":[2815],"tags":[1111,11,1777,674,1011,27,811,1307,12,20993,25],"class_list":{"0":"post-447718","1":"post","2":"type-post","3":"status-publish","4":"format-standard","5":"has-post-thumbnail","7":"category-lille","8":"tag-actu","9":"tag-actualites","10":"tag-eu","11":"tag-europe","12":"tag-fr","13":"tag-france","14":"tag-hauts-de-france","15":"tag-lille","16":"tag-news","17":"tag-permanence","18":"tag-republique-francaise"},"share_on_mastodon":{"url":"https:\/\/pubeurope.com\/@fr\/115339131894528061","error":""},"_links":{"self":[{"href":"https:\/\/www.europesays.com\/fr\/wp-json\/wp\/v2\/posts\/447718","targetHints":{"allow":["GET"]}}],"collection":[{"href":"https:\/\/www.europesays.com\/fr\/wp-json\/wp\/v2\/posts"}],"about":[{"href":"https:\/\/www.europesays.com\/fr\/wp-json\/wp\/v2\/types\/post"}],"author":[{"embeddable":true,"href":"https:\/\/www.europesays.com\/fr\/wp-json\/wp\/v2\/users\/2"}],"replies":[{"embeddable":true,"href":"https:\/\/www.europesays.com\/fr\/wp-json\/wp\/v2\/comments?post=447718"}],"version-history":[{"count":0,"href":"https:\/\/www.europesays.com\/fr\/wp-json\/wp\/v2\/posts\/447718\/revisions"}],"wp:featuredmedia":[{"embeddable":true,"href":"https:\/\/www.europesays.com\/fr\/wp-json\/wp\/v2\/media\/96396"}],"wp:attachment":[{"href":"https:\/\/www.europesays.com\/fr\/wp-json\/wp\/v2\/media?parent=447718"}],"wp:term":[{"taxonomy":"category","embeddable":true,"href":"https:\/\/www.europesays.com\/fr\/wp-json\/wp\/v2\/categories?post=447718"},{"taxonomy":"post_tag","embeddable":true,"href":"https:\/\/www.europesays.com\/fr\/wp-json\/wp\/v2\/tags?post=447718"}],"curies":[{"name":"wp","href":"https:\/\/api.w.org\/{rel}","templated":true}]}}