{"id":447738,"date":"2025-10-08T15:08:11","date_gmt":"2025-10-08T15:08:11","guid":{"rendered":"https:\/\/www.europesays.com\/fr\/447738\/"},"modified":"2025-10-08T15:08:11","modified_gmt":"2025-10-08T15:08:11","slug":"marches-en-bref-defense-russie-guerre-commerciale-vin-gaz-finance","status":"publish","type":"post","link":"https:\/\/www.europesays.com\/fr\/447738\/","title":{"rendered":"March\u00e9s, en bref\u00a0: d\u00e9fense, Russie, guerre commerciale, vin, gaz, finance"},"content":{"rendered":"<p><strong>D\u00e9fense\u00a0<\/strong>:\u00a0 Les Vingt-Sept ont approuv\u00e9 la proposition du Conseil visant \u00e0 <strong>int\u00e9grer dans le budget de l\u2019UE les incitations \u00e0 investir dans la d\u00e9fense<\/strong> afin de mettre en \u0153uvre le programme de renforcement des capacit\u00e9s militaires ReArm Europe. \u00a0Pour ce faire, la position du Conseil vise \u00e0 modifier les r\u00e9glementations du programme Europe num\u00e9rique, d\u2019Horizon Europe, du Fonds europ\u00e9en de D\u00e9fense, de la facilit\u00e9 Connecting Europe et de la plateforme Strat\u00e9gie Technologies pour l\u2019Europe (STEP). Le Conseil va d\u00e9sormais entamer des n\u00e9gociations avec le Parlement europ\u00e9en pour parvenir \u00e0 <strong>un accord avant la fin de l\u2019ann\u00e9e<\/strong>.<\/p>\n<p><strong>Russie<\/strong>\u00a0: <strong>CMA-CGM<\/strong> serait en train d\u2019organiser son retour sur le march\u00e9 russe, selon <strong><a href=\"https:\/\/www.mediapart.fr\/journal\/economie-et-social\/071025\/le-milliardaire-rodolphe-saade-amorce-secretement-le-retour-de-cma-cgm-en-russie\" target=\"_blank\" rel=\"noopener\">une enqu\u00eate de M\u00e9diapart<\/a><\/strong> publi\u00e9e le 7 octobre. Deux repr\u00e9sentants de l\u2019entreprises ont en effet rencontr\u00e9 mi-septembre \u00e0 Saint-P\u00e9tersbourg \u00ab\u00a0des partenaires potentiels pour amorcer secr\u00e8tement le retour de l\u2019armateur\u00a0\u00bb en Russie, dont il s\u2019\u00e9tait retir\u00e9 apr\u00e8s le d\u00e9but de la guerre en Ukraine. L\u2019entreprise a confirm\u00e9 ce d\u00e9placement et l\u2019a justifi\u00e9 par la visite sur place d\u2019un bureau \u00ab\u00a0en sommeil\u00a0\u00bb depuis plus de trois ans.<\/p>\n<p><strong>Guerre commerciale\u00a0: <\/strong>A compter du 1er novembre<strong>, les Etats-Unis <\/strong>imposeront <strong>des droits de douane de 25 % sur les importations de camions<\/strong> (poids lourds et poids moyens). Les v\u00e9hicules concern\u00e9s incluent les camions de livraison, les camions-bennes, les camions de services publics, les bus de transport en commun, les navettes, les bus scolaires, les poids lourds avec remorque ainsi que les semi-remorques et les v\u00e9hicules professionnels lourds.<\/p>\n<p><strong>Vin\u00a0: <\/strong>Malgr\u00e9 un contexte international difficile et la mise en place des nouveaux droits de douane aux Etats-Unis, les vins de <strong>Bourgogne<\/strong> tirent leur \u00e9pingle du jeu \u00e0 l\u2019export. Sur les sept premiers mois de l\u2019ann\u00e9e, les ventes \u00e0 l\u2019international ont en effet progress\u00e9 <strong>de 5,6 % en volume et de 2,7 % en valeur<\/strong> selon le Bureau interprofessionnel des vins de Bourgogne (BIVB). Alors que cinq pays constituent depuis 15 ans les principaux march\u00e9s (Etats-Unis, Royaume-Uni, Canada, Japon et Belgique). Depuis janvier, les 3 principaux pays conservent leurs places tandis que la <strong>Su\u00e8de<\/strong> acc\u00e8de \u00e0 la 4e place, alors que le Japon en sort, au profit de la <strong>Belgique<\/strong> qui fait son retour.<\/p>\n<p><strong>Gaz\u00a0: <\/strong>La demande en gaz est appel\u00e9e \u00e0 fortement progresser en Asie, notamment <strong>en Inde<\/strong>, relate une note de Global Sovereign Advisory (GSA).<strong> Dans ce pays, elle pourrait cro\u00eetre de 60 % d\u2019ici \u00e0 2030 pour d\u00e9passer 100 millions de m3<\/strong>, tir\u00e9e par l\u2019urbanisation, l\u2019\u00e9lectricit\u00e9 et la production d\u2019engrais. Dans l\u2019ASEAN, elle pourrait augmenter de 19 % d\u2019ici 2030 et jusqu\u2019\u00e0 64 % d\u2019ici 2050. La production diminuant, la r\u00e9gion deviendrait importatrice nette autour de 2030. Mais m\u00eame dans ces r\u00e9gions, le poids du charbon, le d\u00e9veloppement rapide des renouvelables, et le d\u00e9ploiement lent d\u2019infrastructures gazi\u00e8res, un doute sur les perspectives \u00e0 long terme du gaz naturel, temp\u00e8re GSA.<\/p>\n<p><strong>Finance<\/strong>\u00a0: <strong>L\u2019Islande<\/strong> est le pays qui compte <strong>le plus d\u2019entreprises milliardaires<\/strong> par million d\u2019habitants (6 pour 15,5 millions de personnes), selon une \u00e9tude de la plateforme Bestbrokers qui a recens\u00e9 dans le monde 5 623 de ces entreprises ayant une capitalisation boursi\u00e8re d\u2019au moins un milliard de dollars. Viennent ensuite la Suisse, la Su\u00e8de, Isra\u00ebl, la Norv\u00e8ge, le Qatar, l\u2019Irlande, le Danemark, le Canada, l\u2019Australie, les Emirats arabes unis, la Finlande, le Koweit et les Etats-Unis qui r\u00e9unissent \u00e0 eux-seuls pr\u00e8s d\u2019un tiers de ces soci\u00e9t\u00e9s.<\/p>\n<p>\u00a0<\/p>\n","protected":false},"excerpt":{"rendered":"D\u00e9fense\u00a0:\u00a0 Les Vingt-Sept ont approuv\u00e9 la proposition du Conseil visant \u00e0 int\u00e9grer dans le budget de l\u2019UE les&hellip;\n","protected":false},"author":2,"featured_media":447739,"comment_status":"","ping_status":"","sticky":false,"template":"","format":"standard","meta":{"footnotes":""},"categories":[1591],"tags":[11,554,1887,590,843,1074,635,12,1885,1886,132,1662],"class_list":{"0":"post-447738","1":"post","2":"type-post","3":"status-publish","4":"format-standard","5":"has-post-thumbnail","7":"category-russie","8":"tag-actualites","9":"tag-defense","10":"tag-federation-de-russie","11":"tag-finance","12":"tag-gaz","13":"tag-guerre-commerciale","14":"tag-marches","15":"tag-news","16":"tag-russia","17":"tag-russian-federation","18":"tag-russie","19":"tag-vin"},"share_on_mastodon":{"url":"https:\/\/pubeurope.com\/@fr\/115339178998765020","error":""},"_links":{"self":[{"href":"https:\/\/www.europesays.com\/fr\/wp-json\/wp\/v2\/posts\/447738","targetHints":{"allow":["GET"]}}],"collection":[{"href":"https:\/\/www.europesays.com\/fr\/wp-json\/wp\/v2\/posts"}],"about":[{"href":"https:\/\/www.europesays.com\/fr\/wp-json\/wp\/v2\/types\/post"}],"author":[{"embeddable":true,"href":"https:\/\/www.europesays.com\/fr\/wp-json\/wp\/v2\/users\/2"}],"replies":[{"embeddable":true,"href":"https:\/\/www.europesays.com\/fr\/wp-json\/wp\/v2\/comments?post=447738"}],"version-history":[{"count":0,"href":"https:\/\/www.europesays.com\/fr\/wp-json\/wp\/v2\/posts\/447738\/revisions"}],"wp:featuredmedia":[{"embeddable":true,"href":"https:\/\/www.europesays.com\/fr\/wp-json\/wp\/v2\/media\/447739"}],"wp:attachment":[{"href":"https:\/\/www.europesays.com\/fr\/wp-json\/wp\/v2\/media?parent=447738"}],"wp:term":[{"taxonomy":"category","embeddable":true,"href":"https:\/\/www.europesays.com\/fr\/wp-json\/wp\/v2\/categories?post=447738"},{"taxonomy":"post_tag","embeddable":true,"href":"https:\/\/www.europesays.com\/fr\/wp-json\/wp\/v2\/tags?post=447738"}],"curies":[{"name":"wp","href":"https:\/\/api.w.org\/{rel}","templated":true}]}}