{"id":447760,"date":"2025-10-08T15:20:11","date_gmt":"2025-10-08T15:20:11","guid":{"rendered":"https:\/\/www.europesays.com\/fr\/447760\/"},"modified":"2025-10-08T15:20:11","modified_gmt":"2025-10-08T15:20:11","slug":"lafrique-du-sud-lance-les-hostilites-avant-le-match-contre-le-xv-de-france","status":"publish","type":"post","link":"https:\/\/www.europesays.com\/fr\/447760\/","title":{"rendered":"l\u2019Afrique du Sud lance les hostilit\u00e9s avant le match contre le XV de France"},"content":{"rendered":"<p><strong>LE SCAN SPORT &#8211;<\/strong> Un mois avant les retrouvailles volcaniques entre le XV de France et l\u2019Afrique du Sud, les Springboks ont chambr\u00e9 les Bleus en republiant une action qui avait fait beaucoup parler lors de la derni\u00e8re Coupe du monde.<\/p>\n<p class=\"fig-paragraph\">Les\u00a0<a href=\"http:\/\/www.lefigaro.fr\/sports\/rugby\/rugby-championship-en-video-le-resume-de-la-victoire-des-springboks-sur-les-pumas-pour-decrocher-le-titre-20251004\" target=\"_blank\" data-fig-type=\"NewsFlash\" rel=\"sponsored noopener\" data-gtm-custom-categorie=\"navigation\" data-gtm-custom-action=\"crossclick\" data-gtm-custom-label=\"Contextuel\" data-gtm-event=\"customEventSPE\" data-fig-domain=\"LEFIGARO\">Springboks<\/a>\u00a0font leur retour au Stade de France. Dans pile un mois, les doubles champions du monde en titre sud-africains vont affronter le\u00a0<a href=\"http:\/\/www.lefigaro.fr\/sports\/rugby\/deces-de-christophe-dominici-une-enquete-lancee-apres-la-plainte-de-sa-veuve-20251006\" target=\"_blank\" data-fig-type=\"Article\" rel=\"sponsored noopener\" data-gtm-custom-categorie=\"navigation\" data-gtm-custom-action=\"crossclick\" data-gtm-custom-label=\"Contextuel\" data-gtm-event=\"customEventSPE\" data-fig-domain=\"LEFIGARO\">XV de France<\/a>\u00a0\u00e0 Saint-Denis. Une opposition qui aura des parfums de revanche. Le 15 octobre 2023, dans cette m\u00eame enceinte, les co\u00e9quipiers de l\u2019intenable\u00a0<a href=\"http:\/\/www.lefigaro.fr\/sports\/rugby\/cheslin-kolbe-les-sungoliaths-de-tokyo-me-rappellent-toulouse-20250513\" target=\"_blank\" data-fig-type=\"Article\" rel=\"sponsored noopener\" data-gtm-custom-categorie=\"navigation\" data-gtm-custom-action=\"crossclick\" data-gtm-custom-label=\"Contextuel\" data-gtm-event=\"customEventSPE\" data-fig-domain=\"LEFIGARO\">Cheslin Kolbe<\/a>\u00a0avaient d\u00e9truit le r\u00eave des joueurs de\u00a0<a href=\"http:\/\/www.lefigaro.fr\/sports\/rugby\/top-14\/rugby-si-c-etait-a-refaire-je-ferais-differemment-reconnait-fabien-galthie-apres-les-violentes-critiques-de-fred-quercy-20251008\" target=\"_blank\" data-fig-type=\"NewsFlash\" rel=\"sponsored noopener\" data-gtm-custom-categorie=\"navigation\" data-gtm-custom-action=\"crossclick\" data-gtm-custom-label=\"Contextuel\" data-gtm-event=\"customEventSPE\" data-fig-domain=\"LEFIGARO\">Fabien Galthi\u00e9<\/a>\u00a0en s\u2019imposant in extremis en\u00a0<a href=\"http:\/\/www.lefigaro.fr\/sports\/rugby\/coupe-du-monde\/coupe-du-monde-de-rugby-battus-par-l-afrique-du-sud-les-bleus-s-arretent-en-quarts-20231015\" data-fig-type=\"NewsFlash\" data-gtm-custom-categorie=\"navigation\" data-gtm-custom-action=\"crossclick\" data-gtm-custom-label=\"Contextuel\" data-gtm-event=\"customEventSPE\" data-fig-domain=\"LEFIGARO\" target=\"_blank\" rel=\"noopener\">quarts de finale de la Coupe du monde 2023<\/a>\u00a0(28-29). Pr\u00e8s de deux ans plus tard, alors que certaines plaies ne sont pas encore referm\u00e9es chez les supporters fran\u00e7ais, l\u2019Afrique du Sud a lanc\u00e9 les hostilit\u00e9s en publiant une action qui avait fait couler beaucoup d\u2019encre \u00e0 l\u2019\u00e9poque.<\/p>\n<p class=\"fig-paragraph\">Cheslin Kolbe, l\u2019ancien arri\u00e8re ou ailier du\u00a0<a href=\"http:\/\/www.lefigaro.fr\/sports\/rugby\/top-14\/top-14-stade-toulousain-retrouver-l-envie-d-avoir-envie-20250926\" target=\"_blank\" data-fig-type=\"Article\" rel=\"sponsored noopener\" data-gtm-custom-categorie=\"navigation\" data-gtm-custom-action=\"crossclick\" data-gtm-custom-label=\"Contextuel\" data-gtm-event=\"customEventSPE\" data-fig-domain=\"LEFIGARO\">Stade Toulousain\u00a0<\/a>et du\u00a0<a href=\"http:\/\/www.lefigaro.fr\/sports\/rugby\/top-14\/top-14-recrues-et-prolongations-de-contrat-le-rc-toulon-devoile-les-contours-de-son-mercato-20250707\" target=\"_blank\" data-fig-type=\"NewsFlash\" rel=\"sponsored noopener\" data-gtm-custom-categorie=\"navigation\" data-gtm-custom-action=\"crossclick\" data-gtm-custom-label=\"Contextuel\" data-gtm-event=\"customEventSPE\" data-fig-domain=\"LEFIGARO\">RC Toulon,<\/a>\u00a0avait en effet contr\u00e9 la transformation de Thomas Ramos&#8230; du jamais vu ou presque \u00e0 ce niveau de la comp\u00e9tition. Selon beaucoup d\u2019observateurs et de spectateurs, le Springbok s\u2019\u00e9tait \u00e9lanc\u00e9 avant que l\u2019arri\u00e8re des Bleus ne d\u00e9bute sa course de frappe&#8230; D\u2019autres nombreux faits de jeu, \u00e0 l\u2019image du \u00abpotentiel\u00bb en-avant volontaire d\u2019<a href=\"http:\/\/www.lefigaro.fr\/sports\/rugby\/la-rencontre-insolite-entre-la-legende-francaise-thierry-henry-et-le-rugbymen-sud-africain-eben-etzebeth-20251006\" target=\"_blank\" data-fig-type=\"NewsFlash\" rel=\"sponsored noopener\" data-gtm-custom-categorie=\"navigation\" data-gtm-custom-action=\"crossclick\" data-gtm-custom-label=\"Contextuel\" data-gtm-event=\"customEventSPE\" data-fig-domain=\"LEFIGARO\">Eben Etzebeth<\/a>, avaient \u00e9maill\u00e9 la rencontre et frustr\u00e9 les spectateurs du Stade de France qui esp\u00e8rent bien que les Bleus prennent leur revanche face aux Springboks le 8 novembre.<\/p>\n","protected":false},"excerpt":{"rendered":"LE SCAN SPORT &#8211; Un mois avant les retrouvailles volcaniques entre le XV de France et l\u2019Afrique du&hellip;\n","protected":false},"author":2,"featured_media":447761,"comment_status":"","ping_status":"","sticky":false,"template":"","format":"standard","meta":{"footnotes":""},"categories":[1416],"tags":[1011,27,4977,479,1468,60,21067,8541],"class_list":{"0":"post-447760","1":"post","2":"type-post","3":"status-publish","4":"format-standard","5":"has-post-thumbnail","7":"category-rugby","8":"tag-fr","9":"tag-france","10":"tag-le-scan-sport","11":"tag-rugby","12":"tag-rugby-football","13":"tag-sports","14":"tag-springboks","15":"tag-thomas-ramos"},"share_on_mastodon":{"url":"https:\/\/pubeurope.com\/@fr\/115339226226299622","error":""},"_links":{"self":[{"href":"https:\/\/www.europesays.com\/fr\/wp-json\/wp\/v2\/posts\/447760","targetHints":{"allow":["GET"]}}],"collection":[{"href":"https:\/\/www.europesays.com\/fr\/wp-json\/wp\/v2\/posts"}],"about":[{"href":"https:\/\/www.europesays.com\/fr\/wp-json\/wp\/v2\/types\/post"}],"author":[{"embeddable":true,"href":"https:\/\/www.europesays.com\/fr\/wp-json\/wp\/v2\/users\/2"}],"replies":[{"embeddable":true,"href":"https:\/\/www.europesays.com\/fr\/wp-json\/wp\/v2\/comments?post=447760"}],"version-history":[{"count":0,"href":"https:\/\/www.europesays.com\/fr\/wp-json\/wp\/v2\/posts\/447760\/revisions"}],"wp:featuredmedia":[{"embeddable":true,"href":"https:\/\/www.europesays.com\/fr\/wp-json\/wp\/v2\/media\/447761"}],"wp:attachment":[{"href":"https:\/\/www.europesays.com\/fr\/wp-json\/wp\/v2\/media?parent=447760"}],"wp:term":[{"taxonomy":"category","embeddable":true,"href":"https:\/\/www.europesays.com\/fr\/wp-json\/wp\/v2\/categories?post=447760"},{"taxonomy":"post_tag","embeddable":true,"href":"https:\/\/www.europesays.com\/fr\/wp-json\/wp\/v2\/tags?post=447760"}],"curies":[{"name":"wp","href":"https:\/\/api.w.org\/{rel}","templated":true}]}}