{"id":447762,"date":"2025-10-08T15:21:10","date_gmt":"2025-10-08T15:21:10","guid":{"rendered":"https:\/\/www.europesays.com\/fr\/447762\/"},"modified":"2025-10-08T15:21:10","modified_gmt":"2025-10-08T15:21:10","slug":"apres-une-saison-compliquee-lamericain-frances-tiafoe-se-retire-des-derniers-tournois-de-lannee-lequipe","status":"publish","type":"post","link":"https:\/\/www.europesays.com\/fr\/447762\/","title":{"rendered":"Apr\u00e8s une saison compliqu\u00e9e, l&#039;Am\u00e9ricain Frances Tiafoe se retire des derniers tournois de l&#039;ann\u00e9e &#8211; L&#039;\u00c9quipe"},"content":{"rendered":"<ol>\n<li><a href=\"https:\/\/news.google.com\/rss\/articles\/CBMi3wFBVV95cUxNN2x6SERCaXNxeDJ6UXFndlc2Y2pMSWpyeXZUNDJ3Wm1YZF9IQ2JZaWhyTEJ4QmltT1NpajBEelRWOGJWWUdYWm1lTFh4UzRyb0VKNzlvOVliby1QTkRQZUtqdDBzNlBObXFOeFNFN0JOTlVzUU5VbFpRMFY1czdtbE9YMkNfckZzcE1oTG5lNjRwd0dTTEZGdjQtc2t2UEk1ZjJES3lfZ1ZjX2FuTDNlRGZsb2llSlJPeEtzZTRXYkM1c1otUjZ1REFBdm5kRFFsZTR3UGNuMVktRG56alFB?oc=5\" target=\"_blank\" rel=\"nofollow noopener\">Apr\u00e8s une saison compliqu\u00e9e, l&rsquo;Am\u00e9ricain Frances Tiafoe se retire des derniers tournois de l&rsquo;ann\u00e9e<\/a>&nbsp;&nbsp;L&rsquo;\u00c9quipe<\/li>\n<li><a href=\"https:\/\/news.google.com\/rss\/articles\/CBMiowFBVV95cUxNRWg3T1Z1OGV4VDNfU2JocjRtdThPLTRVU1FjNTV3amRvdmdhcFplNjZ2aktKUU9IM3E4TTJrNG1CaU5DVXhPZ2lPYVVRdXBsOXJxdmJRYzczajB4c2IxdHNtVGVkTjBiVE5HZWpxd20wUXNQakVpWGFjRjBWcDE1VWtYS0VzazZoMk1udzVaaUhvaGNkSzJsblZ2UXlUeW9QekdB?oc=5\" target=\"_blank\" rel=\"nofollow noopener\">Tennis. Moselle Open : Frances Tiafoe ne viendra pas \u00e0 Metz<\/a>&nbsp;&nbsp;Le Republicain Lorrain<\/li>\n<li><a href=\"https:\/\/news.google.com\/rss\/articles\/CBMisgFBVV95cUxNWjBjbFFGUG9lT1ZNMEhUXzE0TGRERi1UUFc4R05kSEJwWUU4enVsVFhlMzNaeXhoZmYtUVJpUGxiVGMtY1hmQnlOLUc2bURWZjV0QW9xOE16ZUZvS0d6YXlRUW1sNWk1a0VuZ2VIMk52SGhPSmM5QVRIVzdMbDM3REowUFJ4M1ZLWFBCOFMzYXl5TDBKaENwVktzVmJyR0FmYlNnMTliWnZkemxVWlc4YWZ30gGyAUFVX3lxTE43Vnlua3ladmVJMkF6aE1pMUMtcVM4TURuNDhCX2FEbmp2WFlrSnBnd0NwMkN5SVZNQkJkYVE5SVg2cDVCb1VqOE5FVFRqLVJneEpRT081eHJlMV9majdabFp5ZDB1bHoyR1dpU2pGMWJ1aVN2ZFd5c0s4VW02QzhfZlBubkNqTmV2NDY5UzROdzZPSVk4SmptQUZRcDZtWnBUb203MHhmbTFNMWZnUTRMMEE?oc=5\" target=\"_blank\" rel=\"nofollow noopener\">ATP: En crise de confiance, Frances Tiafoe a d\u00e9coch\u00e9 tous ses tournois&#8230;<\/a>&nbsp;&nbsp;Tennis Actu TV<\/li>\n<li><a href=\"https:\/\/news.google.com\/rss\/articles\/CBMigwFBVV95cUxPUUozUFBvYTZPMkRMUHlQMGJsTjVFa3M1c3ZoUEg4ZXktTGtpSFVJM1ZYZF9CemlYMDF2Z3pQeFVTZkl1dU1mZW8zQmpiRTlGeTJ5V05tSUZvNmdGV0UxNHhWVEFaR2VuNU9iQnhRYTgxdk1yVU5NdlpVNkw4bFFYaFhKTQ?oc=5\" target=\"_blank\" rel=\"nofollow noopener\">Tiafoe se retire des tournois de Vienne et Paris<\/a>&nbsp;&nbsp;Tennis Temple<\/li>\n<li><a href=\"https:\/\/news.google.com\/rss\/articles\/CBMijAFBVV95cUxOM1dTOVBoLVN2aXRxanRFblA1clFHRFc0Y1pHNWluT2tidHJfYjZuWVB6UXh6dUNXeVBCcVhqcDQtTzhZMTd2SjhVTmtyM0tfdkpaSi00WW0yMkpQMDhienlvNXd3UTJqWmpkNEFpTDBCRmZROXdjaVl4dmt2VUtqb1duTkFsd05iQ2VkMg?oc=5\" target=\"_blank\" rel=\"nofollow noopener\">Pronostic Frances Tiafoe &#8211; Yannick Hanfmann<\/a>&nbsp;&nbsp;RueDesJoueurs<\/li>\n<\/ol>\n","protected":false},"excerpt":{"rendered":"Apr\u00e8s une saison compliqu\u00e9e, l&rsquo;Am\u00e9ricain Frances Tiafoe se retire des derniers tournois de l&rsquo;ann\u00e9e&nbsp;&nbsp;L&rsquo;\u00c9quipe Tennis. Moselle Open :&hellip;\n","protected":false},"author":2,"featured_media":447763,"comment_status":"","ping_status":"","sticky":false,"template":"","format":"standard","meta":{"footnotes":""},"categories":[1415],"tags":[1011,27,60,1467],"class_list":{"0":"post-447762","1":"post","2":"type-post","3":"status-publish","4":"format-standard","5":"has-post-thumbnail","7":"category-tennis","8":"tag-fr","9":"tag-france","10":"tag-sports","11":"tag-tennis"},"share_on_mastodon":{"url":"https:\/\/pubeurope.com\/@fr\/115339230086108674","error":""},"_links":{"self":[{"href":"https:\/\/www.europesays.com\/fr\/wp-json\/wp\/v2\/posts\/447762","targetHints":{"allow":["GET"]}}],"collection":[{"href":"https:\/\/www.europesays.com\/fr\/wp-json\/wp\/v2\/posts"}],"about":[{"href":"https:\/\/www.europesays.com\/fr\/wp-json\/wp\/v2\/types\/post"}],"author":[{"embeddable":true,"href":"https:\/\/www.europesays.com\/fr\/wp-json\/wp\/v2\/users\/2"}],"replies":[{"embeddable":true,"href":"https:\/\/www.europesays.com\/fr\/wp-json\/wp\/v2\/comments?post=447762"}],"version-history":[{"count":0,"href":"https:\/\/www.europesays.com\/fr\/wp-json\/wp\/v2\/posts\/447762\/revisions"}],"wp:featuredmedia":[{"embeddable":true,"href":"https:\/\/www.europesays.com\/fr\/wp-json\/wp\/v2\/media\/447763"}],"wp:attachment":[{"href":"https:\/\/www.europesays.com\/fr\/wp-json\/wp\/v2\/media?parent=447762"}],"wp:term":[{"taxonomy":"category","embeddable":true,"href":"https:\/\/www.europesays.com\/fr\/wp-json\/wp\/v2\/categories?post=447762"},{"taxonomy":"post_tag","embeddable":true,"href":"https:\/\/www.europesays.com\/fr\/wp-json\/wp\/v2\/tags?post=447762"}],"curies":[{"name":"wp","href":"https:\/\/api.w.org\/{rel}","templated":true}]}}